{"id":715918,"date":"2024-04-26T17:23:31","date_gmt":"2024-04-26T13:23:31","guid":{"rendered":"https:\/\/arantv.az\/?p=715918"},"modified":"2024-04-26T17:23:31","modified_gmt":"2024-04-26T13:23:31","slug":"prezident-az%c9%99rbaycan-avropa-ucun-uzun-ill%c9%99r-bundan-sonra-da-%c9%99h%c9%99miyy%c9%99tli-t%c9%99r%c9%99fdas-kimi-olacaq","status":"publish","type":"post","link":"https:\/\/arantv.az\/?p=715918","title":{"rendered":"Prezident: \u201cAz\u0259rbaycan Avropa \u00fc\u00e7\u00fcn uzun ill\u0259r bundan sonra da \u0259h\u0259miyy\u0259tli t\u0259r\u0259fda\u015f kimi olacaq\u201d"},"content":{"rendered":"<p>\u201cAvropada t\u0259bii qaza &#8211; yeni m\u0259nb\u0259l\u0259rd\u0259n olan qaza t\u0259l\u0259b art\u0131r. \u018fg\u0259r 2021-ci ild\u0259 biz Avropa \u0130ttifaq\u0131 \u00f6lk\u0259l\u0259rin\u0259 8 milyard kubmetr qaz t\u0259chiz etmi\u015fdiks\u0259, bu il bu r\u0259q\u0259m 12 milyarda \u00e7at\u0131b. Biz \u0259lav\u0259 s\u0259rmay\u0259 qoyuruq, \u0259lav\u0259 v\u0259sait ay\u0131r\u0131r\u0131q ki, Avropa \u00f6lk\u0259l\u0259rini bu m\u0259s\u0259l\u0259d\u0259 d\u0259st\u0259kl\u0259y\u0259k\u201d.<\/p>\n<p><a href=\"https:\/\/azertag.az\/xeber\/prezident_ilham_eliyev_azerbaycan_avropa_uchun_uzun_iller_bundan_sonra_da_ehemiyyetli_terefdas_kimi_olacaq-2976802\" target=\"_blank\" rel=\"noopener\">AZ\u018fRTAC<\/a>\u00a0x\u0259b\u0259r verir ki, bu fikri Az\u0259rbaycan Prezidenti\u00a0<strong>\u0130lham \u018fliyev<\/strong>\u00a0aprelin 26-da Berlind\u0259 Almaniyan\u0131n Kansleri Olaf \u015eolts il\u0259 birg\u0259 m\u0259tbuat konfrans\u0131nda deyib.<\/p>\n<p>\u201cBel\u0259likl\u0259, h\u0259m \u0259n\u0259n\u0259vi enerji n\u00f6vl\u0259ri, eyni zamanda, b\u0259rpa olunan enerji n\u00f6vl\u0259ri il\u0259 z\u0259ngin olan Az\u0259rbaycan Avropa \u00fc\u00e7\u00fcn uzun ill\u0259r bundan sonra \u0259h\u0259miyy\u0259tli t\u0259r\u0259fda\u015f kimi olacaqd\u0131r\u201d, &#8211; dey\u0259 d\u00f6vl\u0259timizin ba\u015f\u00e7\u0131s\u0131 bildirib.<\/p>\n","protected":false},"excerpt":{"rendered":"<p>\u201cAvropada t\u0259bii qaza &#8211; yeni m\u0259nb\u0259l\u0259rd\u0259n olan qaza t\u0259l\u0259b art\u0131r. \u018fg\u0259r 2021-ci ild\u0259 biz Avropa \u0130ttifaq\u0131 \u00f6lk\u0259l\u0259rin\u0259 8 milyard kubmetr qaz t\u0259chiz etmi\u015fdiks\u0259, bu il bu r\u0259q\u0259m 12 milyarda \u00e7at\u0131b. Biz \u0259lav\u0259 s\u0259rmay\u0259 qoyuruq, \u0259lav\u0259 v\u0259sait ay\u0131r\u0131r\u0131q ki, Avropa \u00f6lk\u0259l\u0259rini bu m\u0259s\u0259l\u0259d\u0259 d\u0259st\u0259kl\u0259y\u0259k\u201d. AZ\u018fRTAC\u00a0x\u0259b\u0259r verir ki, bu fikri Az\u0259rbaycan Prezidenti\u00a0\u0130lham \u018fliyev\u00a0aprelin 26-da Berlind\u0259 Almaniyan\u0131n Kansleri Olaf \u015eolts il\u0259 birg\u0259 m\u0259tbuat konfrans\u0131nda deyib. \u201cBel\u0259likl\u0259, h\u0259m \u0259n\u0259n\u0259vi enerji n\u00f6vl\u0259ri, eyni zamanda, b\u0259rpa olunan enerji n\u00f6vl\u0259ri il\u0259 z\u0259ngin olan Az\u0259rbaycan Avropa \u00fc\u00e7\u00fcn uzun ill\u0259r bundan sonra \u0259h\u0259miyy\u0259tli t\u0259r\u0259fda\u015f kimi olacaqd\u0131r\u201d, &#8211; dey\u0259 d\u00f6vl\u0259timizin&hellip;<\/p>\n","protected":false},"author":2,"featured_media":715919,"comment_status":"closed","ping_status":"closed","sticky":false,"template":"","format":"standard","meta":{"om_disable_all_campaigns":false,"_monsterinsights_skip_tracking":false,"_monsterinsights_sitenote_active":false,"_monsterinsights_sitenote_note":"","_monsterinsights_sitenote_category":0},"categories":[4],"tags":[],"aioseo_notices":[],"gutentor_comment":0,"rttpg_featured_image_url":{"full":["https:\/\/arantv.az\/wp-content\/uploads\/2024\/04\/4-2.jpg",620,413,false],"landscape":["https:\/\/arantv.az\/wp-content\/uploads\/2024\/04\/4-2.jpg",620,413,false],"portraits":["https:\/\/arantv.az\/wp-content\/uploads\/2024\/04\/4-2.jpg",620,413,false],"thumbnail":["https:\/\/arantv.az\/wp-content\/uploads\/2024\/04\/4-2-500x280.jpg",500,280,true],"medium":["https:\/\/arantv.az\/wp-content\/uploads\/2024\/04\/4-2-548x365.jpg",548,365,true],"large":["https:\/\/arantv.az\/wp-content\/uploads\/2024\/04\/4-2.jpg",620,413,false],"1536x1536":["https:\/\/arantv.az\/wp-content\/uploads\/2024\/04\/4-2.jpg",620,413,false],"2048x2048":["https:\/\/arantv.az\/wp-content\/uploads\/2024\/04\/4-2.jpg",620,413,false],"post-thumbnail":["https:\/\/arantv.az\/wp-content\/uploads\/2024\/04\/4-2-240x172.jpg",240,172,true],"advps-thumb-one":["https:\/\/arantv.az\/wp-content\/uploads\/2024\/04\/4-2.jpg",620,413,false]},"rttpg_author":{"display_name":"V\u00fcsal Rafiqo\u011flu","author_link":"https:\/\/arantv.az\/?author=2"},"rttpg_comment":0,"rttpg_category":"<a href=\"https:\/\/arantv.az\/?cat=4\" rel=\"category\">Siyas\u0259t<\/a>","rttpg_excerpt":"\u201cAvropada t\u0259bii qaza &#8211; yeni m\u0259nb\u0259l\u0259rd\u0259n olan qaza t\u0259l\u0259b art\u0131r. \u018fg\u0259r 2021-ci ild\u0259 biz Avropa \u0130ttifaq\u0131 \u00f6lk\u0259l\u0259rin\u0259 8 milyard kubmetr qaz t\u0259chiz etmi\u015fdiks\u0259, bu il bu r\u0259q\u0259m 12 milyarda \u00e7at\u0131b. Biz \u0259lav\u0259 s\u0259rmay\u0259 qoyuruq, \u0259lav\u0259 v\u0259sait ay\u0131r\u0131r\u0131q ki, Avropa \u00f6lk\u0259l\u0259rini bu m\u0259s\u0259l\u0259d\u0259 d\u0259st\u0259kl\u0259y\u0259k\u201d. AZ\u018fRTAC\u00a0x\u0259b\u0259r verir ki, bu fikri Az\u0259rbaycan Prezidenti\u00a0\u0130lham \u018fliyev\u00a0aprelin 26-da Berlind\u0259 Almaniyan\u0131n Kansleri&hellip;","_links":{"self":[{"href":"https:\/\/arantv.az\/index.php?rest_route=\/wp\/v2\/posts\/715918"}],"collection":[{"href":"https:\/\/arantv.az\/index.php?rest_route=\/wp\/v2\/posts"}],"about":[{"href":"https:\/\/arantv.az\/index.php?rest_route=\/wp\/v2\/types\/post"}],"author":[{"embeddable":true,"href":"https:\/\/arantv.az\/index.php?rest_route=\/wp\/v2\/users\/2"}],"replies":[{"embeddable":true,"href":"https:\/\/arantv.az\/index.php?rest_route=%2Fwp%2Fv2%2Fcomments&post=715918"}],"version-history":[{"count":0,"href":"https:\/\/arantv.az\/index.php?rest_route=\/wp\/v2\/posts\/715918\/revisions"}],"wp:featuredmedia":[{"embeddable":true,"href":"https:\/\/arantv.az\/index.php?rest_route=\/wp\/v2\/media\/715919"}],"wp:attachment":[{"href":"https:\/\/arantv.az\/index.php?rest_route=%2Fwp%2Fv2%2Fmedia&parent=715918"}],"wp:term":[{"taxonomy":"category","embeddable":true,"href":"https:\/\/arantv.az\/index.php?rest_route=%2Fwp%2Fv2%2Fcategories&post=715918"},{"taxonomy":"post_tag","embeddable":true,"href":"https:\/\/arantv.az\/index.php?rest_route=%2Fwp%2Fv2%2Ftags&post=715918"}],"curies":[{"name":"wp","href":"https:\/\/api.w.org\/{rel}","templated":true}]}}