{"id":715921,"date":"2024-04-26T17:24:17","date_gmt":"2024-04-26T13:24:17","guid":{"rendered":"https:\/\/arantv.az\/?p=715921"},"modified":"2024-04-26T17:24:17","modified_gmt":"2024-04-26T13:24:17","slug":"ilham-%c9%99liyev-cop29-qarsidurma-arenasi-olmayacaq","status":"publish","type":"post","link":"https:\/\/arantv.az\/?p=715921","title":{"rendered":"\u0130lham \u018fliyev: \u201cCOP29 qar\u015f\u0131durma arenas\u0131 olmayacaq\u201d"},"content":{"rendered":"<p>\u201cNeft v\u0259 qazla z\u0259ngin olan \u00f6lk\u0259l\u0259r haqq\u0131nda hans\u0131sa mifl\u0259r yarad\u0131lmamal\u0131d\u0131r. Bu \u00f6lk\u0259l\u0259r iqlim m\u0259s\u0259l\u0259l\u0259rinin h\u0259lli \u00fc\u00e7\u00fcn \u00e7ox b\u00f6y\u00fck s\u0259yl\u0259r g\u00f6st\u0259rmi\u015fdir. Bu g\u00fcn B\u018f\u018f Az\u0259rbaycan v\u0259 Braziliya troyka \u015f\u0259klind\u0259 f\u0259aliyy\u0259t g\u00f6st\u0259rir\u201d.<\/p>\n<p><a href=\"https:\/\/azertag.az\/xeber\/prezident_ilham_eliyev_cop29_qarsidurma_arenasi_olmayacaq-2976795\" target=\"_blank\" rel=\"noopener\">AZ\u018fRTAC<\/a>\u00a0x\u0259b\u0259r verir ki, bu fikirl\u0259ri Az\u0259rbaycan Prezidenti\u00a0<strong>\u0130lham \u018fliyev<\/strong>\u00a0aprelin 26-da Berlind\u0259 Almaniyan\u0131n Kansleri Olaf \u015eolts il\u0259 birg\u0259 m\u0259tbuat konfrans\u0131nda s\u0259sl\u0259ndirib.<\/p>\n<p>Bu \u00f6lk\u0259l\u0259rin \u0259ld\u0259 olunmu\u015f g\u0259lirl\u0259rin ya\u015f\u0131l enerjiy\u0259 s\u0259rf edilm\u0259si istiqam\u0259td\u0259 add\u0131mlar\u0131n atd\u0131qlar\u0131n\u0131 vur\u011fulayan d\u00f6vl\u0259timizin ba\u015f\u00e7\u0131s\u0131 deyib:<\/p>\n<p>\u201cCOP29 qar\u015f\u0131durma arenas\u0131 olmayacaq. Az\u0259rbaycan ev sahibi kimi k\u00f6rp\u00fcl\u0259r yaradacaq. Az\u0259rbaycan Q\u0259rbl\u0259 Qlobal C\u0259nub aras\u0131nda k\u00f6rp\u00fc rolunu oynamaq fikrind\u0259dir, o c\u00fcml\u0259d\u0259n ya\u015f\u0131l enerjiy\u0259 ke\u00e7id v\u0259 iqlim d\u0259yi\u015fikliyi il\u0259 ba\u011fl\u0131\u201d.<\/p>\n","protected":false},"excerpt":{"rendered":"<p>\u201cNeft v\u0259 qazla z\u0259ngin olan \u00f6lk\u0259l\u0259r haqq\u0131nda hans\u0131sa mifl\u0259r yarad\u0131lmamal\u0131d\u0131r. Bu \u00f6lk\u0259l\u0259r iqlim m\u0259s\u0259l\u0259l\u0259rinin h\u0259lli \u00fc\u00e7\u00fcn \u00e7ox b\u00f6y\u00fck s\u0259yl\u0259r g\u00f6st\u0259rmi\u015fdir. Bu g\u00fcn B\u018f\u018f Az\u0259rbaycan v\u0259 Braziliya troyka \u015f\u0259klind\u0259 f\u0259aliyy\u0259t g\u00f6st\u0259rir\u201d. AZ\u018fRTAC\u00a0x\u0259b\u0259r verir ki, bu fikirl\u0259ri Az\u0259rbaycan Prezidenti\u00a0\u0130lham \u018fliyev\u00a0aprelin 26-da Berlind\u0259 Almaniyan\u0131n Kansleri Olaf \u015eolts il\u0259 birg\u0259 m\u0259tbuat konfrans\u0131nda s\u0259sl\u0259ndirib. Bu \u00f6lk\u0259l\u0259rin \u0259ld\u0259 olunmu\u015f g\u0259lirl\u0259rin ya\u015f\u0131l enerjiy\u0259 s\u0259rf edilm\u0259si istiqam\u0259td\u0259 add\u0131mlar\u0131n atd\u0131qlar\u0131n\u0131 vur\u011fulayan d\u00f6vl\u0259timizin ba\u015f\u00e7\u0131s\u0131 deyib: \u201cCOP29 qar\u015f\u0131durma arenas\u0131 olmayacaq. Az\u0259rbaycan ev sahibi kimi k\u00f6rp\u00fcl\u0259r yaradacaq. Az\u0259rbaycan Q\u0259rbl\u0259 Qlobal C\u0259nub aras\u0131nda k\u00f6rp\u00fc rolunu oynamaq fikrind\u0259dir, o c\u00fcml\u0259d\u0259n ya\u015f\u0131l enerjiy\u0259 ke\u00e7id v\u0259&hellip;<\/p>\n","protected":false},"author":2,"featured_media":715922,"comment_status":"closed","ping_status":"closed","sticky":false,"template":"","format":"standard","meta":{"om_disable_all_campaigns":false,"_monsterinsights_skip_tracking":false,"_monsterinsights_sitenote_active":false,"_monsterinsights_sitenote_note":"","_monsterinsights_sitenote_category":0},"categories":[4],"tags":[],"aioseo_notices":[],"gutentor_comment":0,"rttpg_featured_image_url":{"full":["https:\/\/arantv.az\/wp-content\/uploads\/2024\/04\/3-5.jpg",620,413,false],"landscape":["https:\/\/arantv.az\/wp-content\/uploads\/2024\/04\/3-5.jpg",620,413,false],"portraits":["https:\/\/arantv.az\/wp-content\/uploads\/2024\/04\/3-5.jpg",620,413,false],"thumbnail":["https:\/\/arantv.az\/wp-content\/uploads\/2024\/04\/3-5-500x280.jpg",500,280,true],"medium":["https:\/\/arantv.az\/wp-content\/uploads\/2024\/04\/3-5-548x365.jpg",548,365,true],"large":["https:\/\/arantv.az\/wp-content\/uploads\/2024\/04\/3-5.jpg",620,413,false],"1536x1536":["https:\/\/arantv.az\/wp-content\/uploads\/2024\/04\/3-5.jpg",620,413,false],"2048x2048":["https:\/\/arantv.az\/wp-content\/uploads\/2024\/04\/3-5.jpg",620,413,false],"post-thumbnail":["https:\/\/arantv.az\/wp-content\/uploads\/2024\/04\/3-5-240x172.jpg",240,172,true],"advps-thumb-one":["https:\/\/arantv.az\/wp-content\/uploads\/2024\/04\/3-5.jpg",620,413,false]},"rttpg_author":{"display_name":"V\u00fcsal Rafiqo\u011flu","author_link":"https:\/\/arantv.az\/?author=2"},"rttpg_comment":0,"rttpg_category":"<a href=\"https:\/\/arantv.az\/?cat=4\" rel=\"category\">Siyas\u0259t<\/a>","rttpg_excerpt":"\u201cNeft v\u0259 qazla z\u0259ngin olan \u00f6lk\u0259l\u0259r haqq\u0131nda hans\u0131sa mifl\u0259r yarad\u0131lmamal\u0131d\u0131r. Bu \u00f6lk\u0259l\u0259r iqlim m\u0259s\u0259l\u0259l\u0259rinin h\u0259lli \u00fc\u00e7\u00fcn \u00e7ox b\u00f6y\u00fck s\u0259yl\u0259r g\u00f6st\u0259rmi\u015fdir. Bu g\u00fcn B\u018f\u018f Az\u0259rbaycan v\u0259 Braziliya troyka \u015f\u0259klind\u0259 f\u0259aliyy\u0259t g\u00f6st\u0259rir\u201d. AZ\u018fRTAC\u00a0x\u0259b\u0259r verir ki, bu fikirl\u0259ri Az\u0259rbaycan Prezidenti\u00a0\u0130lham \u018fliyev\u00a0aprelin 26-da Berlind\u0259 Almaniyan\u0131n Kansleri Olaf \u015eolts il\u0259 birg\u0259 m\u0259tbuat konfrans\u0131nda s\u0259sl\u0259ndirib. Bu \u00f6lk\u0259l\u0259rin \u0259ld\u0259 olunmu\u015f g\u0259lirl\u0259rin ya\u015f\u0131l&hellip;","_links":{"self":[{"href":"https:\/\/arantv.az\/index.php?rest_route=\/wp\/v2\/posts\/715921"}],"collection":[{"href":"https:\/\/arantv.az\/index.php?rest_route=\/wp\/v2\/posts"}],"about":[{"href":"https:\/\/arantv.az\/index.php?rest_route=\/wp\/v2\/types\/post"}],"author":[{"embeddable":true,"href":"https:\/\/arantv.az\/index.php?rest_route=\/wp\/v2\/users\/2"}],"replies":[{"embeddable":true,"href":"https:\/\/arantv.az\/index.php?rest_route=%2Fwp%2Fv2%2Fcomments&post=715921"}],"version-history":[{"count":0,"href":"https:\/\/arantv.az\/index.php?rest_route=\/wp\/v2\/posts\/715921\/revisions"}],"wp:featuredmedia":[{"embeddable":true,"href":"https:\/\/arantv.az\/index.php?rest_route=\/wp\/v2\/media\/715922"}],"wp:attachment":[{"href":"https:\/\/arantv.az\/index.php?rest_route=%2Fwp%2Fv2%2Fmedia&parent=715921"}],"wp:term":[{"taxonomy":"category","embeddable":true,"href":"https:\/\/arantv.az\/index.php?rest_route=%2Fwp%2Fv2%2Fcategories&post=715921"},{"taxonomy":"post_tag","embeddable":true,"href":"https:\/\/arantv.az\/index.php?rest_route=%2Fwp%2Fv2%2Ftags&post=715921"}],"curies":[{"name":"wp","href":"https:\/\/api.w.org\/{rel}","templated":true}]}}