{"id":715933,"date":"2024-04-26T17:26:27","date_gmt":"2024-04-26T13:26:27","guid":{"rendered":"https:\/\/arantv.az\/?p=715933"},"modified":"2024-04-26T17:26:27","modified_gmt":"2024-04-26T13:26:27","slug":"ilham-%c9%99liyev-az%c9%99rbaycan-il%c9%99-erm%c9%99nistan-arasinda-ged%c9%99n-sulh-danisiqlarini-yuks%c9%99k-qiym%c9%99tl%c9%99ndiririk","status":"publish","type":"post","link":"https:\/\/arantv.az\/?p=715933","title":{"rendered":"\u0130lham \u018fliyev: \u201cAz\u0259rbaycan il\u0259 Erm\u0259nistan aras\u0131nda ged\u0259n s\u00fclh dan\u0131\u015f\u0131qlar\u0131n\u0131 y\u00fcks\u0259k qiym\u0259tl\u0259ndiririk\u201d"},"content":{"rendered":"<p>\u201cBiz Az\u0259rbaycan il\u0259 Erm\u0259nistan aras\u0131nda ged\u0259n s\u00fclh dan\u0131\u015f\u0131qlar\u0131n\u0131 y\u00fcks\u0259k qiym\u0259tl\u0259ndiririk\u201d.<\/p>\n<p><a href=\"https:\/\/azertag.az\/xeber\/prezident_ilham_eliyev_azerbaycan_ile_ermenistan_arasinda_geden_sulh_danisiqlarini_yuksek_qiymetlendiririk-2976769\" target=\"_blank\" rel=\"noopener\">AZ\u018fRTAC<\/a>\u00a0x\u0259b\u0259r verir ki, bu fikri Az\u0259rbaycan Prezidenti\u00a0<strong>\u0130lham \u018fliyev<\/strong>\u00a0aprelin 26-da Berlind\u0259 Almaniyan\u0131n Kansleri Olaf \u015eolts il\u0259 birg\u0259 m\u0259tbuat konfrans\u0131nda deyib.<\/p>\n<p>Kansler Olaf \u015eoltsun d\u0259v\u0259ti il\u0259 Az\u0259rbaycan\u0131n v\u0259 Erm\u0259nistan\u0131n xarici i\u015fl\u0259r nazirl\u0259rinin bu yax\u0131nlarda Almaniyada g\u00f6r\u00fc\u015fd\u00fckl\u0259rini xat\u0131rladan d\u00f6vl\u0259timizin ba\u015f\u00e7\u0131s\u0131 bildirib:<\/p>\n<p>\u201cN\u00f6vb\u0259ti g\u00f6r\u00fc\u015f Qazax\u0131standa planla\u015fd\u0131r\u0131lacaq v\u0259 bel\u0259likl\u0259, s\u00fclh sazi\u015finin imzalanmas\u0131na do\u011fru biz \u0259lav\u0259 add\u0131mlar at\u0131r\u0131q\u201d.<\/p>\n","protected":false},"excerpt":{"rendered":"<p>\u201cBiz Az\u0259rbaycan il\u0259 Erm\u0259nistan aras\u0131nda ged\u0259n s\u00fclh dan\u0131\u015f\u0131qlar\u0131n\u0131 y\u00fcks\u0259k qiym\u0259tl\u0259ndiririk\u201d. AZ\u018fRTAC\u00a0x\u0259b\u0259r verir ki, bu fikri Az\u0259rbaycan Prezidenti\u00a0\u0130lham \u018fliyev\u00a0aprelin 26-da Berlind\u0259 Almaniyan\u0131n Kansleri Olaf \u015eolts il\u0259 birg\u0259 m\u0259tbuat konfrans\u0131nda deyib. Kansler Olaf \u015eoltsun d\u0259v\u0259ti il\u0259 Az\u0259rbaycan\u0131n v\u0259 Erm\u0259nistan\u0131n xarici i\u015fl\u0259r nazirl\u0259rinin bu yax\u0131nlarda Almaniyada g\u00f6r\u00fc\u015fd\u00fckl\u0259rini xat\u0131rladan d\u00f6vl\u0259timizin ba\u015f\u00e7\u0131s\u0131 bildirib: \u201cN\u00f6vb\u0259ti g\u00f6r\u00fc\u015f Qazax\u0131standa planla\u015fd\u0131r\u0131lacaq v\u0259 bel\u0259likl\u0259, s\u00fclh sazi\u015finin imzalanmas\u0131na do\u011fru biz \u0259lav\u0259 add\u0131mlar at\u0131r\u0131q\u201d.<\/p>\n","protected":false},"author":2,"featured_media":715934,"comment_status":"closed","ping_status":"closed","sticky":false,"template":"","format":"standard","meta":{"om_disable_all_campaigns":false,"_monsterinsights_skip_tracking":false,"_monsterinsights_sitenote_active":false,"_monsterinsights_sitenote_note":"","_monsterinsights_sitenote_category":0},"categories":[4],"tags":[],"aioseo_notices":[],"gutentor_comment":0,"rttpg_featured_image_url":{"full":["https:\/\/arantv.az\/wp-content\/uploads\/2024\/04\/17048858852337648841_1200x630-2.jpg",620,413,false],"landscape":["https:\/\/arantv.az\/wp-content\/uploads\/2024\/04\/17048858852337648841_1200x630-2.jpg",620,413,false],"portraits":["https:\/\/arantv.az\/wp-content\/uploads\/2024\/04\/17048858852337648841_1200x630-2.jpg",620,413,false],"thumbnail":["https:\/\/arantv.az\/wp-content\/uploads\/2024\/04\/17048858852337648841_1200x630-2-500x280.jpg",500,280,true],"medium":["https:\/\/arantv.az\/wp-content\/uploads\/2024\/04\/17048858852337648841_1200x630-2-548x365.jpg",548,365,true],"large":["https:\/\/arantv.az\/wp-content\/uploads\/2024\/04\/17048858852337648841_1200x630-2.jpg",620,413,false],"1536x1536":["https:\/\/arantv.az\/wp-content\/uploads\/2024\/04\/17048858852337648841_1200x630-2.jpg",620,413,false],"2048x2048":["https:\/\/arantv.az\/wp-content\/uploads\/2024\/04\/17048858852337648841_1200x630-2.jpg",620,413,false],"post-thumbnail":["https:\/\/arantv.az\/wp-content\/uploads\/2024\/04\/17048858852337648841_1200x630-2-240x172.jpg",240,172,true],"advps-thumb-one":["https:\/\/arantv.az\/wp-content\/uploads\/2024\/04\/17048858852337648841_1200x630-2.jpg",620,413,false]},"rttpg_author":{"display_name":"V\u00fcsal Rafiqo\u011flu","author_link":"https:\/\/arantv.az\/?author=2"},"rttpg_comment":0,"rttpg_category":"<a href=\"https:\/\/arantv.az\/?cat=4\" rel=\"category\">Siyas\u0259t<\/a>","rttpg_excerpt":"\u201cBiz Az\u0259rbaycan il\u0259 Erm\u0259nistan aras\u0131nda ged\u0259n s\u00fclh dan\u0131\u015f\u0131qlar\u0131n\u0131 y\u00fcks\u0259k qiym\u0259tl\u0259ndiririk\u201d. AZ\u018fRTAC\u00a0x\u0259b\u0259r verir ki, bu fikri Az\u0259rbaycan Prezidenti\u00a0\u0130lham \u018fliyev\u00a0aprelin 26-da Berlind\u0259 Almaniyan\u0131n Kansleri Olaf \u015eolts il\u0259 birg\u0259 m\u0259tbuat konfrans\u0131nda deyib. Kansler Olaf \u015eoltsun d\u0259v\u0259ti il\u0259 Az\u0259rbaycan\u0131n v\u0259 Erm\u0259nistan\u0131n xarici i\u015fl\u0259r nazirl\u0259rinin bu yax\u0131nlarda Almaniyada g\u00f6r\u00fc\u015fd\u00fckl\u0259rini xat\u0131rladan d\u00f6vl\u0259timizin ba\u015f\u00e7\u0131s\u0131 bildirib: \u201cN\u00f6vb\u0259ti g\u00f6r\u00fc\u015f Qazax\u0131standa planla\u015fd\u0131r\u0131lacaq v\u0259 bel\u0259likl\u0259, s\u00fclh&hellip;","_links":{"self":[{"href":"https:\/\/arantv.az\/index.php?rest_route=\/wp\/v2\/posts\/715933"}],"collection":[{"href":"https:\/\/arantv.az\/index.php?rest_route=\/wp\/v2\/posts"}],"about":[{"href":"https:\/\/arantv.az\/index.php?rest_route=\/wp\/v2\/types\/post"}],"author":[{"embeddable":true,"href":"https:\/\/arantv.az\/index.php?rest_route=\/wp\/v2\/users\/2"}],"replies":[{"embeddable":true,"href":"https:\/\/arantv.az\/index.php?rest_route=%2Fwp%2Fv2%2Fcomments&post=715933"}],"version-history":[{"count":0,"href":"https:\/\/arantv.az\/index.php?rest_route=\/wp\/v2\/posts\/715933\/revisions"}],"wp:featuredmedia":[{"embeddable":true,"href":"https:\/\/arantv.az\/index.php?rest_route=\/wp\/v2\/media\/715934"}],"wp:attachment":[{"href":"https:\/\/arantv.az\/index.php?rest_route=%2Fwp%2Fv2%2Fmedia&parent=715933"}],"wp:term":[{"taxonomy":"category","embeddable":true,"href":"https:\/\/arantv.az\/index.php?rest_route=%2Fwp%2Fv2%2Fcategories&post=715933"},{"taxonomy":"post_tag","embeddable":true,"href":"https:\/\/arantv.az\/index.php?rest_route=%2Fwp%2Fv2%2Ftags&post=715933"}],"curies":[{"name":"wp","href":"https:\/\/api.w.org\/{rel}","templated":true}]}}