{"id":715939,"date":"2024-04-26T17:28:10","date_gmt":"2024-04-26T13:28:10","guid":{"rendered":"https:\/\/arantv.az\/?p=715939"},"modified":"2024-04-26T17:28:10","modified_gmt":"2024-04-26T13:28:10","slug":"az%c9%99rbaycan-prezidenti-artiq-6-min-kecmis-kockun-oz-d%c9%99d%c9%99-baba-torpagina-qayidib","status":"publish","type":"post","link":"https:\/\/arantv.az\/?p=715939","title":{"rendered":"Az\u0259rbaycan Prezidenti: \u201cArt\u0131q 6 min ke\u00e7mi\u015f k\u00f6\u00e7k\u00fcn \u00f6z d\u0259d\u0259-baba torpa\u011f\u0131na qay\u0131d\u0131b\u201d"},"content":{"rendered":"<p>\u201cM\u00fcharib\u0259d\u0259n c\u0259mi 3 il yar\u0131m vaxt ke\u00e7ib, art\u0131q 6 min ke\u00e7mi\u015f k\u00f6\u00e7k\u00fcn \u00f6z d\u0259d\u0259-baba torpa\u011f\u0131na qay\u0131d\u0131b v\u0259 bu proses davam etdirilir\u201d.<\/p>\n<p><a href=\"https:\/\/azertag.az\/xeber\/azerbaycan_prezidenti_artiq_6_min_kechmis_kochkun_oz_dede_baba_torpagina_qayidib-2976768\" target=\"_blank\" rel=\"noopener\">AZ\u018fRTAC<\/a>\u00a0x\u0259b\u0259r verir ki, bu s\u00f6zl\u0259ri Az\u0259rbaycan Prezidenti\u00a0<strong>\u0130lham \u018fliyev<\/strong>\u00a0aprelin 26-da Berlind\u0259 Almaniyan\u0131n Kansleri Olaf \u015eolts il\u0259 birg\u0259 m\u0259tbuat konfrans\u0131nda deyib.<\/p>\n<p>Bu ilin sonuna q\u0259d\u0259r 20 min m\u0259cburi k\u00f6\u00e7k\u00fcn\u00fcn do\u011fma yurduna qay\u0131daca\u011f\u0131n\u0131 bildir\u0259n d\u00f6vl\u0259timizin ba\u015f\u00e7\u0131s\u0131 qeyd edib ki, qay\u0131dan h\u0259r insan Az\u0259rbaycan Ordusuna, Az\u0259rbaycan r\u0259hb\u0259rliyin\u0259 minn\u0259tdarl\u0131q hissi il\u0259, \u015f\u0259hidl\u0259rimiz\u0259 Allahdan r\u0259hm\u0259t dil\u0259y\u0259r\u0259k qay\u0131d\u0131r. Bu, \u00fcmumxalq m\u0259s\u0259l\u0259sidir.<\/p>\n<p>\u201cTorpaqlar\u0131m\u0131z\u0131n azad edilm\u0259si nec\u0259 \u00fcmumxalq m\u0259s\u0259l\u0259si idis\u0259, torpaqlar\u0131n b\u0259rpa olunmas\u0131 da \u00fcmumxalq m\u0259s\u0259l\u0259sidir\u201d, &#8211; dey\u0259 Prezident bildirib.<\/p>\n","protected":false},"excerpt":{"rendered":"<p>\u201cM\u00fcharib\u0259d\u0259n c\u0259mi 3 il yar\u0131m vaxt ke\u00e7ib, art\u0131q 6 min ke\u00e7mi\u015f k\u00f6\u00e7k\u00fcn \u00f6z d\u0259d\u0259-baba torpa\u011f\u0131na qay\u0131d\u0131b v\u0259 bu proses davam etdirilir\u201d. AZ\u018fRTAC\u00a0x\u0259b\u0259r verir ki, bu s\u00f6zl\u0259ri Az\u0259rbaycan Prezidenti\u00a0\u0130lham \u018fliyev\u00a0aprelin 26-da Berlind\u0259 Almaniyan\u0131n Kansleri Olaf \u015eolts il\u0259 birg\u0259 m\u0259tbuat konfrans\u0131nda deyib. Bu ilin sonuna q\u0259d\u0259r 20 min m\u0259cburi k\u00f6\u00e7k\u00fcn\u00fcn do\u011fma yurduna qay\u0131daca\u011f\u0131n\u0131 bildir\u0259n d\u00f6vl\u0259timizin ba\u015f\u00e7\u0131s\u0131 qeyd edib ki, qay\u0131dan h\u0259r insan Az\u0259rbaycan Ordusuna, Az\u0259rbaycan r\u0259hb\u0259rliyin\u0259 minn\u0259tdarl\u0131q hissi il\u0259, \u015f\u0259hidl\u0259rimiz\u0259 Allahdan r\u0259hm\u0259t dil\u0259y\u0259r\u0259k qay\u0131d\u0131r. Bu, \u00fcmumxalq m\u0259s\u0259l\u0259sidir. \u201cTorpaqlar\u0131m\u0131z\u0131n azad edilm\u0259si nec\u0259 \u00fcmumxalq m\u0259s\u0259l\u0259si idis\u0259, torpaqlar\u0131n b\u0259rpa olunmas\u0131 da \u00fcmumxalq m\u0259s\u0259l\u0259sidir\u201d, &#8211; dey\u0259&hellip;<\/p>\n","protected":false},"author":2,"featured_media":715940,"comment_status":"closed","ping_status":"closed","sticky":false,"template":"","format":"standard","meta":{"om_disable_all_campaigns":false,"_monsterinsights_skip_tracking":false,"_monsterinsights_sitenote_active":false,"_monsterinsights_sitenote_note":"","_monsterinsights_sitenote_category":0},"categories":[4],"tags":[],"aioseo_notices":[],"gutentor_comment":0,"rttpg_featured_image_url":{"full":["https:\/\/arantv.az\/wp-content\/uploads\/2024\/04\/17026258495086136920_1200x630-2.jpg",620,413,false],"landscape":["https:\/\/arantv.az\/wp-content\/uploads\/2024\/04\/17026258495086136920_1200x630-2.jpg",620,413,false],"portraits":["https:\/\/arantv.az\/wp-content\/uploads\/2024\/04\/17026258495086136920_1200x630-2.jpg",620,413,false],"thumbnail":["https:\/\/arantv.az\/wp-content\/uploads\/2024\/04\/17026258495086136920_1200x630-2-500x280.jpg",500,280,true],"medium":["https:\/\/arantv.az\/wp-content\/uploads\/2024\/04\/17026258495086136920_1200x630-2-548x365.jpg",548,365,true],"large":["https:\/\/arantv.az\/wp-content\/uploads\/2024\/04\/17026258495086136920_1200x630-2.jpg",620,413,false],"1536x1536":["https:\/\/arantv.az\/wp-content\/uploads\/2024\/04\/17026258495086136920_1200x630-2.jpg",620,413,false],"2048x2048":["https:\/\/arantv.az\/wp-content\/uploads\/2024\/04\/17026258495086136920_1200x630-2.jpg",620,413,false],"post-thumbnail":["https:\/\/arantv.az\/wp-content\/uploads\/2024\/04\/17026258495086136920_1200x630-2-240x172.jpg",240,172,true],"advps-thumb-one":["https:\/\/arantv.az\/wp-content\/uploads\/2024\/04\/17026258495086136920_1200x630-2.jpg",620,413,false]},"rttpg_author":{"display_name":"V\u00fcsal Rafiqo\u011flu","author_link":"https:\/\/arantv.az\/?author=2"},"rttpg_comment":0,"rttpg_category":"<a href=\"https:\/\/arantv.az\/?cat=4\" rel=\"category\">Siyas\u0259t<\/a>","rttpg_excerpt":"\u201cM\u00fcharib\u0259d\u0259n c\u0259mi 3 il yar\u0131m vaxt ke\u00e7ib, art\u0131q 6 min ke\u00e7mi\u015f k\u00f6\u00e7k\u00fcn \u00f6z d\u0259d\u0259-baba torpa\u011f\u0131na qay\u0131d\u0131b v\u0259 bu proses davam etdirilir\u201d. AZ\u018fRTAC\u00a0x\u0259b\u0259r verir ki, bu s\u00f6zl\u0259ri Az\u0259rbaycan Prezidenti\u00a0\u0130lham \u018fliyev\u00a0aprelin 26-da Berlind\u0259 Almaniyan\u0131n Kansleri Olaf \u015eolts il\u0259 birg\u0259 m\u0259tbuat konfrans\u0131nda deyib. Bu ilin sonuna q\u0259d\u0259r 20 min m\u0259cburi k\u00f6\u00e7k\u00fcn\u00fcn do\u011fma yurduna qay\u0131daca\u011f\u0131n\u0131 bildir\u0259n d\u00f6vl\u0259timizin ba\u015f\u00e7\u0131s\u0131 qeyd&hellip;","_links":{"self":[{"href":"https:\/\/arantv.az\/index.php?rest_route=\/wp\/v2\/posts\/715939"}],"collection":[{"href":"https:\/\/arantv.az\/index.php?rest_route=\/wp\/v2\/posts"}],"about":[{"href":"https:\/\/arantv.az\/index.php?rest_route=\/wp\/v2\/types\/post"}],"author":[{"embeddable":true,"href":"https:\/\/arantv.az\/index.php?rest_route=\/wp\/v2\/users\/2"}],"replies":[{"embeddable":true,"href":"https:\/\/arantv.az\/index.php?rest_route=%2Fwp%2Fv2%2Fcomments&post=715939"}],"version-history":[{"count":0,"href":"https:\/\/arantv.az\/index.php?rest_route=\/wp\/v2\/posts\/715939\/revisions"}],"wp:featuredmedia":[{"embeddable":true,"href":"https:\/\/arantv.az\/index.php?rest_route=\/wp\/v2\/media\/715940"}],"wp:attachment":[{"href":"https:\/\/arantv.az\/index.php?rest_route=%2Fwp%2Fv2%2Fmedia&parent=715939"}],"wp:term":[{"taxonomy":"category","embeddable":true,"href":"https:\/\/arantv.az\/index.php?rest_route=%2Fwp%2Fv2%2Fcategories&post=715939"},{"taxonomy":"post_tag","embeddable":true,"href":"https:\/\/arantv.az\/index.php?rest_route=%2Fwp%2Fv2%2Ftags&post=715939"}],"curies":[{"name":"wp","href":"https:\/\/api.w.org\/{rel}","templated":true}]}}