{"id":715942,"date":"2024-04-26T17:28:45","date_gmt":"2024-04-26T13:28:45","guid":{"rendered":"https:\/\/arantv.az\/?p=715942"},"modified":"2024-04-26T17:28:45","modified_gmt":"2024-04-26T13:28:45","slug":"prezident-t%c9%99bii-qaz-t%c9%99chizatcisi-olan-az%c9%99rbaycan-avropa-ucun-yasil-enerji-t%c9%99chizatcisi-da-olacaq","status":"publish","type":"post","link":"https:\/\/arantv.az\/?p=715942","title":{"rendered":"Prezident: \u201cT\u0259bii qaz t\u0259chizat\u00e7\u0131s\u0131 olan Az\u0259rbaycan Avropa \u00fc\u00e7\u00fcn ya\u015f\u0131l enerji t\u0259chizat\u00e7\u0131s\u0131 da olacaq\u201d"},"content":{"rendered":"<p>\u201c2027-ci ilin sonuna q\u0259d\u0259r 9 g\u00fcn\u0259\u015f v\u0259 k\u00fcl\u0259k elektrik stansiyas\u0131 istismara veril\u0259c\u0259k. Onlar\u0131n enerji potensial\u0131 2 giqavata b\u0259rab\u0259rdir. 2030-cu il\u0259 q\u0259d\u0259r is\u0259 \u0259lav\u0259 10 k\u00fcl\u0259k v\u0259 g\u00fcn\u0259\u015f elektrik stansiyas\u0131 tikil\u0259c\u0259k ki, onun da potensial\u0131 5 giqavata q\u0259d\u0259rdir\u201d.<\/p>\n<p><a href=\"https:\/\/azertag.az\/xeber\/prezident_tebii_qaz_techizatchisi_olan_azerbaycan_avropa_uchun_yasil_enerji_techizatchisi_da_olacaq-2976763\" target=\"_blank\" rel=\"noopener\">AZ\u018fRTAC<\/a>\u00a0x\u0259b\u0259r verir ki, bu fikri Az\u0259rbaycan Prezidenti\u00a0<strong>\u0130lham \u018fliyev<\/strong>\u00a0aprelin 26-da Berlind\u0259 Almaniyan\u0131n Kansleri Olaf \u015eolts il\u0259 birg\u0259 m\u0259tbuat konfrans\u0131nda deyib.<\/p>\n<p>Az\u0259rbaycan\u0131n Avropaya ya\u015f\u0131l enerjini ixrac etm\u0259k \u00fc\u00e7\u00fcn f\u0259al \u00e7al\u0131\u015fd\u0131\u011f\u0131n\u0131 vur\u011fulayan d\u00f6vl\u0259timizin ba\u015f\u00e7\u0131s\u0131 deyib:<\/p>\n<p>\u201cHesab edir\u0259m ki, t\u0259bii qaz t\u0259chizat\u00e7\u0131s\u0131 olan Az\u0259rbaycan Avropa \u00fc\u00e7\u00fcn ya\u015f\u0131l enerji t\u0259chizat\u00e7\u0131s\u0131 da olacaq\u201d.<\/p>\n","protected":false},"excerpt":{"rendered":"<p>\u201c2027-ci ilin sonuna q\u0259d\u0259r 9 g\u00fcn\u0259\u015f v\u0259 k\u00fcl\u0259k elektrik stansiyas\u0131 istismara veril\u0259c\u0259k. Onlar\u0131n enerji potensial\u0131 2 giqavata b\u0259rab\u0259rdir. 2030-cu il\u0259 q\u0259d\u0259r is\u0259 \u0259lav\u0259 10 k\u00fcl\u0259k v\u0259 g\u00fcn\u0259\u015f elektrik stansiyas\u0131 tikil\u0259c\u0259k ki, onun da potensial\u0131 5 giqavata q\u0259d\u0259rdir\u201d. AZ\u018fRTAC\u00a0x\u0259b\u0259r verir ki, bu fikri Az\u0259rbaycan Prezidenti\u00a0\u0130lham \u018fliyev\u00a0aprelin 26-da Berlind\u0259 Almaniyan\u0131n Kansleri Olaf \u015eolts il\u0259 birg\u0259 m\u0259tbuat konfrans\u0131nda deyib. Az\u0259rbaycan\u0131n Avropaya ya\u015f\u0131l enerjini ixrac etm\u0259k \u00fc\u00e7\u00fcn f\u0259al \u00e7al\u0131\u015fd\u0131\u011f\u0131n\u0131 vur\u011fulayan d\u00f6vl\u0259timizin ba\u015f\u00e7\u0131s\u0131 deyib: \u201cHesab edir\u0259m ki, t\u0259bii qaz t\u0259chizat\u00e7\u0131s\u0131 olan Az\u0259rbaycan Avropa \u00fc\u00e7\u00fcn ya\u015f\u0131l enerji t\u0259chizat\u00e7\u0131s\u0131 da olacaq\u201d.<\/p>\n","protected":false},"author":2,"featured_media":715943,"comment_status":"closed","ping_status":"closed","sticky":false,"template":"","format":"standard","meta":{"om_disable_all_campaigns":false,"_monsterinsights_skip_tracking":false,"_monsterinsights_sitenote_active":false,"_monsterinsights_sitenote_note":"","_monsterinsights_sitenote_category":0},"categories":[4],"tags":[],"aioseo_notices":[],"gutentor_comment":0,"rttpg_featured_image_url":{"full":["https:\/\/arantv.az\/wp-content\/uploads\/2024\/04\/17048858855706837961_1200x630-1.jpg",620,413,false],"landscape":["https:\/\/arantv.az\/wp-content\/uploads\/2024\/04\/17048858855706837961_1200x630-1.jpg",620,413,false],"portraits":["https:\/\/arantv.az\/wp-content\/uploads\/2024\/04\/17048858855706837961_1200x630-1.jpg",620,413,false],"thumbnail":["https:\/\/arantv.az\/wp-content\/uploads\/2024\/04\/17048858855706837961_1200x630-1-500x280.jpg",500,280,true],"medium":["https:\/\/arantv.az\/wp-content\/uploads\/2024\/04\/17048858855706837961_1200x630-1-548x365.jpg",548,365,true],"large":["https:\/\/arantv.az\/wp-content\/uploads\/2024\/04\/17048858855706837961_1200x630-1.jpg",620,413,false],"1536x1536":["https:\/\/arantv.az\/wp-content\/uploads\/2024\/04\/17048858855706837961_1200x630-1.jpg",620,413,false],"2048x2048":["https:\/\/arantv.az\/wp-content\/uploads\/2024\/04\/17048858855706837961_1200x630-1.jpg",620,413,false],"post-thumbnail":["https:\/\/arantv.az\/wp-content\/uploads\/2024\/04\/17048858855706837961_1200x630-1-240x172.jpg",240,172,true],"advps-thumb-one":["https:\/\/arantv.az\/wp-content\/uploads\/2024\/04\/17048858855706837961_1200x630-1.jpg",620,413,false]},"rttpg_author":{"display_name":"V\u00fcsal Rafiqo\u011flu","author_link":"https:\/\/arantv.az\/?author=2"},"rttpg_comment":0,"rttpg_category":"<a href=\"https:\/\/arantv.az\/?cat=4\" rel=\"category\">Siyas\u0259t<\/a>","rttpg_excerpt":"\u201c2027-ci ilin sonuna q\u0259d\u0259r 9 g\u00fcn\u0259\u015f v\u0259 k\u00fcl\u0259k elektrik stansiyas\u0131 istismara veril\u0259c\u0259k. Onlar\u0131n enerji potensial\u0131 2 giqavata b\u0259rab\u0259rdir. 2030-cu il\u0259 q\u0259d\u0259r is\u0259 \u0259lav\u0259 10 k\u00fcl\u0259k v\u0259 g\u00fcn\u0259\u015f elektrik stansiyas\u0131 tikil\u0259c\u0259k ki, onun da potensial\u0131 5 giqavata q\u0259d\u0259rdir\u201d. AZ\u018fRTAC\u00a0x\u0259b\u0259r verir ki, bu fikri Az\u0259rbaycan Prezidenti\u00a0\u0130lham \u018fliyev\u00a0aprelin 26-da Berlind\u0259 Almaniyan\u0131n Kansleri Olaf \u015eolts il\u0259 birg\u0259 m\u0259tbuat konfrans\u0131nda&hellip;","_links":{"self":[{"href":"https:\/\/arantv.az\/index.php?rest_route=\/wp\/v2\/posts\/715942"}],"collection":[{"href":"https:\/\/arantv.az\/index.php?rest_route=\/wp\/v2\/posts"}],"about":[{"href":"https:\/\/arantv.az\/index.php?rest_route=\/wp\/v2\/types\/post"}],"author":[{"embeddable":true,"href":"https:\/\/arantv.az\/index.php?rest_route=\/wp\/v2\/users\/2"}],"replies":[{"embeddable":true,"href":"https:\/\/arantv.az\/index.php?rest_route=%2Fwp%2Fv2%2Fcomments&post=715942"}],"version-history":[{"count":0,"href":"https:\/\/arantv.az\/index.php?rest_route=\/wp\/v2\/posts\/715942\/revisions"}],"wp:featuredmedia":[{"embeddable":true,"href":"https:\/\/arantv.az\/index.php?rest_route=\/wp\/v2\/media\/715943"}],"wp:attachment":[{"href":"https:\/\/arantv.az\/index.php?rest_route=%2Fwp%2Fv2%2Fmedia&parent=715942"}],"wp:term":[{"taxonomy":"category","embeddable":true,"href":"https:\/\/arantv.az\/index.php?rest_route=%2Fwp%2Fv2%2Fcategories&post=715942"},{"taxonomy":"post_tag","embeddable":true,"href":"https:\/\/arantv.az\/index.php?rest_route=%2Fwp%2Fv2%2Ftags&post=715942"}],"curies":[{"name":"wp","href":"https:\/\/api.w.org\/{rel}","templated":true}]}}