{"id":716415,"date":"2024-04-29T07:17:16","date_gmt":"2024-04-29T03:17:16","guid":{"rendered":"https:\/\/arantv.az\/?p=716415"},"modified":"2024-04-29T07:17:16","modified_gmt":"2024-04-29T03:17:16","slug":"pomidor-uc-manat-xiyar-iki-manat-qiym%c9%99tl%c9%99r-niy%c9%99-%c9%99l-yandirir-kaspinin-arasdirmasi-foto","status":"publish","type":"post","link":"https:\/\/arantv.az\/?p=716415","title":{"rendered":"Pomidor \u00fc\u00e7 manat, xiyar iki manat: Qiym\u0259tl\u0259r niy\u0259 \u0259l yand\u0131r\u0131r? &#8211; \u201cKaspi\u201dnin ARA\u015eDIRMASI + FOTO"},"content":{"rendered":"<p>M\u00f6vs\u00fcmi olsa da, bazarlarda pomidor v\u0259 xiyar\u0131n qiym\u0259tind\u0259 g\u00f6zl\u0259nil\u0259n ucuzla\u015fman\u0131 m\u00fc\u015fahid\u0259 ed\u0259 bilmirik. Haz\u0131rda bazarlarda \u00fc\u00e7 manatdan a\u015fa\u011f\u0131 pomidor, iki manatdan ucuz xiyar tapmaq m\u00fcmk\u00fcn deyil. B\u0259s n\u0259 \u00fc\u00e7\u00fcn pomidor v\u0259 xiyar\u0131n qiym\u0259ti h\u0259l\u0259 d\u0259 \u0259l yand\u0131r\u0131r?<\/p>\n<p><a href=\"https:\/\/kaspi.az\/movsumu-olsa-da-qiymeti-ucuzlasmir?fbclid=IwZXh0bgNhZW0CMTAAAR0DQI8cJHayERTCyUhtLS9Q81wPaAwOZv0-FIAOLe2nEr_cHIeL536n3IY_aem_AReSMmorcTEu-sVLw2vYGz_UZS07hBDrT6FfdfkPJt_l7eJggHZphTBcbhn5N0ni5iNot3811zAhNANNg72euUPc\" target=\"_blank\" rel=\"noopener\"><strong>\u201cKaspi\u201d<\/strong><\/a>\u00a0q\u0259zeti m\u00f6vzu il\u0259 ba\u011fl\u0131 ara\u015fd\u0131rma apar\u0131b.<\/p>\n<p><strong>Qiym\u0259ti t\u0259l\u0259b-t\u0259klif m\u00fc\u0259yy\u0259nl\u0259\u015fdirir<\/strong><\/p>\n<p>K\u0259nd T\u0259s\u0259rr\u00fcfat\u0131 Nazirliyinin \u0130ctimaiyy\u0259tl\u0259 \u0259laq\u0259l\u0259r v\u0259 informasiya t\u0259minat\u0131 \u015f\u00f6b\u0259sinin m\u00fcdiri V\u00fcqar H\u00fcseynovun\u00a0verdiyi m\u0259lumata g\u00f6r\u0259, qiym\u0259tl\u0259ri bazarda t\u0259l\u0259b v\u0259 t\u0259klif m\u00fc\u0259yy\u0259nl\u0259\u015fdirir. T\u0259r\u0259v\u0259zin k\u00fctl\u0259vi \u015f\u0259kild\u0259 istehsal\u0131, t\u0259bii m\u0259hsullar\u0131n bazara \u00e7\u0131xar\u0131lmas\u0131 may ay\u0131ndan ba\u015flay\u0131r. Bundan sonra qiym\u0259tl\u0259rd\u0259 sabitl\u0259\u015fm\u0259ni g\u00f6r\u0259 bil\u0259rik.<\/p>\n<p><img src=\"https:\/\/cdn.oxu.az\/uploads\/W1siZiIsIjIwMjQvMDQvMjgvMDkvNTMvMjIvODg2YjI3NzItNzY5Mi00NWVlLWExZDQtYzIzNzA5YzQ2OWNlL2s1amZwNlF6cjlYdUg1aFNpUWhMVmQ0N0NqMnc2OUdtNzJsQ0pxTHAuanBnIl0sWyJwIiwiZW5jb2RlIiwianBnIiwiLXF1YWxpdHkgODAiXSxbInAiLCJ0aHVtYiIsIjU5MHg1OTBcdTAwM2UiXV0?sha=19e1c29ba0d459b8\" alt=\"\" \/><strong>Yerli pomidor bazara iyun ay\u0131nda \u00e7\u0131xar\u0131lacaq<\/strong><\/p>\n<p>T\u0259r\u0259v\u0259z\u00e7ilik Elmi-T\u0259dqiqat \u0130nstitutu Publik h\u00fcquqi \u015f\u0259xsin \u0130dar\u0259 Hey\u0259tinin s\u0259dri Elmar Allahverdiyev d\u0259 bildirdi ki, m\u00f6vs\u00fcm ba\u015flay\u0131r. Lakin havalar\u0131n d\u0259yi\u015fk\u0259n ke\u00e7m\u0259si m\u0259hsulun bazara \u00e7\u0131x\u0131\u015f\u0131na \u00f6z t\u0259sirini g\u00f6st\u0259rir: \u201cH\u0259r zaman bu d\u00f6vr q\u0131\u015f m\u00f6vs\u00fcm\u00fcn\u00fcn yekunu, yay m\u00f6vs\u00fcm\u00fcn\u00fcn ba\u015flan\u011f\u0131c\u0131d\u0131r. Art\u0131q may ay\u0131nda bir \u00e7ox t\u0259r\u0259v\u0259zl\u0259r yeti\u015f\u0259c\u0259k. \u0130yun ay\u0131nda a\u00e7\u0131q sah\u0259l\u0259rd\u0259 yeti\u015fdiril\u0259n pomidorlar da bazara \u00e7\u0131xar\u0131lacaq. Bu s\u0259b\u0259bd\u0259n m\u00f6vs\u00fcm ba\u015flay\u0131r dey\u0259 bil\u0259rik. Bir \u00e7ox t\u0259r\u0259v\u0259zl\u0259r fevral\u0131n \u0259vv\u0259lind\u0259n \u0259kilib. Onlar\u0131n vegetasiyas\u0131n\u0131n orta m\u00fcdd\u0259tidir. Buna qlobal iqlim d\u0259yi\u015fiklikl\u0259ri d\u0259 t\u0259sir g\u00f6st\u0259rir. Fevral ay\u0131nda havalar isti ke\u00e7di. Bu iqlim \u015f\u0259raiti bitkil\u0259r\u0259 d\u0259 m\u0259nfi t\u0259sirini g\u00f6st\u0259rir\u201d.<\/p>\n<p><img src=\"https:\/\/cdn.oxu.az\/uploads\/W1siZiIsIjIwMjQvMDQvMjgvMDkvNTMvMjIvMDNiMGQ2MTgtZTMxMC00ODRmLTk5MzctM2EzMTRmZWM5ODA1LzJGZWR3VDVtU3BUUVZ3cWhZRU52Wmp3UnFEQ2ZmQmR0eGYwMHNzcDUuanBnIl0sWyJwIiwiZW5jb2RlIiwianBnIiwiLXF1YWxpdHkgODAiXSxbInAiLCJ0aHVtYiIsIjU5MHg1OTBcdTAwM2UiXV0?sha=7492a2b6d55c78c1\" alt=\"\" \/>E.Allahverdiyevin fikrinc\u0259, bu t\u0259r\u0259v\u0259zl\u0259rin ucuzla\u015fmas\u0131n\u0131 g\u00f6rm\u0259k \u00fc\u00e7\u00fcn onlar\u0131n k\u00fctl\u0259vi yeti\u015fdirildiyi d\u00f6vr\u00fc g\u00f6zl\u0259m\u0259k daha do\u011fru olar: \u201cMaydan etibar\u0259n bir \u00e7ox t\u0259r\u0259v\u0259zl\u0259r bazara daha \u00e7ox daxil olaca\u011f\u0131ndan, qiym\u0259tl\u0259r d\u0259 daha ucuz olacaq\u201d.<\/p>\n<p><strong>Su \u00e7at\u0131\u015fmazl\u0131\u011f\u0131 da qiym\u0259t\u0259 t\u0259sir g\u00f6st\u0259rir<\/strong><\/p>\n<p>\u0130qtisad\u00e7\u0131 Rauf Qarayev is\u0259 qeyd etdi ki, haz\u0131rda t\u0259r\u0259v\u0259zl\u0259rin baha olmas\u0131na t\u0259sir ed\u0259n amill\u0259r su s\u0259viyy\u0259sinin a\u015fa\u011f\u0131 olmas\u0131, suvarman\u0131n d\u00fczg\u00fcn h\u0259yata ke\u00e7irilm\u0259m\u0259sidir: \u201cHavaya baxd\u0131qda g\u00f6r\u00fcr\u00fck ki, sabit ke\u00e7mir. Yaln\u0131z son bir h\u0259ft\u0259dir havalar istil\u0259\u015fib, y\u0259ni 30 d\u0259r\u0259c\u0259 h\u0259ddind\u0259dir. Bundan \u0259lav\u0259, suvarma sistemind\u0259 d\u0259 \u00e7\u0259tinlikl\u0259r m\u00f6vcuddur. Qon\u015fu \u00f6lk\u0259l\u0259rd\u0259 ya\u011f\u0131nt\u0131lar \u00e7ox oldu\u011fundan \u00e7aylar \u00f6z m\u0259nb\u0259yind\u0259n \u00e7\u0131x\u0131b, bizd\u0259 is\u0259 bel\u0259 hallar m\u00fc\u015fahid\u0259 olunmur. Dem\u0259li, laz\u0131mi d\u0259r\u0259c\u0259d\u0259 ya\u011f\u0131nt\u0131 olmay\u0131b ki, \u00e7aylar bol sulu deyil. Ya\u011f\u0131nt\u0131n\u0131n normadan art\u0131q v\u0259 ya az olmas\u0131, h\u0259r ikisi k\u0259nd t\u0259s\u0259rr\u00fcfat\u0131 \u00fc\u00e7\u00fcn m\u0259qbul hesab edilmir. Sululuq \u00e7ox olanda sel da\u015fq\u0131nlar\u0131na v\u0259 \u0259kin sah\u0259l\u0259rinin m\u0259hvin\u0259, az olmas\u0131 is\u0259 quraql\u0131\u011fa v\u0259 m\u0259hsulun az olmas\u0131na g\u0259tirib \u00e7\u0131xar\u0131r. Su h\u00f6vz\u0259l\u0259rinin az olmas\u0131 v\u0259 sudan q\u0259na\u0259tl\u0259 istifad\u0259 edilm\u0259m\u0259si, \u0259kin sah\u0259l\u0259rin\u0259 b\u0259rab\u0259r miqdarda su verilm\u0259m\u0259si m\u0259hsullar\u0131n ucuzla\u015fmas\u0131na imkan vermir. Hesab edir\u0259m ki, may ay\u0131n\u0131n ortalar\u0131ndan etibar\u0259n bazarda bu m\u0259hsullar\u0131n qiym\u0259ti sabitl\u0259\u015f\u0259c\u0259k\u201d.<\/p>\n<p><img src=\"https:\/\/cdn.oxu.az\/uploads\/W1siZiIsIjIwMjQvMDQvMjgvMDkvNTMvMjIvNDE2YTIwNzQtODE1ZS00ZWM3LWFkMWQtNjg4N2Y2YmUzOTc0L05VSEhrV3NUS2RxZHJWQ1dXVFFLSHlFcEFOQXZEaTZZek5UWk02RTIuanBnIl0sWyJwIiwiZW5jb2RlIiwianBnIiwiLXF1YWxpdHkgODAiXSxbInAiLCJ0aHVtYiIsIjU5MHg1OTBcdTAwM2UiXV0?sha=84b6c4518c82924e\" alt=\"\" \/><strong>Yeni \u00e7\u0131xan m\u0259hsullar t\u0259l\u0259bat\u0131m\u0131z\u0131 \u00f6d\u0259mir<\/strong><\/p>\n<p>Fermer Anar Abbasov bu il m\u00fc\u015fahid\u0259 olunan bahala\u015fman\u0131 b\u0259zi amill\u0259rl\u0259 \u0259laq\u0259l\u0259ndirdi: \u201cXiyar ke\u00e7\u0259n il bol \u0259kilmi\u015fdi. Fermerl\u0259r ziyana d\u00fc\u015fd\u00fcl\u0259r. Ke\u00e7\u0259n il h\u0259m\u00e7inin pomidor baha oldu\u011fu \u00fc\u00e7\u00fcn bu il daha az \u0259kibl\u0259r. \u0130stixana \u0259kinind\u0259 birinci v\u0259 ikinci d\u00f6vriyy\u0259 \u0259kinl\u0259ri olur. Haz\u0131rda birinci \u0259kin d\u00f6vriyy\u0259si bitib, ikinci d\u00f6vriyy\u0259nin \u0259kinl\u0259ri is\u0259 yeni-yeni \u00e7\u0131xma\u011fa ba\u015flay\u0131r. Onlar da h\u0259l\u0259 \u00e7ox azd\u0131r. Yenic\u0259 \u00e7\u0131xan m\u0259hsullar is\u0259 \u00f6lk\u0259mizin t\u0259l\u0259bat\u0131n\u0131 \u00f6d\u0259m\u0259k potensial\u0131nda deyil. H\u0259m\u00e7inin Rusiyaya da pomidor g\u00f6nd\u0259rilir. \u00c7\u00fcnki t\u0259kc\u0259 \u0130ran Rusiyan\u0131 pomidor il\u0259 t\u0259min ed\u0259 bilmir\u201d.<\/p>\n<p><img src=\"https:\/\/cdn.oxu.az\/uploads\/W1siZiIsIjIwMjQvMDQvMjgvMDkvNTMvMjIvYzFiNDk5MDYtY2E4OS00NTEzLTk3MDYtYTI2ODQ0MTQ4MzdlL0c5TUt2dUZQVmluZkZ5NDdiYUtXbjVvdUJKMm92S3M2Q09ZUlg1OHUuanBnIl0sWyJwIiwiZW5jb2RlIiwianBnIiwiLXF1YWxpdHkgODAiXSxbInAiLCJ0aHVtYiIsIjU5MHg1OTBcdTAwM2UiXV0?sha=de477420eadd9f1b\" alt=\"\" \/><strong>Xiyar ucuzla\u015fsa da, pomidor bahala\u015facaq<\/strong><\/p>\n<p>Fermerin s\u00f6zl\u0259rin\u0259 g\u00f6r\u0259, bahala\u015fma bir ne\u00e7\u0259 g\u00fcn d\u0259 davam ed\u0259c\u0259k, lakin may ay\u0131nda art\u0131q qiym\u0259t enm\u0259l\u0259ri m\u00fc\u015fahid\u0259 ed\u0259 bil\u0259c\u0259yik: \u201cMay\u0131n \u0259vv\u0259ll\u0259rind\u0259 xiyar\u0131n qiym\u0259ti ucuzla\u015fa\u011faq. Ay\u0131n ilk ong\u00fcnl\u00fcy\u00fcnd\u0259 pomidorun qiym\u0259ti bahala\u015fa bil\u0259r. Amma ondan sonra pomidorun qiym\u0259tind\u0259 d\u0259 eni\u015f m\u00fc\u015fahid\u0259 edil\u0259c\u0259k. Yax\u0131n g\u00fcnl\u0259rd\u0259 xiyar\u0131n orta qiym\u0259ti 1,2 manat olacaq. Pomidorun qiym\u0259ti is\u0259 \u0259ksin\u0259, bahala\u015facaq. Yax\u0131n g\u00fcnl\u0259rd\u0259 Salyan pomidorunun qiym\u0259ti d\u00f6rd manat\u0131n \u00fcz\u0259rin\u0259 qalxacaq, Bak\u0131 pomidoru is\u0259 ondan da baha sat\u0131lacaq\u201d.<\/p>\n","protected":false},"excerpt":{"rendered":"<p>M\u00f6vs\u00fcmi olsa da, bazarlarda pomidor v\u0259 xiyar\u0131n qiym\u0259tind\u0259 g\u00f6zl\u0259nil\u0259n ucuzla\u015fman\u0131 m\u00fc\u015fahid\u0259 ed\u0259 bilmirik. Haz\u0131rda bazarlarda \u00fc\u00e7 manatdan a\u015fa\u011f\u0131 pomidor, iki manatdan ucuz xiyar tapmaq m\u00fcmk\u00fcn deyil. B\u0259s n\u0259 \u00fc\u00e7\u00fcn pomidor v\u0259 xiyar\u0131n qiym\u0259ti h\u0259l\u0259 d\u0259 \u0259l yand\u0131r\u0131r? \u201cKaspi\u201d\u00a0q\u0259zeti m\u00f6vzu il\u0259 ba\u011fl\u0131 ara\u015fd\u0131rma apar\u0131b. Qiym\u0259ti t\u0259l\u0259b-t\u0259klif m\u00fc\u0259yy\u0259nl\u0259\u015fdirir K\u0259nd T\u0259s\u0259rr\u00fcfat\u0131 Nazirliyinin \u0130ctimaiyy\u0259tl\u0259 \u0259laq\u0259l\u0259r v\u0259 informasiya t\u0259minat\u0131 \u015f\u00f6b\u0259sinin m\u00fcdiri V\u00fcqar H\u00fcseynovun\u00a0verdiyi m\u0259lumata g\u00f6r\u0259, qiym\u0259tl\u0259ri bazarda t\u0259l\u0259b v\u0259 t\u0259klif m\u00fc\u0259yy\u0259nl\u0259\u015fdirir. T\u0259r\u0259v\u0259zin k\u00fctl\u0259vi \u015f\u0259kild\u0259 istehsal\u0131, t\u0259bii m\u0259hsullar\u0131n bazara \u00e7\u0131xar\u0131lmas\u0131 may ay\u0131ndan ba\u015flay\u0131r. Bundan sonra qiym\u0259tl\u0259rd\u0259 sabitl\u0259\u015fm\u0259ni g\u00f6r\u0259 bil\u0259rik. Yerli pomidor bazara iyun ay\u0131nda \u00e7\u0131xar\u0131lacaq T\u0259r\u0259v\u0259z\u00e7ilik&hellip;<\/p>\n","protected":false},"author":2,"featured_media":465852,"comment_status":"closed","ping_status":"closed","sticky":false,"template":"","format":"standard","meta":{"om_disable_all_campaigns":false,"_monsterinsights_skip_tracking":false,"_monsterinsights_sitenote_active":false,"_monsterinsights_sitenote_note":"","_monsterinsights_sitenote_category":0},"categories":[1],"tags":[],"aioseo_notices":[],"gutentor_comment":0,"rttpg_featured_image_url":{"full":["https:\/\/arantv.az\/wp-content\/uploads\/2022\/04\/1608018974_pamidor.jpg",730,414,false],"landscape":["https:\/\/arantv.az\/wp-content\/uploads\/2022\/04\/1608018974_pamidor.jpg",730,414,false],"portraits":["https:\/\/arantv.az\/wp-content\/uploads\/2022\/04\/1608018974_pamidor.jpg",730,414,false],"thumbnail":["https:\/\/arantv.az\/wp-content\/uploads\/2022\/04\/1608018974_pamidor-500x280.jpg",500,280,true],"medium":["https:\/\/arantv.az\/wp-content\/uploads\/2022\/04\/1608018974_pamidor-644x365.jpg",644,365,true],"large":["https:\/\/arantv.az\/wp-content\/uploads\/2022\/04\/1608018974_pamidor.jpg",640,363,false],"1536x1536":["https:\/\/arantv.az\/wp-content\/uploads\/2022\/04\/1608018974_pamidor.jpg",730,414,false],"2048x2048":["https:\/\/arantv.az\/wp-content\/uploads\/2022\/04\/1608018974_pamidor.jpg",730,414,false],"post-thumbnail":["https:\/\/arantv.az\/wp-content\/uploads\/2022\/04\/1608018974_pamidor-240x172.jpg",240,172,true],"advps-thumb-one":["https:\/\/arantv.az\/wp-content\/uploads\/2022\/04\/1608018974_pamidor.jpg",730,414,false]},"rttpg_author":{"display_name":"V\u00fcsal Rafiqo\u011flu","author_link":"https:\/\/arantv.az\/?author=2"},"rttpg_comment":0,"rttpg_category":"<a href=\"https:\/\/arantv.az\/?cat=1\" rel=\"category\">C\u0259miyy\u0259t<\/a>","rttpg_excerpt":"M\u00f6vs\u00fcmi olsa da, bazarlarda pomidor v\u0259 xiyar\u0131n qiym\u0259tind\u0259 g\u00f6zl\u0259nil\u0259n ucuzla\u015fman\u0131 m\u00fc\u015fahid\u0259 ed\u0259 bilmirik. Haz\u0131rda bazarlarda \u00fc\u00e7 manatdan a\u015fa\u011f\u0131 pomidor, iki manatdan ucuz xiyar tapmaq m\u00fcmk\u00fcn deyil. B\u0259s n\u0259 \u00fc\u00e7\u00fcn pomidor v\u0259 xiyar\u0131n qiym\u0259ti h\u0259l\u0259 d\u0259 \u0259l yand\u0131r\u0131r? \u201cKaspi\u201d\u00a0q\u0259zeti m\u00f6vzu il\u0259 ba\u011fl\u0131 ara\u015fd\u0131rma apar\u0131b. Qiym\u0259ti t\u0259l\u0259b-t\u0259klif m\u00fc\u0259yy\u0259nl\u0259\u015fdirir K\u0259nd T\u0259s\u0259rr\u00fcfat\u0131 Nazirliyinin \u0130ctimaiyy\u0259tl\u0259 \u0259laq\u0259l\u0259r v\u0259 informasiya t\u0259minat\u0131 \u015f\u00f6b\u0259sinin&hellip;","_links":{"self":[{"href":"https:\/\/arantv.az\/index.php?rest_route=\/wp\/v2\/posts\/716415"}],"collection":[{"href":"https:\/\/arantv.az\/index.php?rest_route=\/wp\/v2\/posts"}],"about":[{"href":"https:\/\/arantv.az\/index.php?rest_route=\/wp\/v2\/types\/post"}],"author":[{"embeddable":true,"href":"https:\/\/arantv.az\/index.php?rest_route=\/wp\/v2\/users\/2"}],"replies":[{"embeddable":true,"href":"https:\/\/arantv.az\/index.php?rest_route=%2Fwp%2Fv2%2Fcomments&post=716415"}],"version-history":[{"count":0,"href":"https:\/\/arantv.az\/index.php?rest_route=\/wp\/v2\/posts\/716415\/revisions"}],"wp:featuredmedia":[{"embeddable":true,"href":"https:\/\/arantv.az\/index.php?rest_route=\/wp\/v2\/media\/465852"}],"wp:attachment":[{"href":"https:\/\/arantv.az\/index.php?rest_route=%2Fwp%2Fv2%2Fmedia&parent=716415"}],"wp:term":[{"taxonomy":"category","embeddable":true,"href":"https:\/\/arantv.az\/index.php?rest_route=%2Fwp%2Fv2%2Fcategories&post=716415"},{"taxonomy":"post_tag","embeddable":true,"href":"https:\/\/arantv.az\/index.php?rest_route=%2Fwp%2Fv2%2Ftags&post=716415"}],"curies":[{"name":"wp","href":"https:\/\/api.w.org\/{rel}","templated":true}]}}