{"id":716571,"date":"2024-04-29T14:02:35","date_gmt":"2024-04-29T10:02:35","guid":{"rendered":"https:\/\/arantv.az\/?p=716571"},"modified":"2024-04-29T14:02:35","modified_gmt":"2024-04-29T10:02:35","slug":"dovl%c9%99t-komissiyasi-natiq-qasimovun-qaliqlarinin-tapilmasi-asan-olmayacaq","status":"publish","type":"post","link":"https:\/\/arantv.az\/?p=716571","title":{"rendered":"D\u00f6vl\u0259t Komissiyas\u0131: \u201cNatiq Qas\u0131movun qal\u0131qlar\u0131n\u0131n tap\u0131lmas\u0131 asan olmayacaq\u201d"},"content":{"rendered":"<p>\u201cNatiq Qas\u0131movun taleyi il\u0259 ba\u011fl\u0131 m\u0259s\u0259l\u0259 art\u0131q ictimaiyy\u0259t\u0259 ayd\u0131nd\u0131r. Onunla ba\u011fl\u0131 xarici jurnalistl\u0259r t\u0259r\u0259find\u0259n film d\u0259 \u00e7\u0259kil\u0259r\u0259k yay\u0131mlan\u0131b. Filmd\u0259 bilavasit\u0259 Erm\u0259nistan t\u0259r\u0259find\u0259n d\u00f6y\u00fc\u015fl\u0259rd\u0259 i\u015ftirak etmi\u015f ke\u00e7mi\u015f h\u0259rb\u00e7il\u0259r d\u0259 dan\u0131\u015f\u0131b\u201d.<\/p>\n<p>Bunu \u018fsir v\u0259 itkin d\u00fc\u015fm\u00fc\u015f, girov g\u00f6t\u00fcr\u00fclm\u00fc\u015f v\u0259t\u0259nda\u015flarla \u0259laq\u0259dar D\u00f6vl\u0259t Komissiyas\u0131n\u0131n katibi, \u0130\u015f\u00e7i qrupunun r\u0259hb\u0259ri \u0130smay\u0131l Axundov APA-ya deyib.<\/p>\n<p>O bildirib ki, onun nec\u0259 \u0259sir g\u00f6t\u00fcr\u00fcld\u00fcy\u00fc, hans\u0131 i\u015fg\u0259nc\u0259l\u0259r\u0259 m\u0259ruz qald\u0131\u011f\u0131 v\u0259 sonrak\u0131 taleyi filmd\u0259 \u0259ks olunub:<\/p>\n<p>\u201cH\u0259min filmd\u0259 dan\u0131\u015fan erm\u0259ni h\u0259rb\u00e7i onun a\u011f\u0131r i\u015fg\u0259nc\u0259l\u0259rl\u0259 q\u0259tl\u0259 yetirildiyini etiraf edir.<\/p>\n<p>Natiq Qas\u0131mov h\u0259min d\u00f6vrd\u0259 s\u0259hra komandiri olmu\u015f, sonradan is\u0259 Erm\u0259nistan ordusunun general\u0131 r\u00fctb\u0259sin\u0259 \u201cy\u00fcks\u0259lmi\u015f\u201d Vitali Balasanyan\u0131n \u0259mri il\u0259 q\u0259tl\u0259 yetirilib. Baxmayaraq ki, filmd\u0259 o\u00a0bunu danma\u011fa u\u011fursuz c\u0259hd edir. Amma Natiq Qas\u0131movun \u0259sir g\u00f6t\u00fcr\u00fclm\u0259si \u0259m\u0259liyyat\u0131n\u0131n v\u0259 dindirilm\u0259sinin Vitali Balasanyan\u0131n r\u0259hb\u0259rliyi il\u0259 h\u0259yata ke\u00e7irildiyi tam t\u0259sdiq olunur.<\/p>\n<p>Bel\u0259likl\u0259, Vitali Balasnyan Natiq Qas\u0131movun dindirilm\u0259si prosesind\u0259 \u015f\u0259xs\u0259n i\u015ftirak edib v\u0259 onun q\u0259tl\u0259 yetirilm\u0259si \u0259mrini d\u0259 \u015f\u0259xs\u0259n \u00f6z\u00fc verib. Bu prosesl\u0259r indiki Xocal\u0131 rayonu \u0259razisind\u0259 ba\u015f verdiyi \u00fc\u00e7\u00fcn onun meyitinin d\u0259 h\u0259min \u0259razid\u0259 olmas\u0131 ehtimal olunur. Amma n\u0259z\u0259r\u0259 alsaq ki, o, hans\u0131 i\u015fg\u0259nc\u0259l\u0259r\u0259 m\u0259ruz qal\u0131b, ona qar\u015f\u0131 hans\u0131 v\u0259h\u015filik aktlar\u0131 h\u0259yata ke\u00e7irilib, qal\u0131qlar\u0131n\u0131n tap\u0131lmas\u0131 asan olmayacaq. Biz bu reall\u0131\u011f\u0131 n\u0259z\u0259r\u0259 almal\u0131y\u0131q. B\u00fct\u00fcn bunlara baxmayaraq, D\u00f6vl\u0259t Komissiyas\u0131 Natiq Qas\u0131movun v\u0259 b\u00fct\u00fcn dig\u0259r itkinl\u0259rin axtar\u0131lmas\u0131n\u0131, sonrak\u0131 taleyinin m\u00fc\u0259yy\u0259n olunmas\u0131 prosesini sona kimi h\u0259yata ke\u00e7ir\u0259c\u0259k. Bu, Prezident\u00a0<strong>\u0130lham \u018fliyevin<\/strong>\u00a0D\u00f6vl\u0259t Komissiyas\u0131 qar\u015f\u0131s\u0131nda qoydu\u011fu vacib v\u0259zif\u0259dir. Prezident t\u0259r\u0259find\u0259n tap\u015f\u0131r\u0131q bel\u0259dir ki, sonuncu itkinin taleyi m\u00fc\u0259yy\u0259nl\u0259\u015f\u0259n\u0259 q\u0259d\u0259r D\u00f6vl\u0259t Komissiyas\u0131 f\u0259aliyy\u0259t g\u00f6st\u0259r\u0259c\u0259k. Bizim h\u0259d\u0259fimiz itkin d\u00fc\u015fm\u00fc\u015f b\u00fct\u00fcn v\u0259t\u0259nda\u015flar\u0131m\u0131z\u0131n taleyinin m\u00fc\u0259yy\u0259n olunmas\u0131d\u0131r, bu istiqam\u0259td\u0259 d\u0259 i\u015fimizi davam etdir\u0259c\u0259yik\u201d.<\/p>\n","protected":false},"excerpt":{"rendered":"<p>\u201cNatiq Qas\u0131movun taleyi il\u0259 ba\u011fl\u0131 m\u0259s\u0259l\u0259 art\u0131q ictimaiyy\u0259t\u0259 ayd\u0131nd\u0131r. Onunla ba\u011fl\u0131 xarici jurnalistl\u0259r t\u0259r\u0259find\u0259n film d\u0259 \u00e7\u0259kil\u0259r\u0259k yay\u0131mlan\u0131b. Filmd\u0259 bilavasit\u0259 Erm\u0259nistan t\u0259r\u0259find\u0259n d\u00f6y\u00fc\u015fl\u0259rd\u0259 i\u015ftirak etmi\u015f ke\u00e7mi\u015f h\u0259rb\u00e7il\u0259r d\u0259 dan\u0131\u015f\u0131b\u201d. Bunu \u018fsir v\u0259 itkin d\u00fc\u015fm\u00fc\u015f, girov g\u00f6t\u00fcr\u00fclm\u00fc\u015f v\u0259t\u0259nda\u015flarla \u0259laq\u0259dar D\u00f6vl\u0259t Komissiyas\u0131n\u0131n katibi, \u0130\u015f\u00e7i qrupunun r\u0259hb\u0259ri \u0130smay\u0131l Axundov APA-ya deyib. O bildirib ki, onun nec\u0259 \u0259sir g\u00f6t\u00fcr\u00fcld\u00fcy\u00fc, hans\u0131 i\u015fg\u0259nc\u0259l\u0259r\u0259 m\u0259ruz qald\u0131\u011f\u0131 v\u0259 sonrak\u0131 taleyi filmd\u0259 \u0259ks olunub: \u201cH\u0259min filmd\u0259 dan\u0131\u015fan erm\u0259ni h\u0259rb\u00e7i onun a\u011f\u0131r i\u015fg\u0259nc\u0259l\u0259rl\u0259 q\u0259tl\u0259 yetirildiyini etiraf edir. Natiq Qas\u0131mov h\u0259min d\u00f6vrd\u0259 s\u0259hra komandiri olmu\u015f, sonradan is\u0259 Erm\u0259nistan ordusunun general\u0131 r\u00fctb\u0259sin\u0259&hellip;<\/p>\n","protected":false},"author":2,"featured_media":716572,"comment_status":"closed","ping_status":"closed","sticky":false,"template":"","format":"standard","meta":{"om_disable_all_campaigns":false,"_monsterinsights_skip_tracking":false,"_monsterinsights_sitenote_active":false,"_monsterinsights_sitenote_note":"","_monsterinsights_sitenote_category":0},"categories":[4],"tags":[],"aioseo_notices":[],"gutentor_comment":0,"rttpg_featured_image_url":{"full":["https:\/\/arantv.az\/wp-content\/uploads\/2024\/04\/662eacca9f449662eacca9f44a1714334922662eacca9f446662eacca9f447.jpg",620,413,false],"landscape":["https:\/\/arantv.az\/wp-content\/uploads\/2024\/04\/662eacca9f449662eacca9f44a1714334922662eacca9f446662eacca9f447.jpg",620,413,false],"portraits":["https:\/\/arantv.az\/wp-content\/uploads\/2024\/04\/662eacca9f449662eacca9f44a1714334922662eacca9f446662eacca9f447.jpg",620,413,false],"thumbnail":["https:\/\/arantv.az\/wp-content\/uploads\/2024\/04\/662eacca9f449662eacca9f44a1714334922662eacca9f446662eacca9f447-500x280.jpg",500,280,true],"medium":["https:\/\/arantv.az\/wp-content\/uploads\/2024\/04\/662eacca9f449662eacca9f44a1714334922662eacca9f446662eacca9f447-548x365.jpg",548,365,true],"large":["https:\/\/arantv.az\/wp-content\/uploads\/2024\/04\/662eacca9f449662eacca9f44a1714334922662eacca9f446662eacca9f447.jpg",620,413,false],"1536x1536":["https:\/\/arantv.az\/wp-content\/uploads\/2024\/04\/662eacca9f449662eacca9f44a1714334922662eacca9f446662eacca9f447.jpg",620,413,false],"2048x2048":["https:\/\/arantv.az\/wp-content\/uploads\/2024\/04\/662eacca9f449662eacca9f44a1714334922662eacca9f446662eacca9f447.jpg",620,413,false],"post-thumbnail":["https:\/\/arantv.az\/wp-content\/uploads\/2024\/04\/662eacca9f449662eacca9f44a1714334922662eacca9f446662eacca9f447-240x172.jpg",240,172,true],"advps-thumb-one":["https:\/\/arantv.az\/wp-content\/uploads\/2024\/04\/662eacca9f449662eacca9f44a1714334922662eacca9f446662eacca9f447.jpg",620,413,false]},"rttpg_author":{"display_name":"V\u00fcsal Rafiqo\u011flu","author_link":"https:\/\/arantv.az\/?author=2"},"rttpg_comment":0,"rttpg_category":"<a href=\"https:\/\/arantv.az\/?cat=4\" rel=\"category\">Siyas\u0259t<\/a>","rttpg_excerpt":"\u201cNatiq Qas\u0131movun taleyi il\u0259 ba\u011fl\u0131 m\u0259s\u0259l\u0259 art\u0131q ictimaiyy\u0259t\u0259 ayd\u0131nd\u0131r. Onunla ba\u011fl\u0131 xarici jurnalistl\u0259r t\u0259r\u0259find\u0259n film d\u0259 \u00e7\u0259kil\u0259r\u0259k yay\u0131mlan\u0131b. Filmd\u0259 bilavasit\u0259 Erm\u0259nistan t\u0259r\u0259find\u0259n d\u00f6y\u00fc\u015fl\u0259rd\u0259 i\u015ftirak etmi\u015f ke\u00e7mi\u015f h\u0259rb\u00e7il\u0259r d\u0259 dan\u0131\u015f\u0131b\u201d. Bunu \u018fsir v\u0259 itkin d\u00fc\u015fm\u00fc\u015f, girov g\u00f6t\u00fcr\u00fclm\u00fc\u015f v\u0259t\u0259nda\u015flarla \u0259laq\u0259dar D\u00f6vl\u0259t Komissiyas\u0131n\u0131n katibi, \u0130\u015f\u00e7i qrupunun r\u0259hb\u0259ri \u0130smay\u0131l Axundov APA-ya deyib. O bildirib ki, onun nec\u0259 \u0259sir g\u00f6t\u00fcr\u00fcld\u00fcy\u00fc,&hellip;","_links":{"self":[{"href":"https:\/\/arantv.az\/index.php?rest_route=\/wp\/v2\/posts\/716571"}],"collection":[{"href":"https:\/\/arantv.az\/index.php?rest_route=\/wp\/v2\/posts"}],"about":[{"href":"https:\/\/arantv.az\/index.php?rest_route=\/wp\/v2\/types\/post"}],"author":[{"embeddable":true,"href":"https:\/\/arantv.az\/index.php?rest_route=\/wp\/v2\/users\/2"}],"replies":[{"embeddable":true,"href":"https:\/\/arantv.az\/index.php?rest_route=%2Fwp%2Fv2%2Fcomments&post=716571"}],"version-history":[{"count":0,"href":"https:\/\/arantv.az\/index.php?rest_route=\/wp\/v2\/posts\/716571\/revisions"}],"wp:featuredmedia":[{"embeddable":true,"href":"https:\/\/arantv.az\/index.php?rest_route=\/wp\/v2\/media\/716572"}],"wp:attachment":[{"href":"https:\/\/arantv.az\/index.php?rest_route=%2Fwp%2Fv2%2Fmedia&parent=716571"}],"wp:term":[{"taxonomy":"category","embeddable":true,"href":"https:\/\/arantv.az\/index.php?rest_route=%2Fwp%2Fv2%2Fcategories&post=716571"},{"taxonomy":"post_tag","embeddable":true,"href":"https:\/\/arantv.az\/index.php?rest_route=%2Fwp%2Fv2%2Ftags&post=716571"}],"curies":[{"name":"wp","href":"https:\/\/api.w.org\/{rel}","templated":true}]}}