{"id":716580,"date":"2024-04-29T14:07:39","date_gmt":"2024-04-29T10:07:39","guid":{"rendered":"https:\/\/arantv.az\/?p=716580"},"modified":"2024-04-29T14:07:39","modified_gmt":"2024-04-29T10:07:39","slug":"az%c9%99rbaycanin-xarici-siyas%c9%99tinin-ugurlari-davamlidir","status":"publish","type":"post","link":"https:\/\/arantv.az\/?p=716580","title":{"rendered":"Az\u0259rbaycan\u0131n xarici siyas\u0259tinin u\u011furlar\u0131 davaml\u0131d\u0131r"},"content":{"rendered":"<p><strong>F\u0259q\u0259t \u015eadlinskaya<\/strong><\/p>\n<p><strong>YAP B\u0259rd\u0259 rayon t\u0259\u015fkilat\u0131n\u0131n s\u0259dri<\/strong><\/p>\n<p>Az\u0259rbaycan\u0131n u\u011furlu siyas\u0259ti n\u0259tic\u0259sind\u0259 beyn\u0259lxalq m\u00fcnasib\u0259tl\u0259r sistemind\u0259 yeri v\u0259 rolu g\u00fcnb\u0259g\u00fcn m\u00f6hk\u0259ml\u0259nir, m\u00fcxt\u0259lif m\u00f6vzularda beyn\u0259lxalq \u0259h\u0259miyy\u0259tli t\u0259dbirl\u0259r\u0259 ev sahibliyi etm\u0259kl\u0259 reall\u0131qlar\u0131n\u0131n d\u00fcnya ictimaiyy\u0259tin\u0259 \u00e7atd\u0131r\u0131lmas\u0131na nail olur. Bu bax\u0131mdan art\u0131q ADA Universitetind\u0259 \u0259n\u0259n\u0259 hal\u0131n\u0131 alan beyn\u0259lxalq forumlar\u0131, konfranslar\u0131 x\u00fcsusi qeyd etm\u0259k ist\u0259rdik. Aprelin 23-d\u0259 ADA Universitetind\u0259 \u201cCOP29 v\u0259 Az\u0259rbaycan \u00fc\u00e7\u00fcn Ya\u015f\u0131l Bax\u0131\u015f\u201d m\u00f6vzusunda beyn\u0259lxalq forum ke\u00e7irildi. 30 \u00f6lk\u0259d\u0259n 64 n\u00fcmay\u0259nd\u0259nin i\u015ftirak etdiyi t\u0259dbird\u0259 \u00e7\u0131x\u0131\u015f ed\u0259n d\u00f6vl\u0259t ba\u015f\u00e7\u0131s\u0131 \u0130lham \u018fliyev \u00f6t\u0259n konfransdan ke\u00e7\u0259n q\u0131sa m\u00fcdd\u0259t \u0259rzind\u0259 Az\u0259rbaycanda v\u0259 \u0259trafda ba\u015f ver\u0259n hadis\u0259l\u0259rd\u0259n b\u0259hs etdi. \u201cM\u0259n m\u00fcnt\u0259z\u0259m olaraq ADA Universitetinin forumlar\u0131nda i\u015ftirak edir\u0259m v\u0259 art\u0131q qeyd edildiyi kimi, biz sonuncu d\u0259f\u0259 \u00f6t\u0259n il dekabr\u0131n \u0259vv\u0259lind\u0259 g\u00f6r\u00fc\u015fm\u00fc\u015f\u00fck. O vaxtdan b\u0259ri Az\u0259rbaycanda v\u0259 \u0259trafda bir \u00e7ox hadis\u0259l\u0259r ba\u015f verib v\u0259 dey\u0259rdim ki, b\u00fct\u00fcn bu hadis\u0259l\u0259r m\u00fcsb\u0259t m\u0259crada c\u0259r\u0259yan edib. Buraya Erm\u0259nistan il\u0259 Az\u0259rbaycan aras\u0131nda m\u00fcnasib\u0259tl\u0259rin normalla\u015fd\u0131r\u0131lmas\u0131 prosesi v\u0259 s\u0259rh\u0259dl\u0259rin delimitasiyas\u0131 daxildir. COP29-a g\u0259ldikd\u0259 is\u0259, bu, beyn\u0259lxalq ictimaiyy\u0259t t\u0259r\u0259find\u0259n Az\u0259rbaycana olan b\u00f6y\u00fck ehtiram\u0131n v\u0259 d\u0259st\u0259yin g\u00f6st\u0259ricisidir v\u0259 biz haz\u0131rl\u0131\u011f\u0131n f\u0259al m\u0259rh\u0259l\u0259sind\u0259yik. Bizim bir ild\u0259n az vaxt\u0131m\u0131z var idi v\u0259 yax\u015f\u0131 n\u0259tic\u0259l\u0259r \u0259ld\u0259 etm\u0259k \u00fc\u00e7\u00fcn biz olduqca f\u0259al v\u0259 s\u0259m\u0259r\u0259li \u00e7al\u0131\u015fmal\u0131y\u0131q\u201d fikirl\u0259rinin davam\u0131 olaraq c\u0259nab \u0130lham \u018fliyev bildirdi ki, bizim \u00fc\u00e7\u00fcn COP29 \u00e7ox b\u00f6y\u00fck m\u0259suliyy\u0259tdir. Burada s\u00f6hb\u0259t t\u0259kc\u0259 t\u0259\u015fkilati m\u0259s\u0259l\u0259l\u0259rd\u0259n deyil, n\u0259tic\u0259l\u0259rin \u0259ld\u0259 edilm\u0259sind\u0259n d\u0259 gedir.<\/p>\n<p>D\u00f6vl\u0259t ba\u015f\u00e7\u0131s\u0131 \u0130lham \u018fliyev Forumdak\u0131 \u00e7\u0131x\u0131\u015f\u0131nda 2024-c\u00fc ilin \u00f6lk\u0259mizd\u0259 \u201cYa\u015f\u0131l d\u00fcnya namin\u0259 h\u0259mr\u0259ylik ili\u201d elan edilm\u0259sini d\u0259 x\u00fcsusi qeyd etdi. Az\u0259rbaycan\u00a0 iqlim d\u0259yi\u015fm\u0259l\u0259rinin f\u0259sadlar\u0131na qar\u015f\u0131 m\u00fcbariz\u0259y\u0259 \u00f6z t\u00f6hf\u0259sini verir. \u00d6lk\u0259mizin 2030-cu il\u0259 q\u0259d\u0259r sosial-iqtisadi inki\u015fafa dair be\u015f milli prioritetind\u0259n biri \u201cT\u0259miz \u0259traf m\u00fchit v\u0259 ya\u015f\u0131l art\u0131m \u00f6lk\u0259si\u201d kimi m\u00fc\u0259yy\u0259n edilib. H\u0259min prioritet\u0259 uy\u011fun olaraq, \u0259traf m\u00fchitin sa\u011flamla\u015fd\u0131r\u0131lmas\u0131, ya\u015f\u0131ll\u0131qlar\u0131n b\u0259rpas\u0131 v\u0259 art\u0131r\u0131lmas\u0131, su ehtiyatlar\u0131ndan v\u0259 dayan\u0131ql\u0131 enerji m\u0259nb\u0259l\u0259rind\u0259n s\u0259m\u0259r\u0259li istifad\u0259nin t\u0259min edilm\u0259si istiqam\u0259tind\u0259 i\u015fl\u0259r apar\u0131l\u0131r. C\u0259nab \u0130lham \u018fliyev forum i\u015ftirak\u00e7\u0131lar\u0131n\u0131n suallar\u0131n\u0131 cavabland\u0131rark\u0259n qeyd olunan istiqam\u0259tl\u0259rd\u0259 \u0259ld\u0259 edil\u0259n n\u0259tic\u0259l\u0259ri x\u00fcsusi qeyd etdi.<\/p>\n<p>\u0130\u015f\u011faldan azad edilmi\u015f Qaraba\u011f v\u0259 \u015e\u0259rqi Z\u0259ng\u0259zur, el\u0259c\u0259 d\u0259 Nax\u00e7\u0131van Muxtar Respublikas\u0131 ya\u015f\u0131l enerji zonas\u0131 elan olunub. Azad edilmi\u015f \u0259razil\u0259rd\u0259 h\u0259yata ke\u00e7iril\u0259n geni\u015fmiqyasl\u0131 b\u0259rpa v\u0259 yenid\u0259nqurma prosesind\u0259 \u0259traf m\u00fchitin qorunmas\u0131 prioritetdir. H\u0259min \u0259razil\u0259rd\u0259 \u201ca\u011f\u0131ll\u0131 \u015f\u0259h\u0259r\u201d, \u201ca\u011f\u0131ll\u0131 k\u0259nd\u201d kimi innovativ yana\u015fmalar t\u0259tbiq edilir, ekosistem b\u0259rpa olunur. Ya\u015f\u0131l enerji n\u00f6vl\u0259rinin yarad\u0131lmas\u0131 v\u0259 ya\u015f\u0131l enerjinin d\u00fcnya bazarlar\u0131na n\u0259qli Az\u0259rbaycan\u0131n enerji siyas\u0259tinin prioritetidir. Az\u0259rbaycan elektrik enerjisi istehsal\u0131n\u0131n qoyulu\u015f g\u00fcc\u00fcnd\u0259 b\u0259rpa olunan enerji m\u0259nb\u0259l\u0259rinin pay\u0131n\u0131n 2030-cu il\u0259 q\u0259d\u0259r 30 faiz\u0259 \u00e7atd\u0131r\u0131lmas\u0131n\u0131 h\u0259d\u0259fl\u0259yir.<\/p>\n<p>D\u00f6vl\u0259t ba\u015f\u00e7\u0131s\u0131 \u0130lham \u018fliyevin aprelin 26-da Almaniyaya i\u015fg\u00fczar s\u0259f\u0259ri zaman\u0131 Almaniya Prezidenti Frank Valter \u015etaynmayer, h\u0259m d\u0259 Almaniyan\u0131n Federal Kansleri Olaf \u015eolts il\u0259 ke\u00e7iril\u0259n t\u0259kb\u0259t\u0259k v\u0259 geni\u015f t\u0259rkibd\u0259 g\u00f6r\u00fc\u015fl\u0259rind\u0259,\u00a0 el\u0259c\u0259 d\u0259 c\u0259nab \u0130lham \u018fliyevin\u00a0\u00a0 Berlind\u0259 ke\u00e7iril\u0259n \u201c15-ci Petersberq \u0130qlim Dialoqu\u201dnun Y\u00fcks\u0259k S\u0259viyy\u0259li Seqmentind\u0259 \u00e7\u0131x\u0131\u015f\u0131nda bu h\u0259d\u0259f\u0259 x\u00fcsusi diqq\u0259t y\u00f6n\u0259ldildi. \u201cSizin bug\u00fcnk\u00fc s\u0259f\u0259riniz \u0259sas\u0259n iqlim siyas\u0259ti \u00e7\u0259r\u00e7iv\u0259sind\u0259dir v\u0259 Az\u0259rbaycan COP29-un s\u0259drliyini \u00fcz\u0259rin\u0259 g\u00f6t\u00fcr\u00fcb, y\u0259ni, ev sahibi olacaq. COP28 \u00e7\u0259r\u00e7iv\u0259sind\u0259 Dubayda vacib q\u0259rarlar q\u0259bul olundu. Dem\u0259li, 2030-cu il\u0259 q\u0259d\u0259r b\u0259rpaolunan enerji \u00fc\u00e7 d\u0259f\u0259, enerji s\u0259m\u0259r\u0259liliyi iki d\u0259f\u0259 art\u0131r\u0131lmal\u0131d\u0131r, metan tullant\u0131lar\u0131 azald\u0131lmal\u0131d\u0131r. H\u0259m\u00e7inin qeyd etm\u0259k ist\u0259rdim ki, 2030-cu il\u0259 q\u0259d\u0259r Az\u0259rbaycan\u0131n enerji sektorunda k\u00fcl\u0259k, G\u00fcn\u0259\u015f v\u0259 su elektrik enerjisinin pay\u0131n\u0131 30 faiz art\u0131rmas\u0131 \u00e7ox g\u00f6z\u0259l bir x\u0259b\u0259rdir. Almaniya 80 faizi h\u0259d\u0259fl\u0259yib\u201d s\u00f6yl\u0259y\u0259n Almaniyan\u0131n Federal Kansleri Olaf \u015eolts bildirdi ki, ya\u015f\u0131l enerji v\u0259 hidrogen enerjisi sah\u0259l\u0259rind\u0259 \u0259m\u0259kda\u015fl\u0131q \u00fc\u00e7\u00fcn regionda b\u00f6y\u00fck potensial m\u00f6vcuddur v\u0259 alman \u015firk\u0259tl\u0259ri hidrogen v\u0259 b\u0259rpaolunan enerji sah\u0259l\u0259rind\u0259 Az\u0259rbaycanda \u0259m\u0259kda\u015fl\u0131q etm\u0259y\u0259 maraql\u0131d\u0131rlar. T\u0259bii ki, bunun \u00fc\u00e7\u00fcn m\u00fcvafiq \u00e7\u0259r\u00e7iv\u0259 \u015f\u0259rtl\u0259ri m\u00f6vcud olmal\u0131d\u0131r.<\/p>\n<p>Az\u0259rbaycan il\u0259 Almaniya aras\u0131nda \u0259laq\u0259l\u0259rin b\u00fct\u00fcn sah\u0259l\u0259rd\u0259 u\u011furlu inki\u015fsf\u0131 \u00fc\u00e7\u00fcn imkanlar m\u00f6vcuddur. M\u0259tbuat konfrans\u0131nda Az\u0259rbaycan\u0131n demokratik inki\u015faf sah\u0259sind\u0259 g\u00f6rd\u00fcy\u00fc i\u015fl\u0259r\u0259, qazan\u0131lan u\u011furlara da x\u00fcsusi diqq\u0259t g\u00f6st\u0259rildi.<\/p>\n<p>Az\u0259rbaycan\u0131n xarici siyas\u0259tind\u0259 t\u00fcrk d\u00fcnyas\u0131n\u0131n birliyi, h\u0259mr\u0259yliyi x\u00fcsusi yer tutur. Az\u0259rbaycan\u0131n b\u00f6y\u00fck ail\u0259 kimi d\u0259y\u0259rl\u0259ndirdiyi t\u00fcrk d\u00fcnyas\u0131n\u0131n birliyin\u0259 y\u00f6n\u0259l\u0259n add\u0131mlar\u0131 davaml\u0131l\u0131\u011f\u0131 il\u0259 diqq\u0259td\u0259dir.\u00a0 Q\u0131r\u011f\u0131z\u0131stan Prezidenti Sad\u0131r Japarovun \u00f6lk\u0259miz\u0259 r\u0259smi s\u0259f\u0259ri y\u00fcks\u0259k d\u0259y\u0259rl\u0259ndirildi, t\u00fcrk d\u00fcnyas\u0131n\u0131n birliyinin bariz n\u00fcmun\u0259si kimi vur\u011fulan\u0131r. Az\u0259rbaycanla Q\u0131r\u011f\u0131z\u0131stan aras\u0131ndak\u0131 u\u011furlu d\u00f6vl\u0259t\u00e7ilik m\u00fcnasib\u0259tl\u0259rinin \u0259sas\u0131 m\u0259hz \u00dcmummilli Lider Heyd\u0259r \u018fliyev t\u0259r\u0259find\u0259n qoyulub. Az\u0259rbaycanla Q\u0131r\u011f\u0131z\u0131stan aras\u0131nda diplomatik m\u00fcnasib\u0259tl\u0259r 1993-c\u00fc il yanvar\u0131nda qurulub. Ulu \u00d6nd\u0259r 1995-ci ild\u0259 \u00a0T\u00fcrkdilli D\u00f6vl\u0259t Ba\u015f\u00e7\u0131lar\u0131n\u0131n III Zirv\u0259 G\u00f6r\u00fc\u015f\u00fcnd\u0259 v\u0259 \u201cManas\u201d eposunun 1000 illiyin\u0259 h\u0259sr olunmu\u015f t\u0259dbirl\u0259rd\u0259 i\u015ftirak etm\u0259k \u00fc\u00e7\u00fcn ilk d\u0259f\u0259 Q\u0131r\u011f\u0131z\u0131stana s\u0259f\u0259r edib. 2007-ci ild\u0259 Az\u0259rbaycan\u0131n Q\u0131r\u011f\u0131z\u0131standa s\u0259firliyi, 2008-ci ild\u0259 Q\u0131r\u011f\u0131z\u0131stan\u0131n Bak\u0131da s\u0259firliyi f\u0259aliyy\u0259t\u0259 ba\u015flay\u0131b. Haz\u0131rda iki \u00f6lk\u0259 aras\u0131nda \u0259laq\u0259l\u0259r strateji t\u0259r\u0259fda\u015fl\u0131q s\u0259viyy\u0259sin\u0259 y\u00fcks\u0259lib. Bel\u0259 ki, 2022-ci ild\u0259 Q\u0131r\u011f\u0131z\u0131stan Prezidenti Sad\u0131r Japarovun \u00f6lk\u0259miz\u0259 r\u0259smi s\u0259f\u0259ri zaman\u0131 \u201cAz\u0259rbaycan Respublikas\u0131 v\u0259 Q\u0131r\u011f\u0131z Respublikas\u0131 aras\u0131nda Strateji T\u0259r\u0259fda\u015fl\u0131q haqq\u0131nda B\u0259yannam\u0259\u201d imzalanm\u0131\u015fd\u0131r. Az\u0259rbaycan v\u0259 Q\u0131r\u011f\u0131z\u0131stan Prezidentl\u0259rinin qar\u015f\u0131l\u0131ql\u0131 s\u0259f\u0259rl\u0259ri davaml\u0131l\u0131\u011f\u0131 il\u0259 diqq\u0259td\u0259dir. Son bir ild\u0259n art\u0131q d\u00f6vr\u0259 n\u0259z\u0259r salmaq kifay\u0259tdir. Q\u0131r\u011f\u0131z\u0131stan Prezidenti m\u0259tbuata b\u0259yanat\u0131nda b\u00f6y\u00fck sevinc hissi il\u0259 bildirdi ki, biz b\u0259r\u0259k\u0259tli Az\u0259rbaycan torpa\u011f\u0131nda n\u00f6vb\u0259ti d\u0259f\u0259 olma\u011fa \u015fad\u0131q v\u0259 g\u00f6z\u0259l Bak\u0131 \u015f\u0259h\u0259rin\u0259 heyranl\u0131\u011f\u0131m\u0131z\u0131 ifad\u0259 edirik. Az\u0259rbaycan Respublikas\u0131n\u0131n Prezidenti h\u00f6rm\u0259tli \u0130lham \u00a0\u018fliyevin r\u0259hb\u0259rliyi il\u0259 parlaq g\u0259l\u0259c\u0259yini inamla quran v\u0259 Az\u0259rbaycan d\u00f6vl\u0259tini m\u00f6hk\u0259ml\u0259ndir\u0259n qarda\u015f Az\u0259rbaycan xalq\u0131n\u0131n u\u011furlar\u0131na sevinirik: \u201cBu g\u00fcn Az\u0259rbaycan Respublikas\u0131n\u0131n h\u00f6rm\u0259tli Prezidenti il\u0259 D\u00f6vl\u0259tl\u0259raras\u0131 \u015euran\u0131n ikinci iclas\u0131 \u00e7\u0259r\u00e7iv\u0259sind\u0259 ikit\u0259r\u0259fli \u0259m\u0259kda\u015fl\u0131\u011f\u0131n dem\u0259k olar ki, b\u00fct\u00fcn aktual m\u0259s\u0259l\u0259l\u0259ri \u00fczr\u0259 \u0259trafl\u0131 dan\u0131\u015f\u0131qlar apard\u0131q, iki \u00f6lk\u0259nin m\u00fcxt\u0259lif nazirlikl\u0259rinin r\u0259hb\u0259rl\u0259rinin hesabatlar\u0131n\u0131 dinl\u0259dik. \u0130clas\u0131n yekunu olaraq iki \u00f6lk\u0259nin qar\u015f\u0131l\u0131ql\u0131 f\u0259aliyy\u0259tinin daha da geni\u015fl\u0259ndirilm\u0259sin\u0259 y\u00f6n\u0259lmi\u015f q\u0259rarlar q\u0259bul olundu. Vur\u011fulamaq ist\u0259yir\u0259m ki, dan\u0131\u015f\u0131qlar \u0259n\u0259n\u0259vi dostluq, \u015f\u0259ffafl\u0131q v\u0259 etimad \u015f\u0259raitind\u0259 ke\u00e7di. Bu da \u00f6lk\u0259l\u0259rimiz aras\u0131nda qarda\u015fl\u0131q \u0259laq\u0259l\u0259rini xarakteriz\u0259 edir.\u201d<\/p>\n","protected":false},"excerpt":{"rendered":"<p>F\u0259q\u0259t \u015eadlinskaya YAP B\u0259rd\u0259 rayon t\u0259\u015fkilat\u0131n\u0131n s\u0259dri Az\u0259rbaycan\u0131n u\u011furlu siyas\u0259ti n\u0259tic\u0259sind\u0259 beyn\u0259lxalq m\u00fcnasib\u0259tl\u0259r sistemind\u0259 yeri v\u0259 rolu g\u00fcnb\u0259g\u00fcn m\u00f6hk\u0259ml\u0259nir, m\u00fcxt\u0259lif m\u00f6vzularda beyn\u0259lxalq \u0259h\u0259miyy\u0259tli t\u0259dbirl\u0259r\u0259 ev sahibliyi etm\u0259kl\u0259 reall\u0131qlar\u0131n\u0131n d\u00fcnya ictimaiyy\u0259tin\u0259 \u00e7atd\u0131r\u0131lmas\u0131na nail olur. Bu bax\u0131mdan art\u0131q ADA Universitetind\u0259 \u0259n\u0259n\u0259 hal\u0131n\u0131 alan beyn\u0259lxalq forumlar\u0131, konfranslar\u0131 x\u00fcsusi qeyd etm\u0259k ist\u0259rdik. Aprelin 23-d\u0259 ADA Universitetind\u0259 \u201cCOP29 v\u0259 Az\u0259rbaycan \u00fc\u00e7\u00fcn Ya\u015f\u0131l Bax\u0131\u015f\u201d m\u00f6vzusunda beyn\u0259lxalq forum ke\u00e7irildi. 30 \u00f6lk\u0259d\u0259n 64 n\u00fcmay\u0259nd\u0259nin i\u015ftirak etdiyi t\u0259dbird\u0259 \u00e7\u0131x\u0131\u015f ed\u0259n d\u00f6vl\u0259t ba\u015f\u00e7\u0131s\u0131 \u0130lham \u018fliyev \u00f6t\u0259n konfransdan ke\u00e7\u0259n q\u0131sa m\u00fcdd\u0259t \u0259rzind\u0259 Az\u0259rbaycanda v\u0259 \u0259trafda ba\u015f ver\u0259n hadis\u0259l\u0259rd\u0259n b\u0259hs etdi. \u201cM\u0259n&hellip;<\/p>\n","protected":false},"author":2,"featured_media":607059,"comment_status":"closed","ping_status":"closed","sticky":false,"template":"","format":"standard","meta":{"om_disable_all_campaigns":false,"_monsterinsights_skip_tracking":false,"_monsterinsights_sitenote_active":false,"_monsterinsights_sitenote_note":"","_monsterinsights_sitenote_category":0},"categories":[2],"tags":[],"aioseo_notices":[],"gutentor_comment":0,"rttpg_featured_image_url":{"full":["https:\/\/arantv.az\/wp-content\/uploads\/2023\/06\/thumb-2.jpg",360,238,false],"landscape":["https:\/\/arantv.az\/wp-content\/uploads\/2023\/06\/thumb-2.jpg",360,238,false],"portraits":["https:\/\/arantv.az\/wp-content\/uploads\/2023\/06\/thumb-2.jpg",360,238,false],"thumbnail":["https:\/\/arantv.az\/wp-content\/uploads\/2023\/06\/thumb-2.jpg",360,238,false],"medium":["https:\/\/arantv.az\/wp-content\/uploads\/2023\/06\/thumb-2.jpg",360,238,false],"large":["https:\/\/arantv.az\/wp-content\/uploads\/2023\/06\/thumb-2.jpg",360,238,false],"1536x1536":["https:\/\/arantv.az\/wp-content\/uploads\/2023\/06\/thumb-2.jpg",360,238,false],"2048x2048":["https:\/\/arantv.az\/wp-content\/uploads\/2023\/06\/thumb-2.jpg",360,238,false],"post-thumbnail":["https:\/\/arantv.az\/wp-content\/uploads\/2023\/06\/thumb-2-240x172.jpg",240,172,true],"advps-thumb-one":["https:\/\/arantv.az\/wp-content\/uploads\/2023\/06\/thumb-2.jpg",360,238,false]},"rttpg_author":{"display_name":"V\u00fcsal Rafiqo\u011flu","author_link":"https:\/\/arantv.az\/?author=2"},"rttpg_comment":0,"rttpg_category":"<a href=\"https:\/\/arantv.az\/?cat=2\" rel=\"category\">Region X\u0259b\u0259rl\u0259ri<\/a>","rttpg_excerpt":"F\u0259q\u0259t \u015eadlinskaya YAP B\u0259rd\u0259 rayon t\u0259\u015fkilat\u0131n\u0131n s\u0259dri Az\u0259rbaycan\u0131n u\u011furlu siyas\u0259ti n\u0259tic\u0259sind\u0259 beyn\u0259lxalq m\u00fcnasib\u0259tl\u0259r sistemind\u0259 yeri v\u0259 rolu g\u00fcnb\u0259g\u00fcn m\u00f6hk\u0259ml\u0259nir, m\u00fcxt\u0259lif m\u00f6vzularda beyn\u0259lxalq \u0259h\u0259miyy\u0259tli t\u0259dbirl\u0259r\u0259 ev sahibliyi etm\u0259kl\u0259 reall\u0131qlar\u0131n\u0131n d\u00fcnya ictimaiyy\u0259tin\u0259 \u00e7atd\u0131r\u0131lmas\u0131na nail olur. Bu bax\u0131mdan art\u0131q ADA Universitetind\u0259 \u0259n\u0259n\u0259 hal\u0131n\u0131 alan beyn\u0259lxalq forumlar\u0131, konfranslar\u0131 x\u00fcsusi qeyd etm\u0259k ist\u0259rdik. Aprelin 23-d\u0259 ADA Universitetind\u0259 \u201cCOP29 v\u0259 Az\u0259rbaycan&hellip;","_links":{"self":[{"href":"https:\/\/arantv.az\/index.php?rest_route=\/wp\/v2\/posts\/716580"}],"collection":[{"href":"https:\/\/arantv.az\/index.php?rest_route=\/wp\/v2\/posts"}],"about":[{"href":"https:\/\/arantv.az\/index.php?rest_route=\/wp\/v2\/types\/post"}],"author":[{"embeddable":true,"href":"https:\/\/arantv.az\/index.php?rest_route=\/wp\/v2\/users\/2"}],"replies":[{"embeddable":true,"href":"https:\/\/arantv.az\/index.php?rest_route=%2Fwp%2Fv2%2Fcomments&post=716580"}],"version-history":[{"count":0,"href":"https:\/\/arantv.az\/index.php?rest_route=\/wp\/v2\/posts\/716580\/revisions"}],"wp:featuredmedia":[{"embeddable":true,"href":"https:\/\/arantv.az\/index.php?rest_route=\/wp\/v2\/media\/607059"}],"wp:attachment":[{"href":"https:\/\/arantv.az\/index.php?rest_route=%2Fwp%2Fv2%2Fmedia&parent=716580"}],"wp:term":[{"taxonomy":"category","embeddable":true,"href":"https:\/\/arantv.az\/index.php?rest_route=%2Fwp%2Fv2%2Fcategories&post=716580"},{"taxonomy":"post_tag","embeddable":true,"href":"https:\/\/arantv.az\/index.php?rest_route=%2Fwp%2Fv2%2Ftags&post=716580"}],"curies":[{"name":"wp","href":"https:\/\/api.w.org\/{rel}","templated":true}]}}