{"id":716630,"date":"2024-04-29T19:09:40","date_gmt":"2024-04-29T15:09:40","guid":{"rendered":"https:\/\/arantv.az\/?p=716630"},"modified":"2024-04-29T19:09:40","modified_gmt":"2024-04-29T15:09:40","slug":"xirdalanda-bas-ver%c9%99n-d%c9%99hs%c9%99tli-q%c9%99tl-hadis%c9%99sinin-t%c9%99f%c9%99rruati-yenil%c9%99nib-foto-video","status":"publish","type":"post","link":"https:\/\/arantv.az\/?p=716630","title":{"rendered":"X\u0131rdalanda ba\u015f ver\u0259n d\u0259h\u015f\u0259tli q\u0259tl hadis\u0259sinin T\u018fF\u018fRR\u00dcATI &#8211; YEN\u0130L\u018fN\u0130B + FOTO\/V\u0130DEO"},"content":{"rendered":"<article class=\"news\">\n<div class=\"news-inner\">\n<p>Ab\u015feron rayonunun X\u0131rdalan \u015f\u0259h\u0259ri, N\u0259sib\u0259 Zeynalova k\u00fc\u00e7\u0259sind\u0259 q\u0259tl hadis\u0259si ba\u015f verib.<\/p>\n<p>48 ya\u015fl\u0131 Sevinc \u018fhm\u0259da\u011fayevan\u0131n 50 ya\u015fl\u0131 h\u0259yat yolda\u015f\u0131 La\u00e7\u0131n \u018fhm\u0259da\u011fayev t\u0259r\u0259find\u0259n \u00f6ld\u00fcr\u00fcld\u00fcy\u00fc bildirilib.<\/p>\n<p>M\u0259rhumun qon\u015fusunun s\u00f6zl\u0259rin\u0259 g\u00f6r\u0259, t\u0259z\u0259 evli olan c\u00fctl\u00fck aras\u0131nda indiy\u0259d\u0259k he\u00e7 bir s\u00f6z-s\u00f6hb\u0259t olmay\u0131b:<\/p>\n<p>\u201cLa\u00e7\u0131n\u0131n arvad\u0131n\u0131 q\u0259tl\u0259 yetirm\u0259sini e\u015fid\u0259nd\u0259 \u015foka d\u00fc\u015fd\u00fcm. Be\u015f il\u0259 yax\u0131nd\u0131r burada olurlar, he\u00e7 vaxt m\u00fcbahis\u0259 etdikl\u0259rini g\u00f6rm\u0259mi\u015f\u0259m. \u00c7ox sakit g\u0259lin idi. Yolda\u015f\u0131 da pis deyildi\u201d.<\/p>\n<p>Qeyd ed\u0259k ki, faktla ba\u011fl\u0131 Ab\u015feron Rayon Prokurorlu\u011funda cinay\u0259t i\u015fi ba\u015flan\u0131l\u0131b. La\u00e7\u0131n \u018fhm\u0259da\u011fayev \u015f\u00fcbh\u0259li \u015f\u0259xs qismind\u0259 tutulub.<\/p>\n<p>\u018ftrafl\u0131 Baku TV-nin s\u00fcjetind\u0259:<\/p>\n<div><iframe loading=\"lazy\" title=\"YouTube video player\" src=\"https:\/\/www.youtube.com\/embed\/W_7Ag1RQfE0?si=i0Q9SEZQ1Apht40R\" width=\"560\" height=\"315\" frameborder=\"0\" allowfullscreen=\"allowfullscreen\" data-mce-fragment=\"1\"><\/iframe><\/div>\n<p><strong>09:52<\/strong><\/p>\n<p>Aprelin 28-d\u0259 saat 21 rad\u0259l\u0259rind\u0259 Ab\u015feron rayonu, X\u0131rdalan \u015f\u0259h\u0259ri \u0259razisind\u0259 1976-c\u0131 il t\u0259v\u0259ll\u00fcdl\u00fc Sevinc \u018fhm\u0259da\u011fayevan\u0131n \u00f6ld\u00fcr\u00fclm\u0259si bar\u0259d\u0259 rayon prokurorlu\u011funa m\u0259lumat daxil olub.<\/p>\n<p>Bu bar\u0259d\u0259\u00a0<strong>Oxu.Az<\/strong>-a Ab\u015feron Rayon Prokurorlu\u011fundan m\u0259lumat verilib.<\/p>\n<p>Bildirilib ki, ara\u015fd\u0131rma zaman\u0131 1974-c\u00fc il t\u0259v\u0259ll\u00fcdl\u00fc La\u00e7\u0131n \u018fhm\u0259da\u011fayevin ya\u015fad\u0131qlar\u0131 evd\u0259 arvad\u0131 Sevinc \u018fhm\u0259da\u011fayevaya b\u0131\u00e7aqla x\u0259sar\u0259tl\u0259r yetir\u0259r\u0259k q\u0259sd\u0259n \u00f6ld\u00fcrm\u0259sin\u0259 \u0259sasl\u0131 \u015f\u00fcbh\u0259l\u0259r m\u00fc\u0259yy\u0259n edilib.<\/p>\n<p>Faktla ba\u011fl\u0131 rayon prokurorlu\u011funda Cinay\u0259t M\u0259c\u0259ll\u0259sinin 120.1-ci (q\u0259sd\u0259n adam \u00f6ld\u00fcrm\u0259) madd\u0259si il\u0259 cinay\u0259t i\u015fi ba\u015flan\u0131b, La\u00e7\u0131n \u018fhm\u0259da\u011fayev prokurorlu\u011fun q\u0259rar\u0131 il\u0259 i\u015f \u00fczr\u0259 \u015f\u00fcbh\u0259li \u015f\u0259xs qismind\u0259 tutulub.<\/p>\n<p>Haz\u0131rda ibtidai istintaq davam edir.<\/p>\n<p>&nbsp;<\/p>\n<div class=\"gallery\">\n<div class=\"gallery-i\"><img src=\"https:\/\/cdn.oxu.az\/uploads\/W1siZiIsIjIwMjQvMDQvMjkvMTcvMTYvNDcvMzJkYTNhNGItNDlhNC00Mzg1LTg3OTMtMTA5NDgxN2E1NzUzL2EyNWM4ZWQ2LTI4YjUtNGM2YS04MzQwLWU5YWVhMzZlNzU0MC5qcGVnIl0sWyJwIiwiZW5jb2RlIiwianBnIiwiLXF1YWxpdHkgODAiXSxbInAiLCJ0aHVtYiIsIjU5MHg1OTBcdTAwM2UiXV0?sha=a6c8532025097016\" alt=\"\" \/><\/p>\n<div class=\"gallery-i-caption\"><\/div>\n<\/div>\n<\/div>\n<\/div>\n<\/article>\n","protected":false},"excerpt":{"rendered":"<p>Ab\u015feron rayonunun X\u0131rdalan \u015f\u0259h\u0259ri, N\u0259sib\u0259 Zeynalova k\u00fc\u00e7\u0259sind\u0259 q\u0259tl hadis\u0259si ba\u015f verib. 48 ya\u015fl\u0131 Sevinc \u018fhm\u0259da\u011fayevan\u0131n 50 ya\u015fl\u0131 h\u0259yat yolda\u015f\u0131 La\u00e7\u0131n \u018fhm\u0259da\u011fayev t\u0259r\u0259find\u0259n \u00f6ld\u00fcr\u00fcld\u00fcy\u00fc bildirilib. M\u0259rhumun qon\u015fusunun s\u00f6zl\u0259rin\u0259 g\u00f6r\u0259, t\u0259z\u0259 evli olan c\u00fctl\u00fck aras\u0131nda indiy\u0259d\u0259k he\u00e7 bir s\u00f6z-s\u00f6hb\u0259t olmay\u0131b: \u201cLa\u00e7\u0131n\u0131n arvad\u0131n\u0131 q\u0259tl\u0259 yetirm\u0259sini e\u015fid\u0259nd\u0259 \u015foka d\u00fc\u015fd\u00fcm. Be\u015f il\u0259 yax\u0131nd\u0131r burada olurlar, he\u00e7 vaxt m\u00fcbahis\u0259 etdikl\u0259rini g\u00f6rm\u0259mi\u015f\u0259m. \u00c7ox sakit g\u0259lin idi. Yolda\u015f\u0131 da pis deyildi\u201d. Qeyd ed\u0259k ki, faktla ba\u011fl\u0131 Ab\u015feron Rayon Prokurorlu\u011funda cinay\u0259t i\u015fi ba\u015flan\u0131l\u0131b. La\u00e7\u0131n \u018fhm\u0259da\u011fayev \u015f\u00fcbh\u0259li \u015f\u0259xs qismind\u0259 tutulub. \u018ftrafl\u0131 Baku TV-nin s\u00fcjetind\u0259: 09:52 Aprelin 28-d\u0259 saat 21 rad\u0259l\u0259rind\u0259&hellip;<\/p>\n","protected":false},"author":2,"featured_media":716631,"comment_status":"closed","ping_status":"closed","sticky":false,"template":"","format":"standard","meta":{"om_disable_all_campaigns":false,"_monsterinsights_skip_tracking":false,"_monsterinsights_sitenote_active":false,"_monsterinsights_sitenote_note":"","_monsterinsights_sitenote_category":0},"categories":[1],"tags":[],"aioseo_notices":[],"gutentor_comment":0,"rttpg_featured_image_url":{"full":["https:\/\/arantv.az\/wp-content\/uploads\/2024\/04\/FotoJet-50-2.jpg",620,413,false],"landscape":["https:\/\/arantv.az\/wp-content\/uploads\/2024\/04\/FotoJet-50-2.jpg",620,413,false],"portraits":["https:\/\/arantv.az\/wp-content\/uploads\/2024\/04\/FotoJet-50-2.jpg",620,413,false],"thumbnail":["https:\/\/arantv.az\/wp-content\/uploads\/2024\/04\/FotoJet-50-2-500x280.jpg",500,280,true],"medium":["https:\/\/arantv.az\/wp-content\/uploads\/2024\/04\/FotoJet-50-2-548x365.jpg",548,365,true],"large":["https:\/\/arantv.az\/wp-content\/uploads\/2024\/04\/FotoJet-50-2.jpg",620,413,false],"1536x1536":["https:\/\/arantv.az\/wp-content\/uploads\/2024\/04\/FotoJet-50-2.jpg",620,413,false],"2048x2048":["https:\/\/arantv.az\/wp-content\/uploads\/2024\/04\/FotoJet-50-2.jpg",620,413,false],"post-thumbnail":["https:\/\/arantv.az\/wp-content\/uploads\/2024\/04\/FotoJet-50-2-240x172.jpg",240,172,true],"advps-thumb-one":["https:\/\/arantv.az\/wp-content\/uploads\/2024\/04\/FotoJet-50-2.jpg",620,413,false]},"rttpg_author":{"display_name":"V\u00fcsal Rafiqo\u011flu","author_link":"https:\/\/arantv.az\/?author=2"},"rttpg_comment":0,"rttpg_category":"<a href=\"https:\/\/arantv.az\/?cat=1\" rel=\"category\">C\u0259miyy\u0259t<\/a>","rttpg_excerpt":"Ab\u015feron rayonunun X\u0131rdalan \u015f\u0259h\u0259ri, N\u0259sib\u0259 Zeynalova k\u00fc\u00e7\u0259sind\u0259 q\u0259tl hadis\u0259si ba\u015f verib. 48 ya\u015fl\u0131 Sevinc \u018fhm\u0259da\u011fayevan\u0131n 50 ya\u015fl\u0131 h\u0259yat yolda\u015f\u0131 La\u00e7\u0131n \u018fhm\u0259da\u011fayev t\u0259r\u0259find\u0259n \u00f6ld\u00fcr\u00fcld\u00fcy\u00fc bildirilib. M\u0259rhumun qon\u015fusunun s\u00f6zl\u0259rin\u0259 g\u00f6r\u0259, t\u0259z\u0259 evli olan c\u00fctl\u00fck aras\u0131nda indiy\u0259d\u0259k he\u00e7 bir s\u00f6z-s\u00f6hb\u0259t olmay\u0131b: \u201cLa\u00e7\u0131n\u0131n arvad\u0131n\u0131 q\u0259tl\u0259 yetirm\u0259sini e\u015fid\u0259nd\u0259 \u015foka d\u00fc\u015fd\u00fcm. Be\u015f il\u0259 yax\u0131nd\u0131r burada olurlar, he\u00e7 vaxt m\u00fcbahis\u0259 etdikl\u0259rini g\u00f6rm\u0259mi\u015f\u0259m.&hellip;","_links":{"self":[{"href":"https:\/\/arantv.az\/index.php?rest_route=\/wp\/v2\/posts\/716630"}],"collection":[{"href":"https:\/\/arantv.az\/index.php?rest_route=\/wp\/v2\/posts"}],"about":[{"href":"https:\/\/arantv.az\/index.php?rest_route=\/wp\/v2\/types\/post"}],"author":[{"embeddable":true,"href":"https:\/\/arantv.az\/index.php?rest_route=\/wp\/v2\/users\/2"}],"replies":[{"embeddable":true,"href":"https:\/\/arantv.az\/index.php?rest_route=%2Fwp%2Fv2%2Fcomments&post=716630"}],"version-history":[{"count":0,"href":"https:\/\/arantv.az\/index.php?rest_route=\/wp\/v2\/posts\/716630\/revisions"}],"wp:featuredmedia":[{"embeddable":true,"href":"https:\/\/arantv.az\/index.php?rest_route=\/wp\/v2\/media\/716631"}],"wp:attachment":[{"href":"https:\/\/arantv.az\/index.php?rest_route=%2Fwp%2Fv2%2Fmedia&parent=716630"}],"wp:term":[{"taxonomy":"category","embeddable":true,"href":"https:\/\/arantv.az\/index.php?rest_route=%2Fwp%2Fv2%2Fcategories&post=716630"},{"taxonomy":"post_tag","embeddable":true,"href":"https:\/\/arantv.az\/index.php?rest_route=%2Fwp%2Fv2%2Ftags&post=716630"}],"curies":[{"name":"wp","href":"https:\/\/api.w.org\/{rel}","templated":true}]}}