{"id":716642,"date":"2024-04-29T19:12:34","date_gmt":"2024-04-29T15:12:34","guid":{"rendered":"https:\/\/arantv.az\/?p=716642"},"modified":"2024-04-29T19:12:34","modified_gmt":"2024-04-29T15:12:34","slug":"az%c9%99rbaycanla-erm%c9%99nistan-arasinda-35-s%c9%99rh%c9%99d-dir%c9%99yi-qurasdirilib-video","status":"publish","type":"post","link":"https:\/\/arantv.az\/?p=716642","title":{"rendered":"Az\u0259rbaycanla Erm\u0259nistan aras\u0131nda 35 s\u0259rh\u0259d dir\u0259yi qura\u015fd\u0131r\u0131l\u0131b &#8211; V\u0130DEO"},"content":{"rendered":"<article class=\"news\">\n<div class=\"news-inner\">\n<p>Az\u0259rbaycan il\u0259 Erm\u0259nistan aras\u0131ndak\u0131 s\u0259rh\u0259dd\u0259 koordinatlar\u0131n d\u0259qiql\u0259\u015fdirilm\u0259si i\u015fl\u0259ri \u00e7\u0259r\u00e7iv\u0259sind\u0259 apar\u0131lan geodeziya \u00f6l\u00e7m\u0259l\u0259ri \u0259sas\u0131nda n\u0259z\u0259rd\u0259 tutulan i\u015fl\u0259rin yar\u0131s\u0131ndan \u00e7oxu 2024-c\u00fc il aprelin 29-d\u0259k yerin\u0259 yetirilib, 35 s\u0259rh\u0259d dir\u0259yi qura\u015fd\u0131r\u0131l\u0131b.<\/p>\n<p><strong>ARANTV.AZ <\/strong>\u00a0x\u0259b\u0259r verir ki, bu bar\u0259d\u0259 Az\u0259rbaycan Ba\u015f nazirinin m\u00fcavini \u015eahin Mustafayevin Xidm\u0259ti m\u0259lumat yay\u0131b.<\/p>\n<p>Qeyd olunub ki, h\u0259r iki d\u00f6vl\u0259tin ekspert qruplar\u0131n\u0131n i\u015fi davam edir.<\/p>\n<div><iframe loading=\"lazy\" title=\"YouTube video player\" src=\"https:\/\/www.youtube.com\/embed\/jm0zZ1Yt3vs?si=8UJ_7Qc8NxHwfwHS\" width=\"560\" height=\"315\" frameborder=\"0\" allowfullscreen=\"allowfullscreen\" data-mce-fragment=\"1\"><\/iframe><\/div>\n<\/div>\n<\/article>\n<section class=\"related-news\">\n<div class=\"l-center\"><\/div>\n<\/section>\n","protected":false},"excerpt":{"rendered":"<p>Az\u0259rbaycan il\u0259 Erm\u0259nistan aras\u0131ndak\u0131 s\u0259rh\u0259dd\u0259 koordinatlar\u0131n d\u0259qiql\u0259\u015fdirilm\u0259si i\u015fl\u0259ri \u00e7\u0259r\u00e7iv\u0259sind\u0259 apar\u0131lan geodeziya \u00f6l\u00e7m\u0259l\u0259ri \u0259sas\u0131nda n\u0259z\u0259rd\u0259 tutulan i\u015fl\u0259rin yar\u0131s\u0131ndan \u00e7oxu 2024-c\u00fc il aprelin 29-d\u0259k yerin\u0259 yetirilib, 35 s\u0259rh\u0259d dir\u0259yi qura\u015fd\u0131r\u0131l\u0131b. ARANTV.AZ \u00a0x\u0259b\u0259r verir ki, bu bar\u0259d\u0259 Az\u0259rbaycan Ba\u015f nazirinin m\u00fcavini \u015eahin Mustafayevin Xidm\u0259ti m\u0259lumat yay\u0131b. Qeyd olunub ki, h\u0259r iki d\u00f6vl\u0259tin ekspert qruplar\u0131n\u0131n i\u015fi davam edir.<\/p>\n","protected":false},"author":2,"featured_media":716643,"comment_status":"closed","ping_status":"closed","sticky":false,"template":"","format":"standard","meta":{"om_disable_all_campaigns":false,"_monsterinsights_skip_tracking":false,"_monsterinsights_sitenote_active":false,"_monsterinsights_sitenote_note":"","_monsterinsights_sitenote_category":0},"categories":[19],"tags":[],"aioseo_notices":[],"gutentor_comment":0,"rttpg_featured_image_url":{"full":["https:\/\/arantv.az\/wp-content\/uploads\/2024\/04\/FotoJet-1-38.jpg",620,413,false],"landscape":["https:\/\/arantv.az\/wp-content\/uploads\/2024\/04\/FotoJet-1-38.jpg",620,413,false],"portraits":["https:\/\/arantv.az\/wp-content\/uploads\/2024\/04\/FotoJet-1-38.jpg",620,413,false],"thumbnail":["https:\/\/arantv.az\/wp-content\/uploads\/2024\/04\/FotoJet-1-38-500x280.jpg",500,280,true],"medium":["https:\/\/arantv.az\/wp-content\/uploads\/2024\/04\/FotoJet-1-38-548x365.jpg",548,365,true],"large":["https:\/\/arantv.az\/wp-content\/uploads\/2024\/04\/FotoJet-1-38.jpg",620,413,false],"1536x1536":["https:\/\/arantv.az\/wp-content\/uploads\/2024\/04\/FotoJet-1-38.jpg",620,413,false],"2048x2048":["https:\/\/arantv.az\/wp-content\/uploads\/2024\/04\/FotoJet-1-38.jpg",620,413,false],"post-thumbnail":["https:\/\/arantv.az\/wp-content\/uploads\/2024\/04\/FotoJet-1-38-240x172.jpg",240,172,true],"advps-thumb-one":["https:\/\/arantv.az\/wp-content\/uploads\/2024\/04\/FotoJet-1-38.jpg",620,413,false]},"rttpg_author":{"display_name":"V\u00fcsal Rafiqo\u011flu","author_link":"https:\/\/arantv.az\/?author=2"},"rttpg_comment":0,"rttpg_category":"<a href=\"https:\/\/arantv.az\/?cat=19\" rel=\"category\">G\u00fcnd\u0259m<\/a>","rttpg_excerpt":"Az\u0259rbaycan il\u0259 Erm\u0259nistan aras\u0131ndak\u0131 s\u0259rh\u0259dd\u0259 koordinatlar\u0131n d\u0259qiql\u0259\u015fdirilm\u0259si i\u015fl\u0259ri \u00e7\u0259r\u00e7iv\u0259sind\u0259 apar\u0131lan geodeziya \u00f6l\u00e7m\u0259l\u0259ri \u0259sas\u0131nda n\u0259z\u0259rd\u0259 tutulan i\u015fl\u0259rin yar\u0131s\u0131ndan \u00e7oxu 2024-c\u00fc il aprelin 29-d\u0259k yerin\u0259 yetirilib, 35 s\u0259rh\u0259d dir\u0259yi qura\u015fd\u0131r\u0131l\u0131b. ARANTV.AZ \u00a0x\u0259b\u0259r verir ki, bu bar\u0259d\u0259 Az\u0259rbaycan Ba\u015f nazirinin m\u00fcavini \u015eahin Mustafayevin Xidm\u0259ti m\u0259lumat yay\u0131b. Qeyd olunub ki, h\u0259r iki d\u00f6vl\u0259tin ekspert qruplar\u0131n\u0131n i\u015fi davam edir.","_links":{"self":[{"href":"https:\/\/arantv.az\/index.php?rest_route=\/wp\/v2\/posts\/716642"}],"collection":[{"href":"https:\/\/arantv.az\/index.php?rest_route=\/wp\/v2\/posts"}],"about":[{"href":"https:\/\/arantv.az\/index.php?rest_route=\/wp\/v2\/types\/post"}],"author":[{"embeddable":true,"href":"https:\/\/arantv.az\/index.php?rest_route=\/wp\/v2\/users\/2"}],"replies":[{"embeddable":true,"href":"https:\/\/arantv.az\/index.php?rest_route=%2Fwp%2Fv2%2Fcomments&post=716642"}],"version-history":[{"count":0,"href":"https:\/\/arantv.az\/index.php?rest_route=\/wp\/v2\/posts\/716642\/revisions"}],"wp:featuredmedia":[{"embeddable":true,"href":"https:\/\/arantv.az\/index.php?rest_route=\/wp\/v2\/media\/716643"}],"wp:attachment":[{"href":"https:\/\/arantv.az\/index.php?rest_route=%2Fwp%2Fv2%2Fmedia&parent=716642"}],"wp:term":[{"taxonomy":"category","embeddable":true,"href":"https:\/\/arantv.az\/index.php?rest_route=%2Fwp%2Fv2%2Fcategories&post=716642"},{"taxonomy":"post_tag","embeddable":true,"href":"https:\/\/arantv.az\/index.php?rest_route=%2Fwp%2Fv2%2Ftags&post=716642"}],"curies":[{"name":"wp","href":"https:\/\/api.w.org\/{rel}","templated":true}]}}