{"id":716650,"date":"2024-04-29T19:13:54","date_gmt":"2024-04-29T15:13:54","guid":{"rendered":"https:\/\/arantv.az\/?p=716650"},"modified":"2024-04-29T19:13:54","modified_gmt":"2024-04-29T15:13:54","slug":"baki-v%c9%99-ir%c9%99van-arasinda-vasit%c9%99cilik-c%c9%99hdi-sulh-az%c9%99rbaycanin-s%c9%99yl%c9%99rini-d%c9%99st%c9%99kl%c9%99m%c9%99kl%c9%99-mumkundur-s%c9%99rh-foto","status":"publish","type":"post","link":"https:\/\/arantv.az\/?p=716650","title":{"rendered":"Bak\u0131 v\u0259 \u0130r\u0259van aras\u0131nda vasit\u0259\u00e7ilik c\u0259hdi: s\u00fclh Az\u0259rbaycan\u0131n s\u0259yl\u0259rini d\u0259st\u0259kl\u0259m\u0259kl\u0259 m\u00fcmk\u00fcnd\u00fcr &#8211; \u015e\u018fRH + FOTO"},"content":{"rendered":"<p>AB\u015e Erm\u0259nistan v\u0259 Az\u0259rbaycan aras\u0131nda uzun m\u00fcdd\u0259tdir ki, vasit\u0259\u00e7iliy\u0259 c\u0259hd edir. H\u0259l\u0259 XX \u0259srin sonlar\u0131nda iki t\u0259r\u0259f aras\u0131nda m\u00fcnaqi\u015f\u0259 ba\u015flayandan b\u0259ri r\u0259smi Va\u015finqton m\u00fcxt\u0259lif s\u0259viyy\u0259l\u0259rd\u0259 ba\u015f ver\u0259n prosesl\u0259rin i\u015ftirak\u00e7\u0131s\u0131 olma\u011fa \u00e7al\u0131\u015f\u0131rd\u0131. Lakin b\u00fct\u00fcn bunlar\u0131n he\u00e7 bir praktik n\u0259tic\u0259si olmay\u0131b.<\/p>\n<p>A\u011f Ev bu g\u00fcn d\u0259, y\u0259ni Qaraba\u011f m\u0259s\u0259l\u0259si tamamil\u0259 h\u0259llini tapandan sonra da bel\u0259 c\u0259hdl\u0259r edir. M\u0259qs\u0259d bu v\u0259 ya dig\u0259r formada C\u0259nubi Qafqazdak\u0131 t\u0259sir g\u00fcc\u00fcn\u00fc g\u00f6st\u0259rm\u0259kdir. Va\u015finqton zaman-zaman Bak\u0131 il\u0259 \u0130r\u0259van aras\u0131ndak\u0131 m\u00fcxt\u0259lif prosesl\u0259r\u0259 m\u00fcnasib\u0259t bildirir. Bununla da sanki \u201cm\u0259n d\u0259 varam\u201d dem\u0259k ist\u0259yir.<\/p>\n<p>AB\u015e d\u00f6vl\u0259t katibi Antoni Blinken aprelin 28-d\u0259 \u0259vv\u0259lc\u0259 Erm\u0259nistan\u0131n ba\u015f naziri Nikol Pa\u015finyan, sonra is\u0259 Az\u0259rbaycan Prezidenti\u00a0<strong>\u0130lham \u018fliyevl\u0259\u00a0<\/strong>telefonla dan\u0131\u015fd\u0131. Bu m\u00fczakir\u0259l\u0259rin \u0259sas m\u00f6vzusu iki \u00f6lk\u0259 aras\u0131nda s\u0259rh\u0259dl\u0259rin delimitasiya v\u0259 demarkasiya m\u0259s\u0259l\u0259l\u0259ri idi.<\/p>\n<p>Telefon dan\u0131\u015f\u0131\u011f\u0131 zaman\u0131 Pa\u015finyan Az\u0259rbaycanla s\u0259rh\u0259din delimitasiya prosesini m\u00fcsb\u0259t qiym\u0259tl\u0259ndirib. Bununla yana\u015f\u0131, qald\u0131r\u0131lan probleml\u0259rin h\u0259lli \u00fc\u00e7\u00fcn m\u00fcmk\u00fcn olan h\u0259r \u015feyin edil\u0259c\u0259yin\u0259 \u0259minliyini bildirib. Qeyd edilib ki, Almat\u0131 b\u0259yannam\u0259si \u0259sas\u0131nda \u0259razi b\u00fct\u00f6vl\u00fcy\u00fcn\u00fcn qar\u015f\u0131l\u0131ql\u0131 tan\u0131nmas\u0131 v\u0259 s\u0259rh\u0259din delimitasiyas\u0131 Erm\u0259nistanla Az\u0259rbaycan aras\u0131nda s\u00fclh m\u00fcqavil\u0259sinin imzalanmas\u0131na yol a\u00e7\u0131r.<\/p>\n<p><img src=\"https:\/\/cdn.oxu.az\/uploads\/W1siZiIsIjIwMjQvMDQvMjkvMTcvMjkvMTcvMTM4MWI5MTAtZDBlNi00NDg5LTg0YjEtMWNkNjQwZjVjZTQ0LzE3NzNjYTIwLTYyYmQtM2IzYy1hMzFjLTJiOWE5YjNhYTc0NC5qcGciXSxbInAiLCJlbmNvZGUiLCJqcGciLCItcXVhbGl0eSA4MCJdLFsicCIsInRodW1iIiwiNTkweDU5MFx1MDAzZSJdXQ?sha=8f644c2e7db463ff\" alt=\"\" \/><\/p>\n<p>M\u0259lum oldu\u011fu kimi, aprelin 19-da Az\u0259rbaycan il\u0259 Erm\u0259nistan aras\u0131nda d\u00f6vl\u0259t s\u0259rh\u0259dinin delimitasiyas\u0131 \u00fczr\u0259 D\u00f6vl\u0259t Komissiyas\u0131 v\u0259 Erm\u0259nistan il\u0259 Az\u0259rbaycan aras\u0131nda d\u00f6vl\u0259t s\u0259rh\u0259dinin delimitasiyas\u0131 v\u0259 s\u0259rh\u0259d t\u0259hl\u00fck\u0259sizliyi m\u0259s\u0259l\u0259l\u0259ri \u00fczr\u0259 Komissiyan\u0131n s\u0259kkizinci g\u00f6r\u00fc\u015f\u00fcnd\u0259 Qazax\u0131n 4 k\u0259ndinin Az\u0259rbaycana qaytar\u0131lmas\u0131 bar\u0259d\u0259 Erm\u0259nistanla raz\u0131l\u0131q \u0259ld\u0259 edilib. H\u0259m\u00e7inin, iki \u00f6lk\u0259 aras\u0131nda s\u0259rh\u0259dl\u0259rin m\u00fc\u0259yy\u0259nl\u0259\u015fdirilm\u0259si prosesi il\u0259 ba\u011fl\u0131 raz\u0131l\u0131q \u0259ld\u0259 olunub. Art\u0131q proses ba\u015flay\u0131b.<\/p>\n<p>Sual yaran\u0131r, AB\u015e h\u0259qiq\u0259t\u0259n delimitasiya prosesinin ba\u015flanmas\u0131ndan m\u0259mnundur? \u00d6nc\u0259 onu dey\u0259k ki, bu raz\u0131l\u0131q birba\u015fa t\u0259maslar n\u0259tic\u0259sind\u0259 \u0259ld\u0259 olunub. Va\u015finqton is\u0259 b\u00fct\u00fcn imkanlar\u0131 il\u0259 \u0130r\u0259van\u0131 idar\u0259 etm\u0259y\u0259 \u00e7al\u0131\u015f\u0131r. AB\u015e n\u0259 AT\u018fT-in ke\u00e7mi\u015f Minsk Qrupunun h\u0259ms\u0259dri kimi, n\u0259 d\u0259 \u0130kinci Qaraba\u011f m\u00fcharib\u0259sind\u0259n sonrak\u0131 d\u00f6vrd\u0259 regional s\u00fclh v\u0259 sabitliy\u0259 praktik \u015f\u0259kild\u0259 he\u00e7 bir t\u00f6hf\u0259 verm\u0259yib. B\u00fct\u00fcn n\u0259tic\u0259l\u0259r r\u0259smi Bak\u0131n\u0131n h\u0259rbi v\u0259 diplomatik s\u0259yl\u0259ri n\u0259tic\u0259sind\u0259 \u0259ld\u0259 olunub. Bununla bel\u0259 AB\u015e b\u00f6y\u00fck g\u00fcc v\u0259 ciddi t\u0259sir imkan\u0131na malik bir \u00f6lk\u0259 kimi h\u0259qiq\u0259t\u0259n regionda sabitliyin t\u0259min olunmas\u0131n\u0131 ist\u0259s\u0259ydi, bunu \u00e7oxdan bacarard\u0131. Amma r\u0259smi Va\u015finqtonun s\u00fclh istiqam\u0259tind\u0259 ciddi s\u0259yl\u0259ri m\u00fc\u015fahid\u0259 olunmad\u0131. Bu is\u0259 o dem\u0259kdir ki, A.Blinkenin N.Pa\u015finyanla telefon dan\u0131\u015f\u0131\u011f\u0131 zaman\u0131 s\u0259mimi olmas\u0131 sual alt\u0131ndad\u0131r.<\/p>\n<p>AB\u015e d\u00f6vl\u0259t katibinin Prezident \u0130lham \u018fliyevl\u0259 telefon dan\u0131\u015f\u0131\u011f\u0131nda da ox\u015far m\u0259s\u0259l\u0259l\u0259r bar\u0259d\u0259 dan\u0131\u015f\u0131l\u0131b. D\u00f6vl\u0259t ba\u015f\u00e7\u0131s\u0131 qeyd edib ki, Az\u0259rbaycan-Erm\u0259nistan s\u0259rh\u0259dind\u0259 demarkasiyan\u0131n ba\u015flanmas\u0131 m\u00fcsb\u0259t add\u0131md\u0131r. Prezident s\u00fclh m\u00fcqavil\u0259si \u00fczr\u0259 dan\u0131\u015f\u0131qlar\u0131n davam etdirilm\u0259si \u00fc\u00e7\u00fcn Qazax\u0131stan t\u0259r\u0259finin t\u0259klifin\u0259 uy\u011fun olaraq tezlikl\u0259 Az\u0259rbaycan v\u0259 Erm\u0259nistan xarici i\u015fl\u0259r nazirl\u0259rinin Almat\u0131da g\u00f6r\u00fc\u015f\u0259c\u0259kl\u0259rini bildirib. S\u00fclh m\u00fcqavil\u0259sinin v\u0259 onun \u0259sas\u0131n\u0131 t\u0259\u015fkil ed\u0259n 5 prinsipin t\u0259\u015f\u0259bb\u00fcskar\u0131n\u0131n Az\u0259rbaycan oldu\u011funu xat\u0131rladan Prezident \u0130lham \u018fliyev Bak\u0131n\u0131n s\u00fclh g\u00fcnd\u0259liyinin bundan sonra da davam etdirilm\u0259si \u00fc\u00e7\u00fcn s\u0259yl\u0259rini \u0259sirg\u0259m\u0259y\u0259c\u0259yini vur\u011fulay\u0131b v\u0259 Az\u0259rbaycan\u0131n bu x\u00fcsusda q\u0259ti siyasi irad\u0259y\u0259 malik oldu\u011funu qeyd edib. \u00d6lk\u0259 lideri \u0259lav\u0259 edib ki, Az\u0259rbaycan regionda h\u0259r hans\u0131 ay\u0131r\u0131c\u0131 x\u0259tl\u0259r olmadan inteqrasiya olunmu\u015f C\u0259nubi Qafqaz regional \u0259m\u0259kda\u015fl\u0131q modelinin qurulmas\u0131n\u0131 d\u0259st\u0259kl\u0259yir.<\/p>\n<p><img src=\"https:\/\/cdn.oxu.az\/uploads\/W1siZiIsIjIwMjQvMDQvMjkvMTcvMjkvMTcvYmJjYzMwM2QtMWQ3NS00ODM0LWI3NGEtODE4MzNjOTBlOWYxL2UzNGUyMTA3LTU1ZDktMzI0Yy04YzczLTEwMWU1YjIzNTRmZS5qcGciXSxbInAiLCJlbmNvZGUiLCJqcGciLCItcXVhbGl0eSA4MCJdLFsicCIsInRodW1iIiwiNTkweDU5MFx1MDAzZSJdXQ?sha=9b98b77891e4e1f6\" alt=\"\" \/><\/p>\n<p>\u018flb\u0259tt\u0259, demarkasiya prosesinin ba\u015flanmas\u0131 Bak\u0131 il\u0259 \u0130r\u0259van aras\u0131nda qar\u015f\u0131l\u0131ql\u0131 etimad m\u00fchitinin yaranmas\u0131 \u00fc\u00e7\u00fcn m\u00fch\u00fcm \u0259h\u0259miyy\u0259t\u0259 malikdir. Bu, h\u0259m d\u0259 onu dem\u0259y\u0259 \u0259sas verir ki, Erm\u0259nistan v\u0259 Az\u0259rbaycan he\u00e7 bir vasit\u0259\u00e7i olmadan da raz\u0131l\u0131\u011fa g\u0259l\u0259 bilirl\u0259r. \u018fld\u0259 olunan son raz\u0131l\u0131q da g\u00f6st\u0259rdi ki, \u0259slind\u0259, n\u0259 Erm\u0259nistan\u0131n, n\u0259 d\u0259 Az\u0259rbaycan\u0131n \u00fc\u00e7\u00fcnc\u00fc t\u0259r\u0259fin vasit\u0259\u00e7iliyin\u0259 ehtiyac\u0131 var.<\/p>\n<p>Az\u0259rbaycan regional sabitlik v\u0259 \u0259m\u0259kda\u015fl\u0131q m\u00fchitinin t\u0259min olunmas\u0131, h\u0259m\u00e7inin Erm\u0259nistanla yekun s\u00fclh sazi\u015finin imzalanmas\u0131 \u00fc\u00e7\u00fcn c\u0259hdl\u0259rini bundan sonra da davam etdir\u0259c\u0259k. Bunu Prezident \u0130lham \u018fliyev d\u0259 Blinkenin diqq\u0259tin\u0259 \u00e7atd\u0131r\u0131b. D\u00f6vl\u0259t ba\u015f\u00e7\u0131s\u0131n\u0131n vur\u011fulad\u0131\u011f\u0131 kimi, Az\u0259rbaycan bunun \u00fc\u00e7\u00fcn laz\u0131mi siyasi irad\u0259y\u0259 malikdir. \u018fg\u0259r Erm\u0259nistan s\u00fclh ist\u0259yirs\u0259, Pa\u015finyan hakimiyy\u0259ti d\u0259 siyasi irad\u0259 n\u00fcmayi\u015f etdirm\u0259lidir. \u00dc\u00e7\u00fcnc\u00fc g\u00fccl\u0259rin \u201c\u00e7ald\u0131\u011f\u0131na oynamaq\u201d he\u00e7 bir halda \u0130r\u0259van \u00fc\u00e7\u00fcn faydal\u0131 deyil. \u00c7\u00fcnki ist\u0259nil\u0259n \u00fc\u00e7\u00fcnc\u00fc g\u00fcc ancaq \u00f6z maraqlar\u0131n\u0131 d\u00fc\u015f\u00fcn\u00fcr. Reall\u0131q budur ki, regionun v\u0259 ya Erm\u0259nistan\u0131n taleyi n\u0259 AB\u015e-ni, n\u0259 d\u0259 dig\u0259rl\u0259rini maraqland\u0131r\u0131r. Tarix d\u0259 bunu s\u00fcbut edib.<\/p>\n<p><img src=\"https:\/\/cdn.oxu.az\/uploads\/W1siZiIsIjIwMjQvMDQvMjkvMTcvMjkvMTcvMTM4MWI5MTAtZDBlNi00NDg5LTg0YjEtMWNkNjQwZjVjZTQ0LzE3NzNjYTIwLTYyYmQtM2IzYy1hMzFjLTJiOWE5YjNhYTc0NC5qcGciXSxbInAiLCJlbmNvZGUiLCJqcGciLCItcXVhbGl0eSA4MCJdLFsicCIsInRodW1iIiwiNTkweDU5MFx1MDAzZSJdXQ?sha=8f644c2e7db463ff\" alt=\"\" \/><\/p>\n<p>\u00c7\u0259tin m\u0259s\u0259l\u0259l\u0259r gerid\u0259 qal\u0131b. Erm\u0259nistan v\u0259 Az\u0259rbaycan\u0131n art\u0131q birba\u015fa t\u0259maslar\u0131 var. Proses u\u011furla davam edir. Odur ki, daha vasit\u0259\u00e7iy\u0259 ehtiyac yoxdur. \u018fg\u0259r AB\u015e h\u0259qiq\u0259t\u0259n proses\u0259 t\u00f6hf\u0259 verm\u0259k ist\u0259yirs\u0259, onda bunun \u00fc\u00e7\u00fcn \u0259m\u0259li add\u0131mlar atmal\u0131d\u0131r. Erm\u0259nistan\u0131n \u201cba\u015f\u0131n\u0131n alt\u0131na yast\u0131q qoymaq\u201dla s\u00fclh prosesin\u0259 t\u00f6hf\u0259 verm\u0259k olmaz. Bu m\u0259nada, Va\u015finqton bilm\u0259lidir ki, Bak\u0131 \u00fc\u00e7\u00fcn s\u00f6zl\u0259r yox, \u0259m\u0259ll\u0259r \u0259h\u0259miyy\u0259tlidir.<\/p>\n<p>Onu da n\u0259z\u0259r\u0259 alaq ki, s\u00fclh m\u00fcqavil\u0259si v\u0259 onun 5 prinsipinin t\u0259\u015f\u0259bb\u00fcskar\u0131 m\u0259hz Az\u0259rbaycand\u0131r. Ancaq h\u0259m Erm\u0259nistan, h\u0259m d\u0259 beyn\u0259lxalq ictimaiyy\u0259t, o c\u00fcml\u0259d\u0259n AB\u015e bu s\u0259yl\u0259r\u0259 d\u0259st\u0259k verm\u0259lidir. \u018fg\u0259r bel\u0259 olarsa, \u0259n q\u0131sa vaxtda tarixi u\u011fura &#8211; Erm\u0259nistanla Az\u0259rbaycan aras\u0131nda yekun s\u00fclh m\u00fcqavil\u0259sin\u0259 nail olmaq m\u00fcmk\u00fcnd\u00fcr.<\/p>\n<p><strong>\u201cReport\u201d \u0130nformasiya Agentliyi \u00a0<\/strong><\/p>\n","protected":false},"excerpt":{"rendered":"<p>AB\u015e Erm\u0259nistan v\u0259 Az\u0259rbaycan aras\u0131nda uzun m\u00fcdd\u0259tdir ki, vasit\u0259\u00e7iliy\u0259 c\u0259hd edir. H\u0259l\u0259 XX \u0259srin sonlar\u0131nda iki t\u0259r\u0259f aras\u0131nda m\u00fcnaqi\u015f\u0259 ba\u015flayandan b\u0259ri r\u0259smi Va\u015finqton m\u00fcxt\u0259lif s\u0259viyy\u0259l\u0259rd\u0259 ba\u015f ver\u0259n prosesl\u0259rin i\u015ftirak\u00e7\u0131s\u0131 olma\u011fa \u00e7al\u0131\u015f\u0131rd\u0131. Lakin b\u00fct\u00fcn bunlar\u0131n he\u00e7 bir praktik n\u0259tic\u0259si olmay\u0131b. A\u011f Ev bu g\u00fcn d\u0259, y\u0259ni Qaraba\u011f m\u0259s\u0259l\u0259si tamamil\u0259 h\u0259llini tapandan sonra da bel\u0259 c\u0259hdl\u0259r edir. M\u0259qs\u0259d bu v\u0259 ya dig\u0259r formada C\u0259nubi Qafqazdak\u0131 t\u0259sir g\u00fcc\u00fcn\u00fc g\u00f6st\u0259rm\u0259kdir. Va\u015finqton zaman-zaman Bak\u0131 il\u0259 \u0130r\u0259van aras\u0131ndak\u0131 m\u00fcxt\u0259lif prosesl\u0259r\u0259 m\u00fcnasib\u0259t bildirir. Bununla da sanki \u201cm\u0259n d\u0259 varam\u201d dem\u0259k ist\u0259yir. AB\u015e d\u00f6vl\u0259t katibi Antoni Blinken aprelin&hellip;<\/p>\n","protected":false},"author":2,"featured_media":716651,"comment_status":"closed","ping_status":"closed","sticky":false,"template":"","format":"standard","meta":{"om_disable_all_campaigns":false,"_monsterinsights_skip_tracking":false,"_monsterinsights_sitenote_active":false,"_monsterinsights_sitenote_note":"","_monsterinsights_sitenote_category":0},"categories":[4],"tags":[],"aioseo_notices":[],"gutentor_comment":0,"rttpg_featured_image_url":{"full":["https:\/\/arantv.az\/wp-content\/uploads\/2024\/04\/203f42ea-6c4a-3bd5-94d9-6ca75badaa6f_850.jpg",620,413,false],"landscape":["https:\/\/arantv.az\/wp-content\/uploads\/2024\/04\/203f42ea-6c4a-3bd5-94d9-6ca75badaa6f_850.jpg",620,413,false],"portraits":["https:\/\/arantv.az\/wp-content\/uploads\/2024\/04\/203f42ea-6c4a-3bd5-94d9-6ca75badaa6f_850.jpg",620,413,false],"thumbnail":["https:\/\/arantv.az\/wp-content\/uploads\/2024\/04\/203f42ea-6c4a-3bd5-94d9-6ca75badaa6f_850-500x280.jpg",500,280,true],"medium":["https:\/\/arantv.az\/wp-content\/uploads\/2024\/04\/203f42ea-6c4a-3bd5-94d9-6ca75badaa6f_850-548x365.jpg",548,365,true],"large":["https:\/\/arantv.az\/wp-content\/uploads\/2024\/04\/203f42ea-6c4a-3bd5-94d9-6ca75badaa6f_850.jpg",620,413,false],"1536x1536":["https:\/\/arantv.az\/wp-content\/uploads\/2024\/04\/203f42ea-6c4a-3bd5-94d9-6ca75badaa6f_850.jpg",620,413,false],"2048x2048":["https:\/\/arantv.az\/wp-content\/uploads\/2024\/04\/203f42ea-6c4a-3bd5-94d9-6ca75badaa6f_850.jpg",620,413,false],"post-thumbnail":["https:\/\/arantv.az\/wp-content\/uploads\/2024\/04\/203f42ea-6c4a-3bd5-94d9-6ca75badaa6f_850-240x172.jpg",240,172,true],"advps-thumb-one":["https:\/\/arantv.az\/wp-content\/uploads\/2024\/04\/203f42ea-6c4a-3bd5-94d9-6ca75badaa6f_850.jpg",620,413,false]},"rttpg_author":{"display_name":"V\u00fcsal Rafiqo\u011flu","author_link":"https:\/\/arantv.az\/?author=2"},"rttpg_comment":0,"rttpg_category":"<a href=\"https:\/\/arantv.az\/?cat=4\" rel=\"category\">Siyas\u0259t<\/a>","rttpg_excerpt":"AB\u015e Erm\u0259nistan v\u0259 Az\u0259rbaycan aras\u0131nda uzun m\u00fcdd\u0259tdir ki, vasit\u0259\u00e7iliy\u0259 c\u0259hd edir. H\u0259l\u0259 XX \u0259srin sonlar\u0131nda iki t\u0259r\u0259f aras\u0131nda m\u00fcnaqi\u015f\u0259 ba\u015flayandan b\u0259ri r\u0259smi Va\u015finqton m\u00fcxt\u0259lif s\u0259viyy\u0259l\u0259rd\u0259 ba\u015f ver\u0259n prosesl\u0259rin i\u015ftirak\u00e7\u0131s\u0131 olma\u011fa \u00e7al\u0131\u015f\u0131rd\u0131. Lakin b\u00fct\u00fcn bunlar\u0131n he\u00e7 bir praktik n\u0259tic\u0259si olmay\u0131b. A\u011f Ev bu g\u00fcn d\u0259, y\u0259ni Qaraba\u011f m\u0259s\u0259l\u0259si tamamil\u0259 h\u0259llini tapandan sonra da bel\u0259 c\u0259hdl\u0259r edir.&hellip;","_links":{"self":[{"href":"https:\/\/arantv.az\/index.php?rest_route=\/wp\/v2\/posts\/716650"}],"collection":[{"href":"https:\/\/arantv.az\/index.php?rest_route=\/wp\/v2\/posts"}],"about":[{"href":"https:\/\/arantv.az\/index.php?rest_route=\/wp\/v2\/types\/post"}],"author":[{"embeddable":true,"href":"https:\/\/arantv.az\/index.php?rest_route=\/wp\/v2\/users\/2"}],"replies":[{"embeddable":true,"href":"https:\/\/arantv.az\/index.php?rest_route=%2Fwp%2Fv2%2Fcomments&post=716650"}],"version-history":[{"count":0,"href":"https:\/\/arantv.az\/index.php?rest_route=\/wp\/v2\/posts\/716650\/revisions"}],"wp:featuredmedia":[{"embeddable":true,"href":"https:\/\/arantv.az\/index.php?rest_route=\/wp\/v2\/media\/716651"}],"wp:attachment":[{"href":"https:\/\/arantv.az\/index.php?rest_route=%2Fwp%2Fv2%2Fmedia&parent=716650"}],"wp:term":[{"taxonomy":"category","embeddable":true,"href":"https:\/\/arantv.az\/index.php?rest_route=%2Fwp%2Fv2%2Fcategories&post=716650"},{"taxonomy":"post_tag","embeddable":true,"href":"https:\/\/arantv.az\/index.php?rest_route=%2Fwp%2Fv2%2Ftags&post=716650"}],"curies":[{"name":"wp","href":"https:\/\/api.w.org\/{rel}","templated":true}]}}