{"id":716653,"date":"2024-04-29T19:14:27","date_gmt":"2024-04-29T15:14:27","guid":{"rendered":"https:\/\/arantv.az\/?p=716653"},"modified":"2024-04-29T19:14:27","modified_gmt":"2024-04-29T15:14:27","slug":"deputat-sayinin-artmasi-proses-nec%c9%99-bas-ver%c9%99-bil%c9%99r-s%c9%99rh","status":"publish","type":"post","link":"https:\/\/arantv.az\/?p=716653","title":{"rendered":"Deputat say\u0131n\u0131n artmas\u0131: Proses nec\u0259 ba\u015f ver\u0259 bil\u0259r? &#8211; \u015e\u018fRH"},"content":{"rendered":"<p>Az\u0259rbaycanda Milli M\u0259clis\u0259 n\u00f6vb\u0259ti se\u00e7kinin ke\u00e7irilm\u0259si g\u00f6zl\u0259nilir. Se\u00e7ki il\u0259 \u0259laq\u0259dar fikirl\u0259r m\u00fcxt\u0259lifdir.<\/p>\n<p>\u00c7\u00fcnki parlamentin s\u0259lahiyy\u0259t m\u00fcdd\u0259ti 5 ildir, Az\u0259rbaycanda is\u0259 Milli M\u0259clis\u0259 sonuncu se\u00e7ki 2020-ci ilin fevral\u0131n 9-da ke\u00e7irilib.<\/p>\n<p>2024-c\u00fc ilin yay aylar\u0131nda se\u00e7kinin ke\u00e7irilm\u0259si is\u0259 vaxt\u0131ndan \u0259vv\u0259l parlament se\u00e7kisi dem\u0259kdir. H\u0259min m\u0259qam\u0131 bu yaz\u0131da izah etm\u0259y\u0259\u00a0<a href=\"https:\/\/oxu.az\/politics\/862331\" target=\"_blank\" rel=\"noopener\">\u00e7al\u0131\u015fm\u0131\u015fd\u0131q.<\/a><\/p>\n<p>M\u00fczakir\u0259 edil\u0259n m\u00f6vzulardan biri is\u0259 parlamentd\u0259 deputat yerl\u0259rinin say\u0131n\u0131n art\u0131r\u0131lmas\u0131d\u0131r.<\/p>\n<p>Konstitusiyan\u0131n 82-ci madd\u0259si Az\u0259rbaycan Respublikas\u0131n\u0131n Milli M\u0259clisind\u0259 deputatlar\u0131n say t\u0259rkibini m\u00fc\u0259yy\u0259n edir. H\u0259min madd\u0259d\u0259 g\u00f6st\u0259rilir ki, Az\u0259rbaycan Milli M\u0259clisi 125 deputatdan ibar\u0259tdir.<\/p>\n<p>Ancaq deputatlar\u0131n say t\u0259rkibi il\u0259 \u0259laq\u0259dar art\u0131m g\u00f6zl\u0259nilirs\u0259, bu, se\u00e7kid\u0259n \u00f6nc\u0259ki bir proses\u0259 ba\u011fl\u0131d\u0131r.<\/p>\n<p>Bel\u0259 ki, \u0259g\u0259r h\u00f6kum\u0259t deputatlar\u0131n say\u0131n\u0131 art\u0131rmaq ist\u0259yirs\u0259, bu, referendum prosesi il\u0259 m\u00fc\u0259yy\u0259n edilm\u0259lidir.<\/p>\n<p>\u00c7\u00fcnki deputat say\u0131 il\u0259 \u0259laq\u0259dar r\u0259q\u0259min d\u0259yi\u015fdirilm\u0259si Konstitusiyan\u0131n d\u0259yi\u015fdirilm\u0259sini t\u0259l\u0259b edir ki, bu da referendumla m\u00fcmk\u00fcnd\u00fcr.<\/p>\n<p>Bel\u0259 oldu\u011fu t\u0259qdird\u0259 iki versiya \u00fczr\u0259 fikir y\u00fcr\u00fctm\u0259k olar:<\/p>\n<p>Birincisi, h\u00f6kum\u0259t deputat yerl\u0259rinin art\u0131r\u0131lmas\u0131na ehtiyac duymadan parlament se\u00e7kisin\u0259 gedir.<\/p>\n<p>Ancaq bel\u0259 olaca\u011f\u0131 t\u0259qdird\u0259, n\u00f6vb\u0259ti \u00e7a\u011f\u0131r\u0131\u015f parlamentin d\u0259 tez burax\u0131lmas\u0131 ehtimal\u0131 yarana bil\u0259r. \u00c7\u00fcnki \u00fcmumiyy\u0259tl\u0259 referendumun vacib oldu\u011fu haqq\u0131nda \u0259sasland\u0131r\u0131lm\u0131\u015f fikirl\u0259r az deyil.<\/p>\n<p>\u0130kincisi, h\u00f6kum\u0259t parlamentd\u0259 say d\u0259yi\u015fikliyind\u0259 israr edirs\u0259, o zaman Milli M\u0259clis\u0259 se\u00e7kid\u0259n \u00f6nc\u0259 m\u00fctl\u0259q referendum ke\u00e7irilm\u0259lidir.<\/p>\n","protected":false},"excerpt":{"rendered":"<p>Az\u0259rbaycanda Milli M\u0259clis\u0259 n\u00f6vb\u0259ti se\u00e7kinin ke\u00e7irilm\u0259si g\u00f6zl\u0259nilir. Se\u00e7ki il\u0259 \u0259laq\u0259dar fikirl\u0259r m\u00fcxt\u0259lifdir. \u00c7\u00fcnki parlamentin s\u0259lahiyy\u0259t m\u00fcdd\u0259ti 5 ildir, Az\u0259rbaycanda is\u0259 Milli M\u0259clis\u0259 sonuncu se\u00e7ki 2020-ci ilin fevral\u0131n 9-da ke\u00e7irilib. 2024-c\u00fc ilin yay aylar\u0131nda se\u00e7kinin ke\u00e7irilm\u0259si is\u0259 vaxt\u0131ndan \u0259vv\u0259l parlament se\u00e7kisi dem\u0259kdir. H\u0259min m\u0259qam\u0131 bu yaz\u0131da izah etm\u0259y\u0259\u00a0\u00e7al\u0131\u015fm\u0131\u015fd\u0131q. M\u00fczakir\u0259 edil\u0259n m\u00f6vzulardan biri is\u0259 parlamentd\u0259 deputat yerl\u0259rinin say\u0131n\u0131n art\u0131r\u0131lmas\u0131d\u0131r. Konstitusiyan\u0131n 82-ci madd\u0259si Az\u0259rbaycan Respublikas\u0131n\u0131n Milli M\u0259clisind\u0259 deputatlar\u0131n say t\u0259rkibini m\u00fc\u0259yy\u0259n edir. H\u0259min madd\u0259d\u0259 g\u00f6st\u0259rilir ki, Az\u0259rbaycan Milli M\u0259clisi 125 deputatdan ibar\u0259tdir. Ancaq deputatlar\u0131n say t\u0259rkibi il\u0259 \u0259laq\u0259dar art\u0131m g\u00f6zl\u0259nilirs\u0259, bu, se\u00e7kid\u0259n \u00f6nc\u0259ki&hellip;<\/p>\n","protected":false},"author":2,"featured_media":716654,"comment_status":"closed","ping_status":"closed","sticky":false,"template":"","format":"standard","meta":{"om_disable_all_campaigns":false,"_monsterinsights_skip_tracking":false,"_monsterinsights_sitenote_active":false,"_monsterinsights_sitenote_note":"","_monsterinsights_sitenote_category":0},"categories":[4],"tags":[],"aioseo_notices":[],"gutentor_comment":0,"rttpg_featured_image_url":{"full":["https:\/\/arantv.az\/wp-content\/uploads\/2024\/04\/FotoJet-2-18.jpg",620,413,false],"landscape":["https:\/\/arantv.az\/wp-content\/uploads\/2024\/04\/FotoJet-2-18.jpg",620,413,false],"portraits":["https:\/\/arantv.az\/wp-content\/uploads\/2024\/04\/FotoJet-2-18.jpg",620,413,false],"thumbnail":["https:\/\/arantv.az\/wp-content\/uploads\/2024\/04\/FotoJet-2-18-500x280.jpg",500,280,true],"medium":["https:\/\/arantv.az\/wp-content\/uploads\/2024\/04\/FotoJet-2-18-548x365.jpg",548,365,true],"large":["https:\/\/arantv.az\/wp-content\/uploads\/2024\/04\/FotoJet-2-18.jpg",620,413,false],"1536x1536":["https:\/\/arantv.az\/wp-content\/uploads\/2024\/04\/FotoJet-2-18.jpg",620,413,false],"2048x2048":["https:\/\/arantv.az\/wp-content\/uploads\/2024\/04\/FotoJet-2-18.jpg",620,413,false],"post-thumbnail":["https:\/\/arantv.az\/wp-content\/uploads\/2024\/04\/FotoJet-2-18-240x172.jpg",240,172,true],"advps-thumb-one":["https:\/\/arantv.az\/wp-content\/uploads\/2024\/04\/FotoJet-2-18.jpg",620,413,false]},"rttpg_author":{"display_name":"V\u00fcsal Rafiqo\u011flu","author_link":"https:\/\/arantv.az\/?author=2"},"rttpg_comment":0,"rttpg_category":"<a href=\"https:\/\/arantv.az\/?cat=4\" rel=\"category\">Siyas\u0259t<\/a>","rttpg_excerpt":"Az\u0259rbaycanda Milli M\u0259clis\u0259 n\u00f6vb\u0259ti se\u00e7kinin ke\u00e7irilm\u0259si g\u00f6zl\u0259nilir. Se\u00e7ki il\u0259 \u0259laq\u0259dar fikirl\u0259r m\u00fcxt\u0259lifdir. \u00c7\u00fcnki parlamentin s\u0259lahiyy\u0259t m\u00fcdd\u0259ti 5 ildir, Az\u0259rbaycanda is\u0259 Milli M\u0259clis\u0259 sonuncu se\u00e7ki 2020-ci ilin fevral\u0131n 9-da ke\u00e7irilib. 2024-c\u00fc ilin yay aylar\u0131nda se\u00e7kinin ke\u00e7irilm\u0259si is\u0259 vaxt\u0131ndan \u0259vv\u0259l parlament se\u00e7kisi dem\u0259kdir. H\u0259min m\u0259qam\u0131 bu yaz\u0131da izah etm\u0259y\u0259\u00a0\u00e7al\u0131\u015fm\u0131\u015fd\u0131q. M\u00fczakir\u0259 edil\u0259n m\u00f6vzulardan biri is\u0259 parlamentd\u0259 deputat yerl\u0259rinin&hellip;","_links":{"self":[{"href":"https:\/\/arantv.az\/index.php?rest_route=\/wp\/v2\/posts\/716653"}],"collection":[{"href":"https:\/\/arantv.az\/index.php?rest_route=\/wp\/v2\/posts"}],"about":[{"href":"https:\/\/arantv.az\/index.php?rest_route=\/wp\/v2\/types\/post"}],"author":[{"embeddable":true,"href":"https:\/\/arantv.az\/index.php?rest_route=\/wp\/v2\/users\/2"}],"replies":[{"embeddable":true,"href":"https:\/\/arantv.az\/index.php?rest_route=%2Fwp%2Fv2%2Fcomments&post=716653"}],"version-history":[{"count":0,"href":"https:\/\/arantv.az\/index.php?rest_route=\/wp\/v2\/posts\/716653\/revisions"}],"wp:featuredmedia":[{"embeddable":true,"href":"https:\/\/arantv.az\/index.php?rest_route=\/wp\/v2\/media\/716654"}],"wp:attachment":[{"href":"https:\/\/arantv.az\/index.php?rest_route=%2Fwp%2Fv2%2Fmedia&parent=716653"}],"wp:term":[{"taxonomy":"category","embeddable":true,"href":"https:\/\/arantv.az\/index.php?rest_route=%2Fwp%2Fv2%2Fcategories&post=716653"},{"taxonomy":"post_tag","embeddable":true,"href":"https:\/\/arantv.az\/index.php?rest_route=%2Fwp%2Fv2%2Ftags&post=716653"}],"curies":[{"name":"wp","href":"https:\/\/api.w.org\/{rel}","templated":true}]}}