{"id":716804,"date":"2024-04-30T09:58:16","date_gmt":"2024-04-30T05:58:16","guid":{"rendered":"https:\/\/arantv.az\/?p=716804"},"modified":"2024-04-30T09:58:16","modified_gmt":"2024-04-30T05:58:16","slug":"az%c9%99rbaycan-almaniya-%c9%99laq%c9%99l%c9%99ri-tarix-inkisaf-v%c9%99-perspektivl%c9%99r","status":"publish","type":"post","link":"https:\/\/arantv.az\/?p=716804","title":{"rendered":"Az\u0259rbaycan-Almaniya \u0259laq\u0259l\u0259ri: tarix, inki\u015faf v\u0259 perspektivl\u0259r"},"content":{"rendered":"<p>Almaniya Az\u0259rbaycan\u0131n Avropada \u0259n vacib siyasi-iqtisadi t\u0259r\u0259fda\u015flar\u0131ndan biridir. Az\u0259rbaycan bu \u00f6lk\u0259 il\u0259 \u0259laq\u0259l\u0259rin inki\u015faf\u0131na m\u00fch\u00fcm \u00f6n\u0259m verir.<\/p>\n<p>Xalqlar\u0131m\u0131z aras\u0131nda \u0259laq\u0259l\u0259rin d\u0259rin tarixi k\u00f6kl\u0259ri vard\u0131r. XIX \u0259srd\u0259 bir qrup alman ail\u0259 Az\u0259rbaycan \u0259razisin\u0259 k\u00f6\u00e7\u00fcb, burada \u00fcz\u00fcm\u00e7\u00fcl\u00fcy\u00fcn v\u0259 \u015f\u0259rab\u00e7\u0131l\u0131\u011f\u0131n inki\u015faf\u0131nda m\u00fch\u00fcm rol oynay\u0131b, el\u0259c\u0259 d\u0259 iqtisadiyyat\u0131n dig\u0259r sah\u0259l\u0259rinin inki\u015faf\u0131na b\u00f6y\u00fck t\u00f6hf\u0259 verib. Az\u0259rbaycanda ilk alman koloniyas\u0131 Yelenendorf G\u0259nc\u0259d\u0259n 7-8 kilometr aral\u0131da, Xanarxlar deyil\u0259n k\u0259ndd\u0259 (indiki G\u00f6yg\u00f6l \u015f\u0259h\u0259ri) sal\u0131n\u0131b. Sonradan is\u0259 G\u0259nc\u0259d\u0259n 35 kilometr \u015fimal-q\u0259rbd\u0259 yerl\u0259\u015f\u0259n indiki \u015e\u0259mkir torpaqlar\u0131nda Annenfeld adl\u0131 ikinci koloniya yarad\u0131l\u0131b.<\/p>\n<p>Az\u0259rbaycan il\u0259 Almaniya aras\u0131nda siyasi \u0259laq\u0259l\u0259r y\u00fcks\u0259k s\u0259viyy\u0259d\u0259dir, ali s\u0259viyy\u0259li dialoq m\u00f6vcuddur. Prezident \u0130lham \u018fliyev 2004-c\u00fc v\u0259 2007-ci ill\u0259rd\u0259 Almaniyaya r\u0259smi, daha 11 d\u0259f\u0259 is\u0259 i\u015fg\u00fczar s\u0259f\u0259r edib. Sonuncu s\u0259f\u0259r bu il fevral\u0131n 16-19-da ba\u015f tutub v\u0259 d\u00f6vl\u0259timizin ba\u015f\u00e7\u0131s\u0131 M\u00fcnxen T\u0259hl\u00fck\u0259sizlik Konfrans\u0131nda i\u015ftirak edib. \u00d6t\u0259n il fevral\u0131n 15-d\u0259 Prezident \u0130lham \u018fliyev Almaniya Prezidenti Frank Valter \u015etaynmayeri yenid\u0259n prezident se\u00e7ilm\u0259si m\u00fcnasib\u0259til\u0259 t\u0259brik edib. El\u0259c\u0259 d\u0259 bu il yanvar\u0131n 13-d\u0259 iki \u00f6lk\u0259nin prezidentl\u0259ri aras\u0131nda telefon dan\u0131\u015f\u0131\u011f\u0131 olub. S\u00f6hb\u0259t zaman\u0131 prezidentl\u0259r Az\u0259rbaycan-Almaniya \u0259laq\u0259l\u0259rinin m\u00f6vcud v\u0259ziyy\u0259tind\u0259n m\u0259mnunluqlar\u0131n\u0131 bildirib, \u0259m\u0259kda\u015fl\u0131\u011f\u0131n perspektivl\u0259rini m\u00fczakir\u0259 edibl\u0259r.<\/p>\n<p>Aprelin 26-da Az\u0259rbaycan prezidenti \u0130lham \u018fliyev 15-ci Petersberq \u0130qlim Dialoqunda i\u015ftirak etm\u0259k \u00fc\u00e7\u00fcn vacib diplomatik missiya il\u0259 Almaniyaya s\u0259f\u0259r\u0259 gedib.2010-cu ild\u0259 ilk d\u0259f\u0259 ke\u00e7irildiyi andan etibar\u0259n b\u00f6y\u00fck \u0259h\u0259miyy\u0259t\u0259 malik olan bu illik sammit bu il Berlind\u0259, noyabrda Bak\u0131da ke\u00e7irilm\u0259si planla\u015fd\u0131r\u0131lan BMT-nin COP29 \u0130qlim D\u0259yi\u015fikliyi Konfrans\u0131n\u0131n m\u00fcq\u0259ddim\u0259si olaraq ke\u00e7irilib.<\/p>\n<p>Petersberq \u0130qlim Dialoqu m\u00fch\u00fcm platformaya \u00e7evrilib, d\u00fcnya liderl\u0259ri bu t\u0259dbird\u0259 iqlim d\u0259yi\u015fikliyi il\u0259 ba\u011fl\u0131 aktual m\u0259s\u0259l\u0259l\u0259r \u00fczr\u0259 strategiyalar\u0131n\u0131 sinxronla\u015fd\u0131ra bilirl\u0259r. Bu il t\u0259xmin\u0259n 40 \u00f6lk\u0259nin n\u00fcmay\u0259nd\u0259si COP29-un \u0259sas\u0131n\u0131 qoymaq \u00fc\u00e7\u00fcn topla\u015f\u0131blar. Lakin, g\u00f6r\u00fcn\u00fcr, iqlim sammiti prezident \u018fliyevin s\u0259f\u0259ri \u00fc\u00e7\u00fcn daha \u00e7ox formal b\u0259han\u0259 olub, g\u00f6r\u00fc\u015f zaman\u0131 Almaniyan\u0131n y\u00fcks\u0259k v\u0259zif\u0259li \u015f\u0259xsl\u0259ri, o c\u00fcml\u0259d\u0259n prezident Frank-Valter \u015etaynmayer, kansler Olaf \u015eolts v\u0259 xarici i\u015fl\u0259r naziri Annalena Baerbokla m\u00fch\u00fcm ikit\u0259r\u0259fli g\u00f6r\u00fc\u015fl\u0259r ke\u00e7irilib.<\/p>\n<p>M\u00fczakir\u0259l\u0259r \u00fc\u00e7 \u0259sas m\u00f6vzuya h\u0259sr olunub: Erm\u0259nistanla davam ed\u0259n s\u00fclh prosesi, insan h\u00fcquqlar\u0131 sah\u0259sind\u0259 probleml\u0259r v\u0259 COP-29-a haz\u0131rl\u0131q. Az\u0259rbaycan prezidenti bu m\u00f6vzulardan s\u00fchl dan\u0131\u015f\u0131qlar\u0131na x\u00fcsusi diqq\u0259t yetirib, Erm\u0259nistan-Az\u0259rbaycan s\u0259rh\u0259dinin demarkasiyas\u0131nda b\u00f6y\u00fck ir\u0259lil\u0259yi\u015f oldu\u011funu &#8211; potensial s\u00fclh m\u00fcqavil\u0259sin\u0259 do\u011fru h\u0259yati \u0259h\u0259miyy\u0259t k\u0259sb ed\u0259n add\u0131m at\u0131ld\u0131\u011f\u0131n\u0131 bildirib. O, noyabr sammitin\u0259 q\u0259d\u0259r s\u00fclh prosesinin ba\u015fa \u00e7ataca\u011f\u0131na \u00fcmid edir.<\/p>\n<p>\u0130lham \u018fliyev bel\u0259 deyib: \u201cBu g\u00fcn is\u0259 art\u0131q Az\u0259rbaycanla Erm\u0259nistan aras\u0131nda ged\u0259n proses n\u0259tic\u0259sind\u0259 s\u0259rh\u0259dl\u0259rin delimitasiyas\u0131 v\u0259 h\u0259tta demarkasiyas\u0131 prosesi d\u0259 ba\u015flam\u0131\u015fd\u0131r. 1990-c\u0131 v\u0259 1992-ci ill\u0259rd\u0259 i\u015f\u011fal edilmi\u015f 4 Az\u0259rbaycan k\u0259ndi biz\u0259 qaytar\u0131l\u0131r. Onu da bildirm\u0259liy\u0259m ki, Az\u0259rbaycanda yerl\u0259\u015fmi\u015f Rusiya-T\u00fcrkiy\u0259 Birg\u0259 Monitorinq M\u0259rk\u0259zi d\u0259 \u00f6z f\u0259aliyy\u0259tini bu g\u00fcn s\u0259h\u0259r dayand\u0131rm\u0131\u015fd\u0131r, buna art\u0131q ehtiyac duyulmur. Y\u0259ni, s\u00fclh\u0259 nail olmaq \u00fc\u00e7\u00fcn \u00e7ox yax\u015f\u0131 f\u00fcrs\u0259tl\u0259r var\u201d.<\/p>\n<p>Sosial \u015f\u0259b\u0259k\u0259l\u0259rd\u0259 b\u0259hs edil\u0259n Erm\u0259nistan\u0131n ba\u015f nazirinin Bak\u0131da iqlim sammitind\u0259 i\u015ftirak etm\u0259si perspektivi m\u00fcnasib\u0259tl\u0259rd\u0259 istil\u0259\u015fm\u0259y\u0259 i\u015far\u0259 ed\u0259n \u0259lam\u0259tdar hadis\u0259 ola bil\u0259r, \u0259sas vasit\u0259\u00e7i olan Almaniya da buna k\u00f6m\u0259k edir. Kansler \u015eolts Almaniyan\u0131n uzunm\u00fcdd\u0259tli s\u00fclh sazi\u015fini d\u0259st\u0259kl\u0259m\u0259y\u0259 haz\u0131r oldu\u011funu vur\u011fulay\u0131b, h\u0259r iki t\u0259r\u0259fi g\u00fcz\u0259\u015ftl\u0259r\u0259 haz\u0131rl\u0131q v\u0259 c\u0259sar\u0259t n\u00fcmayi\u015f etdirm\u0259y\u0259 \u00e7a\u011f\u0131r\u0131b.<\/p>\n<p>Energetika naziri P\u0259rviz \u015eahbazov il\u0259 Almaniyan\u0131n xarici i\u015fl\u0259r nazirinin\u00a0 m\u00fcavini Cennifer Morqan\u0131n r\u0259hb\u0259rlik etdiyi n\u00fcmay\u0259nd\u0259 hey\u0259ti aras\u0131nda ke\u00e7iril\u0259n g\u00f6r\u00fc\u015fd\u0259 bildirilib, Az\u0259rbaycan\u0131n \u201cya\u015f\u0131l enerji ke\u00e7idi\u201d kursu v\u0259 \u00f6lk\u0259mizin Birl\u0259\u015fmi\u015f Mill\u0259tl\u0259r T\u0259\u015fkilat\u0131n\u0131n \u0130qlim D\u0259yi\u015fm\u0259l\u0259ri \u00fczr\u0259 \u00c7\u0259r\u00e7iv\u0259 Konvensiyas\u0131n\u0131n T\u0259r\u0259fl\u0259r Konfrans\u0131n\u0131n 29-cu sessiyas\u0131na (COP29) s\u0259drliyi \u00e7\u0259r\u00e7iv\u0259sind\u0259 f\u0259aliyy\u0259ti il\u0259 ba\u011fl\u0131 m\u0259s\u0259l\u0259l\u0259r m\u00fczakir\u0259 edilib.<\/p>\n<p>Az\u0259rbaycan Prezidenti \u0130lham \u018fliyevin 2030-cu il\u0259d\u0259k \u201cya\u015f\u0131l art\u0131ma\u201d nail olma\u011f\u0131 h\u0259d\u0259fl\u0259y\u0259n siyas\u0259tinin, 2024-c\u00fc ilin \u201cYa\u015f\u0131l d\u00fcnya namin\u0259 h\u0259mr\u0259ylik ili\u201d elan edilm\u0259sinin v\u0259 \u00f6lk\u0259mizin COP29 t\u0259dbirin\u0259 ev sahibliyinin \u201cya\u015f\u0131l enerji ke\u00e7idi\u201d prosesin\u0259 milli t\u00f6hf\u0259l\u0259ri daha da art\u0131raca\u011f\u0131 qeyd edilib. G\u00f6r\u00fc\u015fd\u0259, Az\u0259rbaycan\u0131n ya\u015f\u0131l enerji ke\u00e7idi il\u0259 ba\u011fl\u0131 siyas\u0259ti, h\u0259yata ke\u00e7iril\u0259n istehsal-ixrac layih\u0259l\u0259ri v\u0259 COP29 \u00e7\u0259r\u00e7iv\u0259sind\u0259 f\u0259aliyy\u0259t\u0259 dair m\u0259s\u0259l\u0259l\u0259r m\u00fczakir\u0259 edilib.<\/p>\n<p>Xat\u0131rlatmaq yerin\u0259 d\u00fc\u015f\u0259r ki, 2022-ci ilin iyulun 18-d\u0259 Az\u0259rbaycan Respublikas\u0131n\u0131n Prezidenti \u0130lham \u018fliyev v\u0259 Avropa Komissiyas\u0131n\u0131n Prezidenti xan\u0131m Ursula fon der Lyayen t\u0259r\u0259find\u0259n enerji sah\u0259sind\u0259 Strateji T\u0259r\u0259fda\u015fl\u0131\u011fa dair Anla\u015fma\u00a0\u00a0\u00a0\u00a0\u00a0 Memorandumu imzalan\u0131b. S\u0259n\u0259d\u0259 \u0259sas\u0259n, Az\u0259rbaycan 2027-ci il\u0259 q\u0259d\u0259r t\u0259bii qaz\u0131n t\u0259chizat h\u0259cmini \u0259n az\u0131 iki d\u0259f\u0259 art\u0131rma\u011f\u0131 planla\u015fd\u0131r\u0131r. Bu s\u0259n\u0259d eyni zamanda Az\u0259rbaycan il\u0259 A\u0130 aras\u0131nda b\u0259rpaolunan enerji sah\u0259sind\u0259 \u0259m\u0259kda\u015fl\u0131\u011f\u0131n inki\u015faf etdirilm\u0259sini n\u0259z\u0259rd\u0259 tutur.<\/p>\n<p>Qeyd ed\u0259k ki, d\u00f6vl\u0259timizin ba\u015f\u00e7\u0131s\u0131n\u0131n Almaniyaya s\u0259f\u0259ri Az\u0259rbaycan-Almaniya etibarl\u0131 t\u0259r\u0259fda\u015fl\u0131\u011f\u0131n\u0131n h\u0259rt\u0259r\u0259fli v\u0259 y\u00fcks\u0259l\u0259n x\u0259tl\u0259 inki\u015faf\u0131n\u0131n \u0259yani g\u00f6st\u0259ricisidir. \u018fminlikl\u0259 s\u00f6yl\u0259m\u0259k olar ki, bu s\u0259f\u0259r b\u00fct\u00fcn sah\u0259l\u0259r \u00fczr\u0259 \u0259m\u0259kda\u015fl\u0131\u011f\u0131n daha y\u00fcks\u0259k s\u0259viyy\u0259y\u0259 qald\u0131r\u0131lmas\u0131na \u0259h\u0259miyy\u0259tli t\u0259kan ver\u0259c\u0259k, g\u0259l\u0259c\u0259k inki\u015faf \u00fc\u00e7\u00fcn b\u00f6y\u00fck perspektivl\u0259r a\u00e7acaq.<\/p>\n<p><strong>F\u0259xriyy\u0259 C\u0259f\u0259rova,<\/strong><\/p>\n<p><strong>Bak\u0131 \u015f\u0259h\u0259ri, X\u0259tai rayonu, Ayaz M\u0259h\u0259rr\u0259mov ad\u0131na 95 sayl\u0131 tam orta m\u0259kt\u0259bin\u00a0 kitabxana\u00e7\u0131s\u0131,<\/strong><\/p>\n<p><strong>YAP X\u0259tai rayon t\u0259\u015fkilat\u0131n\u0131n \u00fczv\u00fc<\/strong><\/p>\n","protected":false},"excerpt":{"rendered":"<p>Almaniya Az\u0259rbaycan\u0131n Avropada \u0259n vacib siyasi-iqtisadi t\u0259r\u0259fda\u015flar\u0131ndan biridir. Az\u0259rbaycan bu \u00f6lk\u0259 il\u0259 \u0259laq\u0259l\u0259rin inki\u015faf\u0131na m\u00fch\u00fcm \u00f6n\u0259m verir. Xalqlar\u0131m\u0131z aras\u0131nda \u0259laq\u0259l\u0259rin d\u0259rin tarixi k\u00f6kl\u0259ri vard\u0131r. XIX \u0259srd\u0259 bir qrup alman ail\u0259 Az\u0259rbaycan \u0259razisin\u0259 k\u00f6\u00e7\u00fcb, burada \u00fcz\u00fcm\u00e7\u00fcl\u00fcy\u00fcn v\u0259 \u015f\u0259rab\u00e7\u0131l\u0131\u011f\u0131n inki\u015faf\u0131nda m\u00fch\u00fcm rol oynay\u0131b, el\u0259c\u0259 d\u0259 iqtisadiyyat\u0131n dig\u0259r sah\u0259l\u0259rinin inki\u015faf\u0131na b\u00f6y\u00fck t\u00f6hf\u0259 verib. Az\u0259rbaycanda ilk alman koloniyas\u0131 Yelenendorf G\u0259nc\u0259d\u0259n 7-8 kilometr aral\u0131da, Xanarxlar deyil\u0259n k\u0259ndd\u0259 (indiki G\u00f6yg\u00f6l \u015f\u0259h\u0259ri) sal\u0131n\u0131b. Sonradan is\u0259 G\u0259nc\u0259d\u0259n 35 kilometr \u015fimal-q\u0259rbd\u0259 yerl\u0259\u015f\u0259n indiki \u015e\u0259mkir torpaqlar\u0131nda Annenfeld adl\u0131 ikinci koloniya yarad\u0131l\u0131b. Az\u0259rbaycan il\u0259 Almaniya aras\u0131nda siyasi \u0259laq\u0259l\u0259r y\u00fcks\u0259k s\u0259viyy\u0259d\u0259dir, ali&hellip;<\/p>\n","protected":false},"author":2,"featured_media":716805,"comment_status":"closed","ping_status":"closed","sticky":false,"template":"","format":"standard","meta":{"om_disable_all_campaigns":false,"_monsterinsights_skip_tracking":false,"_monsterinsights_sitenote_active":false,"_monsterinsights_sitenote_note":"","_monsterinsights_sitenote_category":0},"categories":[19],"tags":[],"aioseo_notices":[],"gutentor_comment":0,"rttpg_featured_image_url":{"full":["https:\/\/arantv.az\/wp-content\/uploads\/2024\/04\/08b7dc6e171445576339955395610116511.jpg",975,540,false],"landscape":["https:\/\/arantv.az\/wp-content\/uploads\/2024\/04\/08b7dc6e171445576339955395610116511.jpg",975,540,false],"portraits":["https:\/\/arantv.az\/wp-content\/uploads\/2024\/04\/08b7dc6e171445576339955395610116511.jpg",975,540,false],"thumbnail":["https:\/\/arantv.az\/wp-content\/uploads\/2024\/04\/08b7dc6e171445576339955395610116511-500x280.jpg",500,280,true],"medium":["https:\/\/arantv.az\/wp-content\/uploads\/2024\/04\/08b7dc6e171445576339955395610116511-660x365.jpg",660,365,true],"large":["https:\/\/arantv.az\/wp-content\/uploads\/2024\/04\/08b7dc6e171445576339955395610116511-840x465.jpg",640,354,true],"1536x1536":["https:\/\/arantv.az\/wp-content\/uploads\/2024\/04\/08b7dc6e171445576339955395610116511.jpg",975,540,false],"2048x2048":["https:\/\/arantv.az\/wp-content\/uploads\/2024\/04\/08b7dc6e171445576339955395610116511.jpg",975,540,false],"post-thumbnail":["https:\/\/arantv.az\/wp-content\/uploads\/2024\/04\/08b7dc6e171445576339955395610116511-240x172.jpg",240,172,true],"advps-thumb-one":["https:\/\/arantv.az\/wp-content\/uploads\/2024\/04\/08b7dc6e171445576339955395610116511.jpg",975,540,false]},"rttpg_author":{"display_name":"V\u00fcsal Rafiqo\u011flu","author_link":"https:\/\/arantv.az\/?author=2"},"rttpg_comment":0,"rttpg_category":"<a href=\"https:\/\/arantv.az\/?cat=19\" rel=\"category\">G\u00fcnd\u0259m<\/a>","rttpg_excerpt":"Almaniya Az\u0259rbaycan\u0131n Avropada \u0259n vacib siyasi-iqtisadi t\u0259r\u0259fda\u015flar\u0131ndan biridir. Az\u0259rbaycan bu \u00f6lk\u0259 il\u0259 \u0259laq\u0259l\u0259rin inki\u015faf\u0131na m\u00fch\u00fcm \u00f6n\u0259m verir. Xalqlar\u0131m\u0131z aras\u0131nda \u0259laq\u0259l\u0259rin d\u0259rin tarixi k\u00f6kl\u0259ri vard\u0131r. XIX \u0259srd\u0259 bir qrup alman ail\u0259 Az\u0259rbaycan \u0259razisin\u0259 k\u00f6\u00e7\u00fcb, burada \u00fcz\u00fcm\u00e7\u00fcl\u00fcy\u00fcn v\u0259 \u015f\u0259rab\u00e7\u0131l\u0131\u011f\u0131n inki\u015faf\u0131nda m\u00fch\u00fcm rol oynay\u0131b, el\u0259c\u0259 d\u0259 iqtisadiyyat\u0131n dig\u0259r sah\u0259l\u0259rinin inki\u015faf\u0131na b\u00f6y\u00fck t\u00f6hf\u0259 verib. Az\u0259rbaycanda ilk alman koloniyas\u0131 Yelenendorf&hellip;","_links":{"self":[{"href":"https:\/\/arantv.az\/index.php?rest_route=\/wp\/v2\/posts\/716804"}],"collection":[{"href":"https:\/\/arantv.az\/index.php?rest_route=\/wp\/v2\/posts"}],"about":[{"href":"https:\/\/arantv.az\/index.php?rest_route=\/wp\/v2\/types\/post"}],"author":[{"embeddable":true,"href":"https:\/\/arantv.az\/index.php?rest_route=\/wp\/v2\/users\/2"}],"replies":[{"embeddable":true,"href":"https:\/\/arantv.az\/index.php?rest_route=%2Fwp%2Fv2%2Fcomments&post=716804"}],"version-history":[{"count":0,"href":"https:\/\/arantv.az\/index.php?rest_route=\/wp\/v2\/posts\/716804\/revisions"}],"wp:featuredmedia":[{"embeddable":true,"href":"https:\/\/arantv.az\/index.php?rest_route=\/wp\/v2\/media\/716805"}],"wp:attachment":[{"href":"https:\/\/arantv.az\/index.php?rest_route=%2Fwp%2Fv2%2Fmedia&parent=716804"}],"wp:term":[{"taxonomy":"category","embeddable":true,"href":"https:\/\/arantv.az\/index.php?rest_route=%2Fwp%2Fv2%2Fcategories&post=716804"},{"taxonomy":"post_tag","embeddable":true,"href":"https:\/\/arantv.az\/index.php?rest_route=%2Fwp%2Fv2%2Ftags&post=716804"}],"curies":[{"name":"wp","href":"https:\/\/api.w.org\/{rel}","templated":true}]}}