{"id":716807,"date":"2024-04-30T09:59:03","date_gmt":"2024-04-30T05:59:03","guid":{"rendered":"https:\/\/arantv.az\/?p=716807"},"modified":"2024-04-30T09:59:03","modified_gmt":"2024-04-30T05:59:03","slug":"c%c9%99nubi-qafqazin-guc-m%c9%99rk%c9%99zi","status":"publish","type":"post","link":"https:\/\/arantv.az\/?p=716807","title":{"rendered":"C\u0259nubi Qafqaz\u0131n g\u00fcc m\u0259rk\u0259zi"},"content":{"rendered":"<p><em><strong>Almaniya-Az\u0259rbaycan \u0259laq\u0259l\u0259ri s\u00fcr\u0259tli inki\u015faf d\u00f6vr\u00fcn\u00fc ya\u015fay\u0131r<\/strong><\/em><\/p>\n<p>Aprelin 26-da Prezident \u0130lham \u018fliyevin Almaniyaya i\u015fg\u00fczar s\u0259f\u0259ri ba\u015f tutub v\u0259 Berlin \u015f\u0259h\u0259rind\u0259 \u201c15-ci Petersberq \u0130qlim Dialoqu\u201d ke\u00e7irilib. Eyni zamanda, Az\u0259rbaycan liderinin Almaniya Federal Kansleri Olaf \u015eolts il\u0259 ikit\u0259r\u0259fli g\u00f6r\u00fc\u015f\u00fc olub. Az\u0259rbaycan v\u0259 Almaniya r\u0259hb\u0259rl\u0259ri g\u00f6r\u00fc\u015fd\u0259n sonra birg\u0259 m\u0259tbuat konfrans\u0131nda \u00e7\u0131x\u0131\u015f edibl\u0259r v\u0259 jurnalistl\u0259rin suallar\u0131n\u0131 cavabland\u0131r\u0131blar. Az\u0259rbaycan\u0131n d\u00f6vl\u0259t ba\u015f\u00e7\u0131s\u0131n\u0131n, h\u0259m\u00e7inin Almaniya Federativ Respublikas\u0131n\u0131n Prezidenti Frank-Valter \u015etaynmayer il\u0259 t\u0259kb\u0259t\u0259k v\u0259 geni\u015f t\u0259rkibd\u0259 g\u00f6r\u00fc\u015f\u00fc olub.<\/p>\n<p>Bu, son 14 ay \u0259rzind\u0259 Prezident \u0130lham \u018fliyevin Almaniyaya d\u00f6rd\u00fcnc\u00fc s\u0259f\u0259ridir. \u00d6t\u0259n ilin mart\u0131nda Berlind\u0259, iki ay \u0259vv\u0259l M\u00fcnxend\u0259 Kansler il\u0259 g\u00f6r\u00fc\u015fd\u00fcy\u00fcn\u00fc xat\u0131rladan d\u00f6vl\u0259t ba\u015f\u00e7\u0131s\u0131 bildirib: \u201c\u0130kit\u0259r\u0259fli g\u00fcnd\u0259lik kifay\u0259t q\u0259d\u0259r geni\u015fdir. Almaniya-Az\u0259rbaycan \u0259laq\u0259l\u0259rinin inki\u015faf\u0131 h\u0259m \u00f6lk\u0259l\u0259rimiz \u00fc\u00e7\u00fcn, h\u0259m d\u0259 b\u00fct\u00f6vl\u00fckd\u0259 C\u0259nubi Qafqaz\u0131n inki\u015faf\u0131 v\u0259 sabitliyi \u00fc\u00e7\u00fcn \u00e7ox b\u00f6y\u00fck \u0259h\u0259miyy\u0259t k\u0259sb edir\u201d.<\/p>\n<p>Regional t\u0259hl\u00fck\u0259sizliy\u0259 g\u0259ldikd\u0259, Az\u0259rbaycan il\u0259 Erm\u0259nistan aras\u0131nda ged\u0259n s\u00fclh dan\u0131\u015f\u0131qlar\u0131 d\u00f6vl\u0259timiz t\u0259r\u0259find\u0259n y\u00fcks\u0259k qiym\u0259tl\u0259ndirilir. Prezident \u0130lham \u018fliyev xat\u0131rlad\u0131b ki, c\u0259nab Kanslerin d\u0259v\u0259til\u0259 Az\u0259rbaycan v\u0259 Erm\u0259nistan xarici i\u015fl\u0259r nazirl\u0259ri bu yax\u0131nlarda Almaniyada g\u00f6r\u00fc\u015f\u00fcbl\u0259r. Almaniyan\u0131n xarici i\u015fl\u0259r naziri xan\u0131m Berbok da \u00f6z d\u0259st\u0259yini g\u00f6st\u0259rib. N\u00f6vb\u0259ti g\u00f6r\u00fc\u015f Qazax\u0131standa ke\u00e7iril\u0259c\u0259k v\u0259 bel\u0259likl\u0259, s\u00fclh sazi\u015finin imzalanmas\u0131na do\u011fru \u0259lav\u0259 add\u0131mlar at\u0131lacaq.<\/p>\n<p>Prezident \u0130lham \u018fliyev Almaniyan\u0131n COP29 il\u0259 ba\u011fl\u0131 Az\u0259rbaycana g\u00f6st\u0259rdiyi d\u0259st\u0259y\u0259 g\u00f6r\u0259 t\u0259\u015f\u0259kk\u00fcr\u00fcn\u00fc bildirib. D\u00f6vl\u0259t ba\u015f\u00e7\u0131s\u0131 deyib: \u201cBizim komandalar\u0131m\u0131z\u0131n \u00fczvl\u0259ri bir-biri il\u0259 s\u0131x t\u0259masdad\u0131rlar. COP29-un ev sahibliyini etm\u0259k bizim \u00fc\u00e7\u00fcn h\u0259m b\u00f6y\u00fck \u015f\u0259r\u0259f, h\u0259m d\u0259 m\u0259suliyy\u0259tdir. Biz buna haz\u0131r\u0131q v\u0259 Az\u0259rbaycan\u0131n ya\u015f\u0131l g\u00fcnd\u0259liyi art\u0131q d\u00fcnyaya b\u0259llidir\u201d.<\/p>\n<p>Prezident \u0130lham \u018fliyevin Almaniyaya i\u015fg\u00fczar s\u0259f\u0259ri, \u201c15-ci Petersberq \u0130qlim Dialoqu\u201dnda i\u015ftirak\u0131 v\u0259 \u0259h\u0259miyy\u0259tli g\u00f6r\u00fc\u015fl\u0259ri s\u00fcbut etdi ki, Avropa \u0130ttifaq\u0131n\u0131n (A\u0130) \u0259sas iqtisadi lokomotivi olan Almaniya Az\u0259rbaycanla \u0259laq\u0259l\u0259r\u0259 \u00f6n\u0259m verir. Az\u0259rbaycan Avropa \u0130ttifaq\u0131na daxil olan b\u00fct\u00fcn d\u00f6vl\u0259tl\u0259rl\u0259 inki\u015faf etmi\u015f ikit\u0259r\u0259fli \u0259laq\u0259l\u0259r\u0259 malikdir. \u0130kit\u0259r\u0259fli \u0259laq\u0259l\u0259rin y\u00fcks\u0259k s\u0259viyy\u0259d\u0259 oldu\u011fu \u00f6lk\u0259l\u0259r aras\u0131nda ilk s\u0131ralarda Almaniya dayan\u0131r. Almaniya Az\u0259rbaycan\u0131n m\u00fcst\u0259qilliyini 1992-ci ilin 12 yanvar\u0131nda tan\u0131y\u0131b. Az\u0259rbaycan il\u0259 Almaniya aras\u0131nda diplomatik m\u00fcnasib\u0259tl\u0259r 1992-ci ilin 20 fevral\u0131nda qurulub. 2 sentyabr 1992-ci ild\u0259 Az\u0259rbaycan\u0131n Almaniyada, 22 sentyabr 1992-ci ild\u0259 is\u0259 Almaniyan\u0131n \u00f6lk\u0259mizd\u0259 s\u0259firliyi a\u00e7\u0131l\u0131b. Diplomatik m\u00fcnasib\u0259tl\u0259rin yaranmas\u0131ndan sonra Az\u0259rbaycan v\u0259 Almaniya aras\u0131nda \u0259laq\u0259l\u0259r m\u00fct\u0259madi olaraq inki\u015faf edib.<\/p>\n<p>Haz\u0131rda Az\u0259rbaycanda 100-\u0259 yax\u0131n alman m\u00fc\u0259ssis\u0259si f\u0259aliyy\u0259t g\u00f6st\u0259rir. Bunlardan \u201cSimens\u201d, \u201cFerrosstal\u201d, \u201c\u0130nterselekt\u201d, \u201cMersedes Bens\u201d kimi iri \u015firk\u0259tl\u0259r Az\u0259rbaycanda u\u011furlu biznes f\u0259aliyy\u0259ti g\u00f6st\u0259rirl\u0259r. Almaniya il\u0259 Az\u0259rbaycan aras\u0131nda illik ticar\u0259t d\u00f6vriyy\u0259si t\u0259xmin\u0259n 350-400 milyon avro t\u0259\u015fkil edir. Almaniyadan Az\u0259rbaycana \u0259sas\u0259n avtomobill\u0259r, d\u0259mir v\u0259 polad m\u0259mulatlar\u0131, istehsal avadanl\u0131qlar\u0131 g\u0259tirilir. Az\u0259rbaycan v\u0259 Almaniya aras\u0131nda ba\u011flanan g\u0259lirl\u0259r\u0259 v\u0259 \u0259mlaka g\u00f6r\u0259 vergil\u0259r\u0259 m\u00fcnasib\u0259td\u0259 ikiqat vergitutman\u0131n aradan qald\u0131r\u0131lmas\u0131 haqq\u0131nda 25 avqust 2004 tarixli, Az\u0259rbaycan Respublikas\u0131 H\u00f6kum\u0259ti v\u0259 Almaniya Federativ Respublikas\u0131 H\u00f6kum\u0259ti aras\u0131nda Maliyy\u0259 \u018fm\u0259kda\u015fl\u0131\u011f\u0131 haqq\u0131nda, \u0130qtisadi \u0130nki\u015faf Nazirliyi v\u0259 Almaniya \u0130nki\u015faf Bank\u0131 aras\u0131nda \u201cKreditl\u0259rin Z\u0259man\u0259ti Fondu\u201dnun yarad\u0131lmas\u0131 \u00fc\u00e7\u00fcn maliyy\u0259 yard\u0131m\u0131 ayr\u0131lmas\u0131 haqq\u0131nda Maliyy\u0259l\u0259\u015fdirm\u0259 M\u00fcqavil\u0259si, h\u0259min M\u00fcqavil\u0259y\u0259 dair X\u00fcsusi Raz\u0131la\u015fma, H\u0259val\u0259 M\u00fcqavil\u0259si v\u0259 M\u00fcbahis\u0259l\u0259rin M\u00fcnsifl\u0259r M\u0259hk\u0259m\u0259sind\u0259 ara\u015fd\u0131r\u0131lmas\u0131 haqq\u0131nda 14 avqust 2006 tarixli m\u00fcqavil\u0259l\u0259r iqtisadi m\u00fcnasib\u0259tl\u0259rin m\u00f6hk\u0259ml\u0259ndirilm\u0259sin\u0259 xidm\u0259t edir.<\/p>\n<p>Almaniya Avropa v\u0259 d\u00fcnya \u00f6lk\u0259l\u0259ri aras\u0131nda kifay\u0259t q\u0259d\u0259r siyasi n\u00fcfuza v\u0259 g\u00fccl\u00fc iqtisadiyyata sahib olan \u00f6lk\u0259l\u0259rd\u0259n biridir. Bu bax\u0131mdan Almaniya il\u0259 iqtisadi, siyasi v\u0259 m\u0259d\u0259ni \u0259laq\u0259l\u0259rin inki\u015faf\u0131 h\u0259mi\u015f\u0259 Az\u0259rbaycan\u0131n maraq dair\u0259sind\u0259 olub. Az\u0259rbaycan is\u0259 Almaniya \u00fc\u00e7\u00fcn neft-qaz \u00f6lk\u0259si kimi beyn\u0259lxalq layih\u0259l\u0259rd\u0259 m\u00fch\u00fcm t\u0259r\u0259fda\u015flardan biridir. XIX \u0259srd\u0259 bir s\u0131ra alman tayfalar\u0131 Az\u0259rbaycan \u0259razisin\u0259 k\u00f6\u00e7m\u00fc\u015f, burada \u00fcz\u00fcm\u00e7\u00fcl\u00fcy\u00fcn v\u0259 \u015f\u0259rab\u00e7\u0131l\u0131\u011f\u0131n inki\u015faf\u0131nda m\u00fch\u00fcm rol oynam\u0131\u015flar. Haz\u0131rda da Az\u0259rbaycan d\u00f6vl\u0259ti v\u0259 xalq\u0131 \u00f6lk\u0259mizd\u0259 alman tarixi v\u0259 m\u0259d\u0259ni irsin\u0259 b\u00f6y\u00fck h\u00f6rm\u0259tl\u0259 yana\u015f\u0131r, onun qorunub-saxlan\u0131lmas\u0131n\u0131 t\u0259min edir.<\/p>\n<p>R\u0259smi Berlin Avropa \u0130ttifaq\u0131nda iqtisadi m\u00fcnasib\u0259tl\u0259rin, xarici siyas\u0259tin formala\u015fmas\u0131nda \u0259sas rol oynay\u0131r. Haz\u0131rda Avropa \u0130ttifaq\u0131nda dig\u0259r bir g\u00fcc m\u0259rk\u0259zi hesab olunan Fransa, onun idar\u0259 etdiyi b\u0259zi q\u00fcvv\u0259l\u0259r v\u0259 BEN\u0130L\u00dcKS \u00f6lk\u0259l\u0259ri Az\u0259rbaycanla \u0259m\u0259kda\u015fl\u0131\u011f\u0131n \u0259leyhin\u0259 \u00e7\u0131x\u0131\u015f edirl\u0259r. Buna baxmayaraq, Almaniya Avropada h\u0259mi\u015f\u0259 s\u00f6z sahibi olmu\u015f v\u0259 h\u0259tta siyasi maraqlar\u0131 zaman-zaman Fransa il\u0259 toqqu\u015fmu\u015f \u00f6lk\u0259 kimi Parisin hegemonlu\u011funu r\u0259dd edir. Almaniya r\u0259hb\u0259rliyi, r\u0259smi dair\u0259l\u0259ri Fransan\u0131n Az\u0259rbaycana qar\u015f\u0131 qarayaxma kampaniyas\u0131ndan naraz\u0131d\u0131rlar. Onlar Fransan\u0131n destruktiv f\u0259aliyy\u0259tini, C\u0259nubi Qafqazda ayr\u0131c\u0131 x\u0259tl\u0259r yaratmaq siyas\u0259tini r\u0259dd edirl\u0259r. Almaniya praqmatik siyas\u0259t y\u00fcr\u00fcd\u0259n bir \u00f6lk\u0259 kimi Az\u0259rbaycan Prezidenti \u0130lham \u018fliyevl\u0259 dialoq t\u0259\u015fkil ed\u0259r\u0259k Fransaya g\u00f6st\u0259rdi ki, Az\u0259rbaycan kimi \u00f6n\u0259mli bir \u00f6lk\u0259 il\u0259 m\u00fcnasib\u0259tl\u0259rini Yelisey saray\u0131ndak\u0131 legiona g\u00f6r\u0259 qurmayacaq.<\/p>\n<p>Fransa v\u0259 t\u0259r\u0259fdarlar\u0131n\u0131n Az\u0259rbaycana qar\u015f\u0131 qarayaxma kampaniyas\u0131 COP29 \u00f6nc\u0259si daha da g\u00fccl\u0259nib. Lakin Fransan\u0131n b\u00fct\u00fcn bu destruktiv c\u0259hdl\u0259rin\u0259 baxmayaraq Almaniya Az\u0259rbaycanla iqlim m\u00fczakir\u0259si apararaq \u00f6z d\u0259st\u0259yini n\u00fcmayi\u015f etdirmi\u015f oldu. Eyni zamanda, Almaniya art\u0131q C\u0259nubi Qafqazda formala\u015fm\u0131\u015f geosiyasi reall\u0131\u011f\u0131 q\u0259bul edir, A\u0130-nin enerji t\u0259hl\u00fck\u0259sizliyi m\u0259s\u0259l\u0259sind\u0259 Az\u0259rbaycan\u0131n rolunu v\u0259 \u00f6n\u0259mini anlay\u0131r.<\/p>\n<p>G\u00f6r\u00fcnd\u00fcy\u00fc kimi, Az\u0259rbaycan regional g\u00fcc kimi art\u0131q \u00f6z\u00fcn\u00fc b\u0259rq\u0259rar edib. Avropa da bu reall\u0131\u011f\u0131 zamanla q\u0259bul etm\u0259y\u0259 m\u0259cbur olacaq. Petersberq \u0130qlim Dialoqu, Almaniya il\u0259 Az\u0259rbaycan aras\u0131ndak\u0131 y\u00fcks\u0259k s\u0259viyy\u0259li g\u00f6r\u00fc\u015fl\u0259r, r\u0259smi Berlinin \u00f6lk\u0259miz\u0259 verdiyi \u0259h\u0259miyy\u0259ti ifad\u0259 etm\u0259si, r\u0259smi Bak\u0131ya t\u0259r\u0259fda\u015f kimi baxmas\u0131 da bunun bir daha s\u00fcbutu oldu.<\/p>\n","protected":false},"excerpt":{"rendered":"<p>Almaniya-Az\u0259rbaycan \u0259laq\u0259l\u0259ri s\u00fcr\u0259tli inki\u015faf d\u00f6vr\u00fcn\u00fc ya\u015fay\u0131r Aprelin 26-da Prezident \u0130lham \u018fliyevin Almaniyaya i\u015fg\u00fczar s\u0259f\u0259ri ba\u015f tutub v\u0259 Berlin \u015f\u0259h\u0259rind\u0259 \u201c15-ci Petersberq \u0130qlim Dialoqu\u201d ke\u00e7irilib. Eyni zamanda, Az\u0259rbaycan liderinin Almaniya Federal Kansleri Olaf \u015eolts il\u0259 ikit\u0259r\u0259fli g\u00f6r\u00fc\u015f\u00fc olub. Az\u0259rbaycan v\u0259 Almaniya r\u0259hb\u0259rl\u0259ri g\u00f6r\u00fc\u015fd\u0259n sonra birg\u0259 m\u0259tbuat konfrans\u0131nda \u00e7\u0131x\u0131\u015f edibl\u0259r v\u0259 jurnalistl\u0259rin suallar\u0131n\u0131 cavabland\u0131r\u0131blar. Az\u0259rbaycan\u0131n d\u00f6vl\u0259t ba\u015f\u00e7\u0131s\u0131n\u0131n, h\u0259m\u00e7inin Almaniya Federativ Respublikas\u0131n\u0131n Prezidenti Frank-Valter \u015etaynmayer il\u0259 t\u0259kb\u0259t\u0259k v\u0259 geni\u015f t\u0259rkibd\u0259 g\u00f6r\u00fc\u015f\u00fc olub. Bu, son 14 ay \u0259rzind\u0259 Prezident \u0130lham \u018fliyevin Almaniyaya d\u00f6rd\u00fcnc\u00fc s\u0259f\u0259ridir. \u00d6t\u0259n ilin mart\u0131nda Berlind\u0259, iki ay \u0259vv\u0259l M\u00fcnxend\u0259 Kansler il\u0259&hellip;<\/p>\n","protected":false},"author":2,"featured_media":716808,"comment_status":"closed","ping_status":"closed","sticky":false,"template":"","format":"standard","meta":{"om_disable_all_campaigns":false,"_monsterinsights_skip_tracking":false,"_monsterinsights_sitenote_active":false,"_monsterinsights_sitenote_note":"","_monsterinsights_sitenote_category":0},"categories":[19],"tags":[],"aioseo_notices":[],"gutentor_comment":0,"rttpg_featured_image_url":{"full":["https:\/\/arantv.az\/wp-content\/uploads\/2024\/04\/618790ae171439633428921987310382371.jpg",975,540,false],"landscape":["https:\/\/arantv.az\/wp-content\/uploads\/2024\/04\/618790ae171439633428921987310382371.jpg",975,540,false],"portraits":["https:\/\/arantv.az\/wp-content\/uploads\/2024\/04\/618790ae171439633428921987310382371.jpg",975,540,false],"thumbnail":["https:\/\/arantv.az\/wp-content\/uploads\/2024\/04\/618790ae171439633428921987310382371-500x280.jpg",500,280,true],"medium":["https:\/\/arantv.az\/wp-content\/uploads\/2024\/04\/618790ae171439633428921987310382371-660x365.jpg",660,365,true],"large":["https:\/\/arantv.az\/wp-content\/uploads\/2024\/04\/618790ae171439633428921987310382371-840x465.jpg",640,354,true],"1536x1536":["https:\/\/arantv.az\/wp-content\/uploads\/2024\/04\/618790ae171439633428921987310382371.jpg",975,540,false],"2048x2048":["https:\/\/arantv.az\/wp-content\/uploads\/2024\/04\/618790ae171439633428921987310382371.jpg",975,540,false],"post-thumbnail":["https:\/\/arantv.az\/wp-content\/uploads\/2024\/04\/618790ae171439633428921987310382371-240x172.jpg",240,172,true],"advps-thumb-one":["https:\/\/arantv.az\/wp-content\/uploads\/2024\/04\/618790ae171439633428921987310382371.jpg",975,540,false]},"rttpg_author":{"display_name":"V\u00fcsal Rafiqo\u011flu","author_link":"https:\/\/arantv.az\/?author=2"},"rttpg_comment":0,"rttpg_category":"<a href=\"https:\/\/arantv.az\/?cat=19\" rel=\"category\">G\u00fcnd\u0259m<\/a>","rttpg_excerpt":"Almaniya-Az\u0259rbaycan \u0259laq\u0259l\u0259ri s\u00fcr\u0259tli inki\u015faf d\u00f6vr\u00fcn\u00fc ya\u015fay\u0131r Aprelin 26-da Prezident \u0130lham \u018fliyevin Almaniyaya i\u015fg\u00fczar s\u0259f\u0259ri ba\u015f tutub v\u0259 Berlin \u015f\u0259h\u0259rind\u0259 \u201c15-ci Petersberq \u0130qlim Dialoqu\u201d ke\u00e7irilib. Eyni zamanda, Az\u0259rbaycan liderinin Almaniya Federal Kansleri Olaf \u015eolts il\u0259 ikit\u0259r\u0259fli g\u00f6r\u00fc\u015f\u00fc olub. Az\u0259rbaycan v\u0259 Almaniya r\u0259hb\u0259rl\u0259ri g\u00f6r\u00fc\u015fd\u0259n sonra birg\u0259 m\u0259tbuat konfrans\u0131nda \u00e7\u0131x\u0131\u015f edibl\u0259r v\u0259 jurnalistl\u0259rin suallar\u0131n\u0131 cavabland\u0131r\u0131blar. Az\u0259rbaycan\u0131n d\u00f6vl\u0259t ba\u015f\u00e7\u0131s\u0131n\u0131n,&hellip;","_links":{"self":[{"href":"https:\/\/arantv.az\/index.php?rest_route=\/wp\/v2\/posts\/716807"}],"collection":[{"href":"https:\/\/arantv.az\/index.php?rest_route=\/wp\/v2\/posts"}],"about":[{"href":"https:\/\/arantv.az\/index.php?rest_route=\/wp\/v2\/types\/post"}],"author":[{"embeddable":true,"href":"https:\/\/arantv.az\/index.php?rest_route=\/wp\/v2\/users\/2"}],"replies":[{"embeddable":true,"href":"https:\/\/arantv.az\/index.php?rest_route=%2Fwp%2Fv2%2Fcomments&post=716807"}],"version-history":[{"count":0,"href":"https:\/\/arantv.az\/index.php?rest_route=\/wp\/v2\/posts\/716807\/revisions"}],"wp:featuredmedia":[{"embeddable":true,"href":"https:\/\/arantv.az\/index.php?rest_route=\/wp\/v2\/media\/716808"}],"wp:attachment":[{"href":"https:\/\/arantv.az\/index.php?rest_route=%2Fwp%2Fv2%2Fmedia&parent=716807"}],"wp:term":[{"taxonomy":"category","embeddable":true,"href":"https:\/\/arantv.az\/index.php?rest_route=%2Fwp%2Fv2%2Fcategories&post=716807"},{"taxonomy":"post_tag","embeddable":true,"href":"https:\/\/arantv.az\/index.php?rest_route=%2Fwp%2Fv2%2Ftags&post=716807"}],"curies":[{"name":"wp","href":"https:\/\/api.w.org\/{rel}","templated":true}]}}