{"id":716810,"date":"2024-04-30T09:59:42","date_gmt":"2024-04-30T05:59:42","guid":{"rendered":"https:\/\/arantv.az\/?p=716810"},"modified":"2024-04-30T09:59:42","modified_gmt":"2024-04-30T05:59:42","slug":"milli-maraqlara-horm%c9%99t-saglam-%c9%99m%c9%99kdasliq-qarsiliqli-d%c9%99st%c9%99k-h%c9%99mr%c9%99ylik","status":"publish","type":"post","link":"https:\/\/arantv.az\/?p=716810","title":{"rendered":"Milli maraqlara h\u00f6rm\u0259t, sa\u011flam \u0259m\u0259kda\u015fl\u0131q qar\u015f\u0131l\u0131ql\u0131 d\u0259st\u0259k, h\u0259mr\u0259ylik!"},"content":{"rendered":"<p><em><strong>Bu c\u00fcr \u00fclvi prinsipl\u0259r \u0259sas\u0131nda inki\u015faf ed\u0259n Az\u0259rbaycan-Q\u0131r\u011f\u0131z\u0131stan m\u00fcnasib\u0259tl\u0259ri t\u00fcrk d\u00fcnyas\u0131na \u00f6n\u0259mli t\u00f6hf\u0259dir<\/strong><\/em><\/p>\n<p>T\u00fcrk D\u00f6vl\u0259tl\u0259ri T\u0259\u015fkilat\u0131n\u0131n (TDT) Qazax\u0131stan\u0131n paytaxt\u0131 Astanada \u00abT\u00fcrk \u018fsri\u00bb \u00e7a\u011f\u0131r\u0131\u015f\u0131 il\u0259 ke\u00e7iril\u0259n 10-cu yubiley Zirv\u0259 g\u00f6r\u00fc\u015f\u00fc<br \/>\nquruma \u00fczv d\u00f6vl\u0259tl\u0259r aras\u0131nda \u0259laq\u0259l\u0259rin daha da geni\u015fl\u0259ndirilm\u0259si, d\u00f6vr\u00fcn t\u0259l\u0259bl\u0259rin\u0259 uy\u011fun intensivl\u0259\u015fdirilm\u0259si bax\u0131m\u0131ndan tarixi hadis\u0259 idi. T\u00fcrk \u015euras\u0131n\u0131n yarad\u0131lmas\u0131 il\u0259 ba\u011fl\u0131 sazi\u015fin 2009-cu ild\u0259 Az\u0259rbaycan\u0131n q\u0259dim m\u0259sk\u0259nl\u0259rind\u0259n olan Nax\u00e7\u0131van \u015f\u0259h\u0259rind\u0259 ke\u00e7iril\u0259n toplant\u0131da imzalanmas\u0131 il\u0259 ox\u015far tarix\u0259, ad\u0259t-\u0259n\u0259n\u0259l\u0259r\u0259, milli-m\u0259n\u0259vi d\u0259y\u0259rl\u0259r\u0259 malik d\u00f6vl\u0259tl\u0259r qar\u015f\u0131s\u0131nda m\u00fch\u00fcm v\u0259zif\u0259l\u0259r qoyuldu. O vaxt sazi\u015fi imzalayan Az\u0259rbaycan\u0131n, Qazax\u0131stan\u0131n, Q\u0131r\u011f\u0131z\u0131stan\u0131n v\u0259 T\u00fcrkiy\u0259nin d\u00f6vl\u0259t ba\u015f\u00e7\u0131lar\u0131n\u0131n birg\u0259 s\u0259yi il\u0259 geni\u015fl\u0259n\u0259n d\u00f6vl\u0259tl\u0259raras\u0131 \u0259m\u0259kda\u015fl\u0131q say\u0259sind\u0259 2021-ci ilin noyabr\u0131nda \u015eura T\u00fcrk D\u00f6vl\u0259tl\u0259ri T\u0259\u015fkilat\u0131na (TDT) \u00e7evrilm\u0259kl\u0259 \u00fczvl\u0259rinin d\u0259 say\u0131 artd\u0131.<\/p>\n<p>Bu g\u00fcn 200 milyondan \u00e7ox insan\u0131n ya\u015fad\u0131\u011f\u0131 geni\u015f bir co\u011frafiyan\u0131 \u0259hat\u0259 ed\u0259n TDT-y\u0259 \u00fczv \u00f6lk\u0259l\u0259r aras\u0131nda siyasi, iqtisadi, m\u0259d\u0259ni \u0259laq\u0259l\u0259r geni\u015fl\u0259ndikc\u0259 t\u0259\u015fkilat\u0131n beyn\u0259lxalq n\u00fcfuzu da art\u0131r. \u015e\u0259rqd\u0259n Q\u0259rb\u0259 uzanan, beyn\u0259lxalq \u0259h\u0259miyy\u0259ti artan Orta D\u0259hliz layih\u0259sinin qov\u015fa\u011f\u0131nda yerl\u0259\u015f\u0259n, apar\u0131c\u0131 rola, m\u00fch\u00fcm tranzit imkan\u0131na malik Az\u0259rbaycan \u0259b\u0259s yer\u0259 d\u00fcnyan\u0131n n\u0259qliyyat x\u0259rit\u0259sini yenil\u0259y\u0259n d\u00f6vl\u0259t adland\u0131r\u0131lm\u0131r. T\u00fcrk d\u00f6vl\u0259tl\u0259rinin birliyinin vacibliyini \u00abT\u00fcrk d\u00fcnyas\u0131 b\u00f6y\u00fck bir ail\u0259dir. Bir-birimizin milli maraqlar\u0131n\u0131 n\u0259z\u0259r\u0259 alaraq bundan sonra da qar\u015f\u0131l\u0131ql\u0131 d\u0259st\u0259k v\u0259 h\u0259mr\u0259ylik g\u00f6st\u0259rm\u0259liyik. Siyasi, iqtisadi, ticari, m\u0259d\u0259ni, n\u0259qliyyat, energetika, r\u0259q\u0259msal transformasiya, k\u0259nd t\u0259s\u0259rr\u00fcfat\u0131, turizm sah\u0259l\u0259ri il\u0259 yana\u015f\u0131, t\u0259hl\u00fck\u0259sizlik, m\u00fcdafi\u0259, m\u00fcdafi\u0259 s\u0259nayesi kimi sah\u0259l\u0259rd\u0259 d\u0259 \u0259m\u0259kda\u015fl\u0131\u011f\u0131m\u0131z\u0131 f\u0259alla\u015fd\u0131rmal\u0131y\u0131q\u00bb s\u00f6zl\u0259ri il\u0259 ifad\u0259 ed\u0259n Prezident \u0130lham \u018fliyev TDT-y\u0259 \u00fczv \u00f6lk\u0259l\u0259r aras\u0131nda iqtisadi, siyasi m\u00fcnasib\u0259tl\u0259rin m\u00f6hk\u0259ml\u0259nm\u0259sini qlobal probleml\u0259rl\u0259 z\u0259ngin \u0259srimizin m\u00fch\u00fcm amili adland\u0131r\u0131r.<\/p>\n<p>Prezident \u0130lham \u018fliyevin uzaqg\u00f6r\u0259n siyas\u0259ti n\u0259tic\u0259sind\u0259 Orta D\u0259hlizin m\u00fch\u00fcm t\u0259r\u0259fda\u015flar\u0131ndan olan Az\u0259rbaycanda x\u00fcsusi diqq\u0259t yetiril\u0259n n\u0259qliyyat-logistika infrastrukturu m\u00fcasir t\u0259l\u0259bl\u0259r\u0259 tam cavab verir, bu mar\u015frut \u00fczr\u0259 y\u00fckda\u015f\u0131malar\u0131n h\u0259cmi n\u0259z\u0259r\u0259\u00e7arpacaq d\u0259r\u0259c\u0259d\u0259 art\u0131r. T\u0259sad\u00fcfi deyil ki, 2023-c\u00fc ilin yanvar-avqust aylar\u0131nda Transx\u0259z\u0259r Beyn\u0259lxalq N\u0259qliyyat Mar\u015frutu \u00fczr\u0259 y\u00fckda\u015f\u0131malar\u0131n dinamikas\u0131 2022-ci ilin m\u00fcvafiq d\u00f6vr\u00fc il\u0259 m\u00fcqayis\u0259d\u0259 85,3 faiz artaraq 1,7 milyon tondan \u00e7ox olub. Bu art\u0131m \u00f6lk\u0259mizin t\u00fcrk d\u00f6vl\u0259tl\u0259ri il\u0259 iqtisadi \u0259laq\u0259l\u0259rin\u0259 m\u00fcsb\u0259t t\u0259sirini g\u00f6st\u0259rir. Az\u0259rbaycan\u0131n t\u00fcrk d\u00f6vl\u0259tl\u0259ri il\u0259 ticar\u0259t d\u00f6vriyy\u0259sinin yax\u0131n ill\u0259rd\u0259 15 milyard dollarad\u0259k art\u0131r\u0131lmas\u0131 h\u0259d\u0259fl\u0259nir.<br \/>\nD\u00fcnya birliyind\u0259 etimad qazanan qurum kimi tan\u0131nan TDT-y\u0259 \u00fczv \u00f6lk\u0259l\u0259r aras\u0131nda yax\u0131n dostluq v\u0259 qarda\u015fl\u0131q \u0259laq\u0259l\u0259rinin olmas\u0131, onlar\u0131n bir-birini qar\u015f\u0131l\u0131ql\u0131 \u015f\u0259kild\u0259 d\u0259st\u0259kl\u0259m\u0259si t\u0259\u015fkilat\u0131n inki\u015faf perspektivl\u0259rini \u015f\u0259rtl\u0259ndir\u0259n \u0259sas amill\u0259rd\u0259n biridir.<\/p>\n<p>T\u0259\u015fkilata \u00fczv d\u00f6vl\u0259tl\u0259r Qaraba\u011fda v\u0259 \u015e\u0259rqi Z\u0259ng\u0259zurda apar\u0131lan b\u0259rpa-quruculuq i\u015fl\u0259rin\u0259 d\u0259 layiqli t\u00f6hfl\u0259rini verirl\u0259r. F\u00fczulid\u0259 qarda\u015f \u00d6zb\u0259kistan\u0131n t\u0259\u015f\u0259bb\u00fcs\u00fc il\u0259 in\u015fa olunan Mirz\u0259 Uluqb\u0259y ad\u0131na 1 n\u00f6mr\u0259li tam orta m\u0259kt\u0259bin, Qazax\u0131stan\u0131n xalq\u0131m\u0131za h\u0259diyy\u0259si olan Kurmanqaz\u0131 ad\u0131na Yarad\u0131c\u0131l\u0131\u011f\u0131n \u0130nki\u015faf\u0131 M\u0259rk\u0259zinin istifad\u0259y\u0259 verilm\u0259si qarda\u015fl\u0131q t\u00f6hf\u0259l\u0259rinin n\u00fcmun\u0259l\u0259rind\u0259ndir. C\u0259bray\u0131lda yarad\u0131lan Az\u0259rbaycan-T\u00fcrkiy\u0259 Beyn\u0259lxalq Me\u015f\u0259 T\u0259lim M\u0259rk\u0259zi, Z\u0259ngilanda birinci m\u0259rh\u0259l\u0259si a\u00e7\u0131lan \u00abDost Aqropark\u00bb a\u011f\u0131ll\u0131 k\u0259nd t\u0259s\u0259rr\u00fcfat\u0131 kompleksi, eyni zamanda, \u00f6t\u0259n ilin fevral\u0131nda qarda\u015f T\u00fcrkiy\u0259d\u0259 ba\u015f ver\u0259n z\u0259lz\u0259l\u0259nin f\u0259sadlar\u0131n\u0131n aradan qald\u0131r\u0131lmas\u0131na TDT-y\u0259 \u00fczv d\u00f6vl\u0259tl\u0259rin d\u0259st\u0259yi ortaq soyk\u00f6k, ortaq tarix v\u0259 m\u0259d\u0259niyy\u0259t, milli d\u0259y\u0259rl\u0259rin ifad\u0259si idi. T\u00fcrk D\u00f6vl\u0259tl\u0259ri T\u0259\u015fkilat\u0131n\u0131n Astana Zirv\u0259 toplant\u0131s\u0131nda q\u0259bul olunan \u00abT\u00fcrk d\u00fcnyas\u0131n\u0131n perspektivl\u0259ri &#8211; 2040\u00bb B\u0259yannam\u0259sind\u0259 t\u00fcrk birliyinin yol x\u0259rit\u0259si, perspektivl\u0259ri d\u0259qiqliyi il\u0259 g\u00f6st\u0259rilir.<\/p>\n<p>Qar\u015f\u0131dak\u0131 ill\u0259r \u00fc\u00e7\u00fcn n\u0259z\u0259rd\u0259 tutulan s\u0259n\u0259dd\u0259 t\u0259r\u0259fl\u0259r terrorizm v\u0259 qeyri-qanuni silah ticar\u0259ti il\u0259 m\u00fcbariz\u0259d\u0259 s\u0259yl\u0259rini birl\u0259\u015fdir\u0259c\u0259kl\u0259rini b\u0259yan edibl\u0259r.<\/p>\n<p>Bu il aprel ay\u0131n\u0131n 24-d\u0259 Q\u0131r\u011f\u0131z\u0131stan\u0131n Prezidenti Sad\u0131r Japarovun \u00f6lk\u0259miz\u0259 s\u0259f\u0259ri TDT \u00fczv d\u00f6vl\u0259ri aras\u0131ndak\u0131 h\u0259mr\u0259yliy\u0259 daha bir n\u00fcmun\u0259dir. S\u0259f\u0259r \u00f6lk\u0259l\u0259rimiz aras\u0131nda dostluq, qarda\u015fl\u0131q m\u00fcnasib\u0259tl\u0259rinin m\u00f6hk\u0259ml\u0259ndirilm\u0259sin\u0259 veril\u0259n t\u00f6hf\u0259l\u0259rl\u0259 z\u0259ngin olub. Az\u0259rbaycana s\u0259f\u0259ri \u00e7\u0259r\u00e7iv\u0259sind\u0259 A\u011fdamda \u015eahbulaq qalas\u0131nda, P\u0259nah\u0259li xan\u0131n saray\u0131nda, \u0130mar\u0259t kompleksind\u0259 apar\u0131lan b\u0259rpa- quruculuq i\u015fl\u0259ri il\u0259 tan\u0131\u015f olan, rayonun X\u0131d\u0131rl\u0131 k\u0259ndind\u0259 Q\u0131r\u011f\u0131z\u0131stan\u0131n t\u0259\u015f\u0259bb\u00fcs\u00fc il\u0259 in\u015fa olunacaq k\u0259nd m\u0259kt\u0259binin t\u0259m\u0259lqoyma m\u0259rasimind\u0259, C\u00fcm\u0259 m\u0259scidinin a\u00e7\u0131l\u0131\u015f\u0131nda birg\u0259 i\u015ftirak ed\u0259n prezidentl\u0259r F\u00fczuli rayonunda da maraql\u0131 g\u00f6r\u00fc\u015fl\u0259r ke\u00e7irmi\u015f, \u015f\u0259h\u0259rin Ba\u015f plan\u0131 il\u0259 tan\u0131\u015f olmu\u015flar. Birg\u0259 B\u0259yannam\u0259nin \u0259h\u0259miyy\u0259tini m\u0259tbuata b\u0259yanatlar\u0131nda x\u00fcs\u00fcsil\u0259 qeyd ed\u0259n prezidentl\u0259r iki qarda\u015f \u00f6lk\u0259 aras\u0131nda imzalanan s\u0259n\u0259dl\u0259ri m\u00fcnasib\u0259tl\u0259rin g\u0259l\u0259c\u0259k inki\u015faf\u0131 bax\u0131m\u0131ndan y\u00fcks\u0259k d\u0259y\u0259rl\u0259ndirdil\u0259r.<\/p>\n<p>\u00abQar\u015f\u0131l\u0131ql\u0131 f\u0259aliyy\u0259timizin g\u00fcnd\u0259liyi kifay\u0259t q\u0259d\u0259r geni\u015fdir. Bu g\u00fcn biz h\u0259m m\u0259hdud t\u0259rkibd\u0259, h\u0259m d\u0259 geni\u015f hey\u0259td\u0259 qar\u015f\u0131l\u0131ql\u0131 f\u0259aliyy\u0259timizin \u0259sas m\u0259s\u0259l\u0259l\u0259rini m\u00fczakir\u0259 etdik, D\u00f6vl\u0259tl\u0259raras\u0131 \u015euran\u0131n ikinci iclas\u0131n\u0131 u\u011furla ke\u00e7irdik, m\u00fcvafiq idar\u0259l\u0259rin r\u0259hb\u0259rl\u0259rinin m\u0259lumatlar\u0131n\u0131 dinl\u0259dik v\u0259 m\u00fcvafiq tap\u015f\u0131r\u0131qlar verdik. \u018fmin\u0259m ki, bu s\u0259f\u0259r v\u0259 onun n\u0259tic\u0259l\u0259ri qar\u015f\u0131l\u0131ql\u0131 f\u0259aliyy\u0259timizin m\u00f6hk\u0259ml\u0259ndirilm\u0259si, ticar\u0259t d\u00f6vriyy\u0259sinin artmas\u0131 v\u0259 b\u00fct\u00fcn istiqam\u0259tl\u0259r \u00fczr\u0259 \u0259m\u0259kda\u015fl\u0131\u011fa dair praktiki m\u00fcst\u0259vid\u0259 \u00f6z\u00fcn\u00fc ayd\u0131n \u015f\u0259kild\u0259 g\u00f6st\u0259r\u0259c\u0259k\u00bb s\u00f6zl\u0259ri il\u0259 qar\u015f\u0131l\u0131ql\u0131 s\u0259f\u0259rl\u0259rin art\u0131q \u0259n\u0259n\u0259vi formala\u015fmas\u0131n\u0131 b\u00fct\u00fcnl\u00fckd\u0259 TDT \u00fc\u00e7\u00fcn m\u00fch\u00fcm \u0259h\u0259miyy\u0259t da\u015f\u0131d\u0131\u011f\u0131n\u0131 qeyd ed\u0259n Prezident \u0130lham \u018fliyev bu ilin iyulunda \u015eu\u015fada ke\u00e7iril\u0259c\u0259k TDT-nin qeyri-r\u0259smi Zirv\u0259 g\u00f6r\u00fc\u015f\u00fcn\u00fcn \u0259h\u0259miyy\u0259tini d\u0259 vur\u011fulam\u0131\u015fd\u0131r. Q\u0131r\u011f\u0131z\u0131stanl\u0131 h\u0259mkar\u0131n\u0131 noyabr ay\u0131nda Bak\u0131da ke\u00e7iril\u0259c\u0259k COP29 beyn\u0259lxalq konfrans\u0131nda i\u015ftiraka d\u0259v\u0259t ed\u0259n Prezident \u0130lham \u018fliyev bu c\u00fcr g\u00f6r\u00fc\u015fl\u0259ri qar\u015f\u0131l\u0131ql\u0131 f\u0259aliyy\u0259tin, \u00fcnsiyy\u0259tin g\u00fccl\u0259ndirilm\u0259si, el\u0259c\u0259 d\u0259 ikit\u0259r\u0259fli v\u0259 \u00e7oxt\u0259r\u0259fli \u0259m\u0259kda\u015fl\u0131\u011f\u0131n m\u00fch\u00fcm m\u0259s\u0259l\u0259l\u0259rinin h\u0259lli bax\u0131m\u0131ndan \u0259h\u0259miyy\u0259tli v\u0259 d\u0259y\u0259rli adland\u0131r\u0131b.<\/p>\n<p>M\u0259rk\u0259zi Asiya D\u00f6vl\u0259t Ba\u015f\u00e7\u0131lar\u0131n\u0131n 5-ci M\u0259\u015fv\u0259r\u0259t g\u00f6r\u00fc\u015f\u00fcnd\u0259 f\u0259xri qonaq kimi i\u015ftirak\u0131n\u0131 diqq\u0259t\u0259 \u00e7atd\u0131ran Prezident \u0130lham \u018fliyev vur\u011fulam\u0131\u015fd\u0131r ki, M\u0259rk\u0259zi Asiya v\u0259 X\u0259z\u0259r, X\u0259z\u0259r v\u0259 C\u0259nubi Qafqaz regionlar\u0131 aras\u0131ndak\u0131 enerji resurslar\u0131, n\u0259qliyyat yollar\u0131, ticar\u0259t \u0259laq\u0259l\u0259ri b\u00f6y\u00fck \u0259h\u0259miyy\u0259t k\u0259sb edir: \u00abBurada b\u00f6y\u00fck potensial g\u00f6r\u00fcr\u00fck. \u018fn ba\u015fl\u0131cas\u0131, qarda\u015f \u00f6lk\u0259l\u0259rd\u0259n olan \u0259n\u0259n\u0259vi t\u0259r\u0259fda\u015flar\u0131m\u0131zla qar\u015f\u0131l\u0131ql\u0131 f\u0259aliyy\u0259ti m\u00f6hk\u0259ml\u0259ndiririk. Onlar\u0131n aras\u0131nda Q\u0131r\u011f\u0131z\u0131stanla \u0259m\u0259kda\u015fl\u0131q x\u00fcsusi \u0259h\u0259miyy\u0259t\u0259 malikdir.\u00bb<\/p>\n<p>D\u00f6vl\u0259t ba\u015f\u00e7\u0131m\u0131z \u00abAz\u0259rbaycan-Q\u0131r\u011f\u0131z \u0130nki\u015faf Fondunun Nizamnam\u0259 fondu haqq\u0131nda\u00bb Sazi\u015f\u0259 \u0259lav\u0259l\u0259ri g\u0259l\u0259c\u0259k ink\u015faf \u00fc\u00e7\u00fcn \u00f6n\u0259mli add\u0131m adland\u0131rm\u0131\u015fd\u0131r. Yeni t\u0259klifl\u0259rl\u0259 daha da z\u0259nginl\u0259\u015fdiril\u0259c\u0259k Nizamnam\u0259 fondunun 4 d\u0259f\u0259 &#8211; 25 milyon dollardan 100 milyon dollara \u00e7atd\u0131r\u0131lmas\u0131 b\u00f6lg\u0259 \u00fc\u00e7\u00fcn m\u00fch\u00fcm \u0259h\u0259miyy\u0259t\u0259 malik h\u0259llini g\u00f6zl\u0259y\u0259n layih\u0259l\u0259rin h\u0259yata ke\u00e7irilm\u0259si mexanizmini daha tez realla\u015fd\u0131rmaq imkanlar\u0131n\u0131 art\u0131racaq. \u00abBizim investisiya siyas\u0259ti \u00fczr\u0259 ba\u015fqa formalar\u0131m\u0131z da var. Bu g\u00fcn m\u0259ruz\u0259 olundu\u011fu kimi, art\u0131q \u0130ss\u0131k-Kul g\u00f6l\u00fcn\u00fcn sahilind\u0259 Az\u0259rbaycan\u0131n maliyy\u0259l\u0259\u015fdirdiyi be\u015fulduzlu otelin tikintisin\u0259 ba\u015flan\u0131l\u0131b, biz\u0259 s\u00f6z verildiyi kimi, o, n\u00f6vb\u0259ti ilin sonunda haz\u0131r olacaq\u00bb s\u00f6yl\u0259y\u0259n c\u0259nab \u0130lham \u018fliyev Q\u0131r\u011f\u0131z\u0131stan\u0131n t\u0259\u015f\u0259bb\u00fcs\u00fc il\u0259 A\u011fdam rayonunda in\u015fa olunacaq orta m\u0259kt\u0259b t\u0259\u015f\u0259bb\u00fcs\u00fcn\u00fc qarda\u015f d\u0259st\u0259yi adland\u0131rm\u0131\u015fd\u0131r.<br \/>\nKommersiya c\u0259lbediciliyi bax\u0131m\u0131ndan h\u0259r iki d\u00f6vl\u0259t \u00fc\u00e7\u00fcn \u0259lveri\u015fli olan energetika, n\u0259qliyyat sah\u0259l\u0259rin\u0259 b\u0259rpaolunan enerji \u00fczr\u0259 investisiya layih\u0259l\u0259rinin d\u0259 \u0259lav\u0259 edilm\u0259si, iri miqyasl\u0131 d\u0259mir yollar\u0131n\u0131n tikintisin\u0259 diqq\u0259tin art\u0131r\u0131lmas\u0131 b\u00f6lg\u0259 \u00fc\u00e7\u00fcn \u00f6n\u0259mli investisiya proqramlar\u0131n\u0131n t\u0259rkib hiss\u0259sidir. Vur\u011fulanm\u0131\u015fd\u0131r ki, X\u0259z\u0259r, M\u0259rk\u0259zi Asiya vasit\u0259sil\u0259 Avropaya n\u0259qliyyat mar\u015frutlar\u0131 t\u0259kc\u0259 m\u0259saf\u0259 n\u00f6qteyi-n\u0259z\u0259rind\u0259n \u00f6n\u0259mli deyil. \u0130kit\u0259r\u0259fli \u0259m\u0259kda\u015fl\u0131q format\u0131 infrastruktur layih\u0259l\u0259rinin h\u0259llini daha tez intensivl\u0259\u015fdir\u0259c\u0259k t\u0259\u015f\u0259bb\u00fcsl\u0259rd\u0259ndir.<\/p>\n<p>Az\u0259rbaycanl\u0131 h\u0259mkar\u0131 il\u0259 D\u00f6vl\u0259tl\u0259raras\u0131 \u015euran\u0131n ikinci iclas\u0131 \u00e7\u0259r\u00e7iv\u0259sind\u0259 ikit\u0259r\u0259fli \u0259m\u0259kda\u015fl\u0131\u011f\u0131 daha da g\u00fccl\u0259ndir\u0259c\u0259k m\u0259sl\u0259h\u0259tl\u0259\u015fm\u0259l\u0259ri y\u00fcks\u0259k qiym\u0259tl\u0259ndir\u0259n Q\u0131r\u011f\u0131z\u0131stan Prezident Sad\u0131r Jarapovun vur\u011fulad\u0131\u011f\u0131 kimi, \u0259n\u0259n\u0259vi dostluq, \u015f\u0259ffafl\u0131q v\u0259 etimad \u015f\u0259raitind\u0259 davam ed\u0259n dan\u0131\u015f\u0131qlar \u00f6lk\u0259l\u0259rimiz aras\u0131nda qarda\u015fl\u0131q \u0259laq\u0259l\u0259rini xarakteriz\u0259 edir: \u00abG\u00f6r\u00fc\u015f\u00fcm\u00fcz\u00fcn yekunlar\u0131na dair Q\u0131r\u011f\u0131z Respublikas\u0131 il\u0259 Az\u0259rbaycan Respublikas\u0131 aras\u0131nda strateji t\u0259r\u0259fda\u015fl\u0131\u011f\u0131n m\u00f6hk\u0259ml\u0259ndirilmi\u015f m\u00fcnasib\u0259tl\u0259rinin qurulmas\u0131 \u00fczr\u0259 Birg\u0259 B\u0259yannam\u0259 imzaland\u0131. Bu s\u0259n\u0259din imzalanmas\u0131 praktikada formala\u015fm\u0131\u015f ikit\u0259r\u0259fli strateji m\u00fcnasib\u0259tl\u0259rin daha d\u0259rin xarakterini r\u0259smi \u015f\u0259kild\u0259 t\u0259sbit edir.\u00bb Cari il \u0259rzind\u0259 Az\u0259rbaycanda v\u0259 Q\u0131r\u011f\u0131z\u0131standa T\u00fcrk D\u00f6vl\u0259tl\u0259ri T\u0259\u015fkilat\u0131 \u00e7\u0259r\u00e7iv\u0259sind\u0259 ke\u00e7iril\u0259c\u0259k t\u0259dbirl\u0259ri t\u00fcrk birliyin\u0259 n\u00f6vb\u0259ti t\u00f6hf\u0259 adland\u0131ran h\u0259r iki d\u00f6vl\u0259t ba\u015f\u00e7\u0131s\u0131 \u0259ld\u0259 olunmu\u015f raz\u0131la\u015fmalardan m\u0259mnunluqlar\u0131n\u0131 ifad\u0259 etmi\u015fl\u0259r. \u00abM\u0259n h\u00f6rm\u0259tli \u0130lham Heyd\u0259r o\u011flunu t\u0259brik etdim v\u0259 f\u00fcrs\u0259td\u0259n istifad\u0259 ed\u0259r\u0259k b\u00fct\u00fcn qarda\u015f Az\u0259rbaycan xalq\u0131n\u0131 qlobal miqyasl\u0131 t\u0259dbirin \u2013 BMT-nin \u0130qlim D\u0259yi\u015fm\u0259l\u0259ri \u00fczr\u0259 \u00c7\u0259r\u00e7iv\u0259 Konvensiyas\u0131n\u0131n T\u0259r\u0259fl\u0259r Konfrans\u0131n\u0131n 29-cu sessiyas\u0131n\u0131n (COP29) ke\u00e7irilm\u0259si h\u00fcququnu \u0259ld\u0259 etdiyin\u0259 g\u00f6r\u0259 t\u0259brik edir\u0259m. H\u0259qiq\u0259t\u0259n bu, m\u00fch\u00fcm hadis\u0259dir v\u0259 biz \u00fcr\u0259kd\u0259n \u015fad\u0131q ki, qarda\u015f \u00f6lk\u0259 bel\u0259 irimiqyasl\u0131 t\u0259dbir\u0259 ev sahibliyi edir\u00bb s\u00f6zl\u0259ri il\u0259 qarda\u015f Az\u0259rbaycan\u0131n beyn\u0259lxalq al\u0259md\u0259 m\u00f6hk\u0259ml\u0259n\u0259n m\u00f6vqeyini t\u00fcrk birliyinin r\u0259mzi adland\u0131ran Sad\u0131r Japarov iki \u00f6lk\u0259 aras\u0131ndak\u0131 dan\u0131\u015f\u0131qlar\u0131n n\u0259tic\u0259l\u0259rind\u0259n dostluq m\u00fcnasib\u0259tl\u0259rinin h\u0259rt\u0259r\u0259fli inki\u015faf\u0131ndan m\u0259mnunlu\u011funu ifad\u0259 etmi\u015fdir.<\/p>\n<p>Z\u0259ng\u0259zur d\u0259hlizinin b\u0259rpas\u0131 il\u0259 t\u00fcrk d\u00fcnyas\u0131n\u0131n pozulan co\u011frafi ba\u011flant\u0131s\u0131n\u0131n, tarixi \u0259dal\u0259tin, TDT d\u00f6vl\u0259tl\u0259ri aras\u0131nda iqtisadi \u0259laq\u0259l\u0259rin y\u00fcks\u0259k s\u0259viyy\u0259y\u0259 \u00e7ataca\u011f\u0131n\u0131 \u00abM\u0259n demi\u015fdim ki, Z\u0259ng\u0259zur d\u0259hlizi t\u0259kc\u0259 d\u0259mir yolu, avtomobil yolu, hava n\u0259qliyyat\u0131 \u00fc\u00e7\u00fcn deyil. Eyni zamanda, Z\u0259ng\u0259zur d\u0259hlizi enerji n\u00f6vl\u0259rinin ixrac edilm\u0259si il\u0259 ba\u011fl\u0131 \u00f6z rolunu oynayacaq\u00bb s\u00f6yl\u0259y\u0259n Prezident \u0130lham \u018fliyevin s\u00f6zl\u0259rinin ger\u00e7\u0259kl\u0259\u015f\u0259c\u0259yi g\u00fcn t\u00fcrk d\u00fcnyas\u0131n\u0131n h\u0259mr\u0259ylik bayram\u0131 olacaq.<\/p>\n","protected":false},"excerpt":{"rendered":"<p>Bu c\u00fcr \u00fclvi prinsipl\u0259r \u0259sas\u0131nda inki\u015faf ed\u0259n Az\u0259rbaycan-Q\u0131r\u011f\u0131z\u0131stan m\u00fcnasib\u0259tl\u0259ri t\u00fcrk d\u00fcnyas\u0131na \u00f6n\u0259mli t\u00f6hf\u0259dir T\u00fcrk D\u00f6vl\u0259tl\u0259ri T\u0259\u015fkilat\u0131n\u0131n (TDT) Qazax\u0131stan\u0131n paytaxt\u0131 Astanada \u00abT\u00fcrk \u018fsri\u00bb \u00e7a\u011f\u0131r\u0131\u015f\u0131 il\u0259 ke\u00e7iril\u0259n 10-cu yubiley Zirv\u0259 g\u00f6r\u00fc\u015f\u00fc quruma \u00fczv d\u00f6vl\u0259tl\u0259r aras\u0131nda \u0259laq\u0259l\u0259rin daha da geni\u015fl\u0259ndirilm\u0259si, d\u00f6vr\u00fcn t\u0259l\u0259bl\u0259rin\u0259 uy\u011fun intensivl\u0259\u015fdirilm\u0259si bax\u0131m\u0131ndan tarixi hadis\u0259 idi. T\u00fcrk \u015euras\u0131n\u0131n yarad\u0131lmas\u0131 il\u0259 ba\u011fl\u0131 sazi\u015fin 2009-cu ild\u0259 Az\u0259rbaycan\u0131n q\u0259dim m\u0259sk\u0259nl\u0259rind\u0259n olan Nax\u00e7\u0131van \u015f\u0259h\u0259rind\u0259 ke\u00e7iril\u0259n toplant\u0131da imzalanmas\u0131 il\u0259 ox\u015far tarix\u0259, ad\u0259t-\u0259n\u0259n\u0259l\u0259r\u0259, milli-m\u0259n\u0259vi d\u0259y\u0259rl\u0259r\u0259 malik d\u00f6vl\u0259tl\u0259r qar\u015f\u0131s\u0131nda m\u00fch\u00fcm v\u0259zif\u0259l\u0259r qoyuldu. O vaxt sazi\u015fi imzalayan Az\u0259rbaycan\u0131n, Qazax\u0131stan\u0131n, Q\u0131r\u011f\u0131z\u0131stan\u0131n v\u0259 T\u00fcrkiy\u0259nin d\u00f6vl\u0259t ba\u015f\u00e7\u0131lar\u0131n\u0131n birg\u0259 s\u0259yi il\u0259 geni\u015fl\u0259n\u0259n d\u00f6vl\u0259tl\u0259raras\u0131&hellip;<\/p>\n","protected":false},"author":2,"featured_media":716811,"comment_status":"closed","ping_status":"closed","sticky":false,"template":"","format":"standard","meta":{"om_disable_all_campaigns":false,"_monsterinsights_skip_tracking":false,"_monsterinsights_sitenote_active":false,"_monsterinsights_sitenote_note":"","_monsterinsights_sitenote_category":0},"categories":[19],"tags":[],"aioseo_notices":[],"gutentor_comment":0,"rttpg_featured_image_url":{"full":["https:\/\/arantv.az\/wp-content\/uploads\/2024\/04\/6a130f1d171439852959158088211085490.jpg",975,540,false],"landscape":["https:\/\/arantv.az\/wp-content\/uploads\/2024\/04\/6a130f1d171439852959158088211085490.jpg",975,540,false],"portraits":["https:\/\/arantv.az\/wp-content\/uploads\/2024\/04\/6a130f1d171439852959158088211085490.jpg",975,540,false],"thumbnail":["https:\/\/arantv.az\/wp-content\/uploads\/2024\/04\/6a130f1d171439852959158088211085490-500x280.jpg",500,280,true],"medium":["https:\/\/arantv.az\/wp-content\/uploads\/2024\/04\/6a130f1d171439852959158088211085490-660x365.jpg",660,365,true],"large":["https:\/\/arantv.az\/wp-content\/uploads\/2024\/04\/6a130f1d171439852959158088211085490-840x465.jpg",640,354,true],"1536x1536":["https:\/\/arantv.az\/wp-content\/uploads\/2024\/04\/6a130f1d171439852959158088211085490.jpg",975,540,false],"2048x2048":["https:\/\/arantv.az\/wp-content\/uploads\/2024\/04\/6a130f1d171439852959158088211085490.jpg",975,540,false],"post-thumbnail":["https:\/\/arantv.az\/wp-content\/uploads\/2024\/04\/6a130f1d171439852959158088211085490-240x172.jpg",240,172,true],"advps-thumb-one":["https:\/\/arantv.az\/wp-content\/uploads\/2024\/04\/6a130f1d171439852959158088211085490.jpg",975,540,false]},"rttpg_author":{"display_name":"V\u00fcsal Rafiqo\u011flu","author_link":"https:\/\/arantv.az\/?author=2"},"rttpg_comment":0,"rttpg_category":"<a href=\"https:\/\/arantv.az\/?cat=19\" rel=\"category\">G\u00fcnd\u0259m<\/a>","rttpg_excerpt":"Bu c\u00fcr \u00fclvi prinsipl\u0259r \u0259sas\u0131nda inki\u015faf ed\u0259n Az\u0259rbaycan-Q\u0131r\u011f\u0131z\u0131stan m\u00fcnasib\u0259tl\u0259ri t\u00fcrk d\u00fcnyas\u0131na \u00f6n\u0259mli t\u00f6hf\u0259dir T\u00fcrk D\u00f6vl\u0259tl\u0259ri T\u0259\u015fkilat\u0131n\u0131n (TDT) Qazax\u0131stan\u0131n paytaxt\u0131 Astanada \u00abT\u00fcrk \u018fsri\u00bb \u00e7a\u011f\u0131r\u0131\u015f\u0131 il\u0259 ke\u00e7iril\u0259n 10-cu yubiley Zirv\u0259 g\u00f6r\u00fc\u015f\u00fc quruma \u00fczv d\u00f6vl\u0259tl\u0259r aras\u0131nda \u0259laq\u0259l\u0259rin daha da geni\u015fl\u0259ndirilm\u0259si, d\u00f6vr\u00fcn t\u0259l\u0259bl\u0259rin\u0259 uy\u011fun intensivl\u0259\u015fdirilm\u0259si bax\u0131m\u0131ndan tarixi hadis\u0259 idi. T\u00fcrk \u015euras\u0131n\u0131n yarad\u0131lmas\u0131 il\u0259 ba\u011fl\u0131 sazi\u015fin 2009-cu ild\u0259 Az\u0259rbaycan\u0131n q\u0259dim&hellip;","_links":{"self":[{"href":"https:\/\/arantv.az\/index.php?rest_route=\/wp\/v2\/posts\/716810"}],"collection":[{"href":"https:\/\/arantv.az\/index.php?rest_route=\/wp\/v2\/posts"}],"about":[{"href":"https:\/\/arantv.az\/index.php?rest_route=\/wp\/v2\/types\/post"}],"author":[{"embeddable":true,"href":"https:\/\/arantv.az\/index.php?rest_route=\/wp\/v2\/users\/2"}],"replies":[{"embeddable":true,"href":"https:\/\/arantv.az\/index.php?rest_route=%2Fwp%2Fv2%2Fcomments&post=716810"}],"version-history":[{"count":0,"href":"https:\/\/arantv.az\/index.php?rest_route=\/wp\/v2\/posts\/716810\/revisions"}],"wp:featuredmedia":[{"embeddable":true,"href":"https:\/\/arantv.az\/index.php?rest_route=\/wp\/v2\/media\/716811"}],"wp:attachment":[{"href":"https:\/\/arantv.az\/index.php?rest_route=%2Fwp%2Fv2%2Fmedia&parent=716810"}],"wp:term":[{"taxonomy":"category","embeddable":true,"href":"https:\/\/arantv.az\/index.php?rest_route=%2Fwp%2Fv2%2Fcategories&post=716810"},{"taxonomy":"post_tag","embeddable":true,"href":"https:\/\/arantv.az\/index.php?rest_route=%2Fwp%2Fv2%2Ftags&post=716810"}],"curies":[{"name":"wp","href":"https:\/\/api.w.org\/{rel}","templated":true}]}}