{"id":717078,"date":"2024-04-30T18:16:21","date_gmt":"2024-04-30T14:16:21","guid":{"rendered":"https:\/\/arantv.az\/?p=717078"},"modified":"2024-04-30T18:16:21","modified_gmt":"2024-04-30T14:16:21","slug":"az%c9%99rbaycanda-1700-d%c9%99n-cox-alim-oldugu-halda-niy%c9%99-yeni-k%c9%99sfl%c9%99r-yoxdur-aciqlama","status":"publish","type":"post","link":"https:\/\/arantv.az\/?p=717078","title":{"rendered":"Az\u0259rbaycanda 1700-d\u0259n \u00e7ox alim oldu\u011fu halda niy\u0259 yeni k\u0259\u015ffl\u0259r YOXDUR? &#8211; A\u00c7IQLAMA"},"content":{"rendered":"<p>Elm v\u0259 texnikan\u0131n sur\u0259tl\u0259 inki\u015faf etdiyi bir d\u00f6vrd\u0259, dem\u0259k olar, h\u0259r g\u00fcn hans\u0131sa bir k\u0259\u015ff, yaxud ixtira haqq\u0131nda informasiya al\u0131r\u0131q. Bu k\u0259\u015ff v\u0259 ixtiralar insan h\u0259yat\u0131n\u0131n asanla\u015fmas\u0131na xidm\u0259t edir. Bir s\u0131ra ekspertl\u0259rin fikirl\u0259rin\u0259 g\u00f6r\u0259 b\u0259\u015f\u0259riyy\u0259t \u00fc\u00e7\u00fcn yenilik etm\u0259y\u0259n, insan h\u0259yat\u0131n\u0131 asanla\u015fd\u0131ran k\u0259\u015ff v\u0259 ya ixtiras\u0131 olmayan \u015f\u0259xsl\u0259r alim hesab olunmamal\u0131d\u0131rlar.<\/p>\n<p>Maraql\u0131d\u0131r, Az\u0259rbaycanda n\u0259 q\u0259d\u0259r alim var v\u0259 ne\u00e7\u0259sinin k\u0259\u015ff v\u0259 ya ixtiras\u0131 m\u00f6vcuddur?<\/p>\n<p>Az\u0259rbaycan Respublikas\u0131n\u0131n Prezidenti yan\u0131nda Ali Attestasiya Komissiyas\u0131ndan (AAK) Bizim.media-n\u0131n sor\u011fusuna cavab olaraq bildirilib ki, AAK t\u0259r\u0259find\u0259n 23.04.1992-26.04.2024-c\u00fc ill\u0259r aral\u0131\u011f\u0131nda 1766 \u015f\u0259xs\u0259 professor elmi ad\u0131 verilib.<\/p>\n<p>Bu is\u0259 o dem\u0259kdir ki, son 32 ild\u0259, h\u0259r il t\u0259qrib\u0259n 55 n\u0259f\u0259r professor elmi ad\u0131n\u0131 al\u0131b.<\/p>\n<p>Maraql\u0131d\u0131r, b\u0259s bu q\u0259d\u0259r aliml\u0259rimiz vark\u0259n, Az\u0259rbaycanda niy\u0259 yeni k\u0259\u015ff v\u0259 ya ixtiralar olmur?<\/p>\n<p>Mill\u0259t v\u0259kili Fazil Mustafa bildirib ki, h\u0259qiq\u0259t\u0259n d\u0259, dissertasiyalar\u0131n yaz\u0131lmas\u0131, elmi adlar\u0131n verilm\u0259si m\u0259s\u0259l\u0259sind\u0259 b\u00f6y\u00fck probleml\u0259r var:<\/p>\n<p>\u201cProfessor elmi ad\u0131 alanlar\u0131n b\u00f6y\u00fck \u0259ks\u0259riyy\u0259ti k\u0259\u015ff v\u0259 ixtira s\u0259viyy\u0259sind\u0259 imkana sahib deyil. K\u0259\u015ffl\u0259r daha \u00e7ox texniki elml\u0259rd\u0259 \u00f6z\u00fcn\u00fc g\u00f6st\u0259rm\u0259lidir. T\u0259\u0259ss\u00fcf ki, bu sah\u0259d\u0259 xeyli z\u0259ifliyimiz var. \u0130nanm\u0131ram ki, beyn\u0259lxalq standartlarda hans\u0131sa qon\u015fu \u00f6lk\u0259l\u0259rl\u0259 m\u00fcqayis\u0259d\u0259 u\u011furlu bir statistikaya sahib olaq. H\u0259r halda elm v\u0259 texnika bizd\u0259 \u0259n batm\u0131\u015f v\u0259 problemli sah\u0259l\u0259rd\u0259n biridir. Buran\u0131n canlanmas\u0131 \u00fc\u00e7\u00fcn h\u0259l\u0259lik\u00a0effektli add\u0131mlar\u0131 ata bilmirik. Bu da g\u0259l\u0259c\u0259yimiz \u00fc\u00e7\u00fcn problem yarad\u0131r\u201d.<\/p>\n","protected":false},"excerpt":{"rendered":"<p>Elm v\u0259 texnikan\u0131n sur\u0259tl\u0259 inki\u015faf etdiyi bir d\u00f6vrd\u0259, dem\u0259k olar, h\u0259r g\u00fcn hans\u0131sa bir k\u0259\u015ff, yaxud ixtira haqq\u0131nda informasiya al\u0131r\u0131q. Bu k\u0259\u015ff v\u0259 ixtiralar insan h\u0259yat\u0131n\u0131n asanla\u015fmas\u0131na xidm\u0259t edir. Bir s\u0131ra ekspertl\u0259rin fikirl\u0259rin\u0259 g\u00f6r\u0259 b\u0259\u015f\u0259riyy\u0259t \u00fc\u00e7\u00fcn yenilik etm\u0259y\u0259n, insan h\u0259yat\u0131n\u0131 asanla\u015fd\u0131ran k\u0259\u015ff v\u0259 ya ixtiras\u0131 olmayan \u015f\u0259xsl\u0259r alim hesab olunmamal\u0131d\u0131rlar. Maraql\u0131d\u0131r, Az\u0259rbaycanda n\u0259 q\u0259d\u0259r alim var v\u0259 ne\u00e7\u0259sinin k\u0259\u015ff v\u0259 ya ixtiras\u0131 m\u00f6vcuddur? Az\u0259rbaycan Respublikas\u0131n\u0131n Prezidenti yan\u0131nda Ali Attestasiya Komissiyas\u0131ndan (AAK) Bizim.media-n\u0131n sor\u011fusuna cavab olaraq bildirilib ki, AAK t\u0259r\u0259find\u0259n 23.04.1992-26.04.2024-c\u00fc ill\u0259r aral\u0131\u011f\u0131nda 1766 \u015f\u0259xs\u0259 professor elmi ad\u0131 verilib. Bu is\u0259&hellip;<\/p>\n","protected":false},"author":2,"featured_media":717079,"comment_status":"closed","ping_status":"closed","sticky":false,"template":"","format":"standard","meta":{"om_disable_all_campaigns":false,"_monsterinsights_skip_tracking":false,"_monsterinsights_sitenote_active":false,"_monsterinsights_sitenote_note":"","_monsterinsights_sitenote_category":0},"categories":[1],"tags":[],"aioseo_notices":[],"gutentor_comment":0,"rttpg_featured_image_url":{"full":["https:\/\/arantv.az\/wp-content\/uploads\/2024\/04\/1714477204_photo_5298838768578582098_y.jpg",620,413,false],"landscape":["https:\/\/arantv.az\/wp-content\/uploads\/2024\/04\/1714477204_photo_5298838768578582098_y.jpg",620,413,false],"portraits":["https:\/\/arantv.az\/wp-content\/uploads\/2024\/04\/1714477204_photo_5298838768578582098_y.jpg",620,413,false],"thumbnail":["https:\/\/arantv.az\/wp-content\/uploads\/2024\/04\/1714477204_photo_5298838768578582098_y-500x280.jpg",500,280,true],"medium":["https:\/\/arantv.az\/wp-content\/uploads\/2024\/04\/1714477204_photo_5298838768578582098_y-548x365.jpg",548,365,true],"large":["https:\/\/arantv.az\/wp-content\/uploads\/2024\/04\/1714477204_photo_5298838768578582098_y.jpg",620,413,false],"1536x1536":["https:\/\/arantv.az\/wp-content\/uploads\/2024\/04\/1714477204_photo_5298838768578582098_y.jpg",620,413,false],"2048x2048":["https:\/\/arantv.az\/wp-content\/uploads\/2024\/04\/1714477204_photo_5298838768578582098_y.jpg",620,413,false],"post-thumbnail":["https:\/\/arantv.az\/wp-content\/uploads\/2024\/04\/1714477204_photo_5298838768578582098_y-240x172.jpg",240,172,true],"advps-thumb-one":["https:\/\/arantv.az\/wp-content\/uploads\/2024\/04\/1714477204_photo_5298838768578582098_y.jpg",620,413,false]},"rttpg_author":{"display_name":"V\u00fcsal Rafiqo\u011flu","author_link":"https:\/\/arantv.az\/?author=2"},"rttpg_comment":0,"rttpg_category":"<a href=\"https:\/\/arantv.az\/?cat=1\" rel=\"category\">C\u0259miyy\u0259t<\/a>","rttpg_excerpt":"Elm v\u0259 texnikan\u0131n sur\u0259tl\u0259 inki\u015faf etdiyi bir d\u00f6vrd\u0259, dem\u0259k olar, h\u0259r g\u00fcn hans\u0131sa bir k\u0259\u015ff, yaxud ixtira haqq\u0131nda informasiya al\u0131r\u0131q. Bu k\u0259\u015ff v\u0259 ixtiralar insan h\u0259yat\u0131n\u0131n asanla\u015fmas\u0131na xidm\u0259t edir. Bir s\u0131ra ekspertl\u0259rin fikirl\u0259rin\u0259 g\u00f6r\u0259 b\u0259\u015f\u0259riyy\u0259t \u00fc\u00e7\u00fcn yenilik etm\u0259y\u0259n, insan h\u0259yat\u0131n\u0131 asanla\u015fd\u0131ran k\u0259\u015ff v\u0259 ya ixtiras\u0131 olmayan \u015f\u0259xsl\u0259r alim hesab olunmamal\u0131d\u0131rlar. Maraql\u0131d\u0131r, Az\u0259rbaycanda n\u0259 q\u0259d\u0259r alim&hellip;","_links":{"self":[{"href":"https:\/\/arantv.az\/index.php?rest_route=\/wp\/v2\/posts\/717078"}],"collection":[{"href":"https:\/\/arantv.az\/index.php?rest_route=\/wp\/v2\/posts"}],"about":[{"href":"https:\/\/arantv.az\/index.php?rest_route=\/wp\/v2\/types\/post"}],"author":[{"embeddable":true,"href":"https:\/\/arantv.az\/index.php?rest_route=\/wp\/v2\/users\/2"}],"replies":[{"embeddable":true,"href":"https:\/\/arantv.az\/index.php?rest_route=%2Fwp%2Fv2%2Fcomments&post=717078"}],"version-history":[{"count":0,"href":"https:\/\/arantv.az\/index.php?rest_route=\/wp\/v2\/posts\/717078\/revisions"}],"wp:featuredmedia":[{"embeddable":true,"href":"https:\/\/arantv.az\/index.php?rest_route=\/wp\/v2\/media\/717079"}],"wp:attachment":[{"href":"https:\/\/arantv.az\/index.php?rest_route=%2Fwp%2Fv2%2Fmedia&parent=717078"}],"wp:term":[{"taxonomy":"category","embeddable":true,"href":"https:\/\/arantv.az\/index.php?rest_route=%2Fwp%2Fv2%2Fcategories&post=717078"},{"taxonomy":"post_tag","embeddable":true,"href":"https:\/\/arantv.az\/index.php?rest_route=%2Fwp%2Fv2%2Ftags&post=717078"}],"curies":[{"name":"wp","href":"https:\/\/api.w.org\/{rel}","templated":true}]}}