{"id":717087,"date":"2024-04-30T18:20:03","date_gmt":"2024-04-30T14:20:03","guid":{"rendered":"https:\/\/arantv.az\/?p=717087"},"modified":"2024-04-30T18:20:03","modified_gmt":"2024-04-30T14:20:03","slug":"t%c9%99l%c9%99b%c9%99-m%c9%99zun-dovl%c9%99t-elektron-m%c9%99lumat-sistemin%c9%99-qosulan-qurumlarin-sayi-artirilib","status":"publish","type":"post","link":"https:\/\/arantv.az\/?p=717087","title":{"rendered":"\u201cT\u0259l\u0259b\u0259-m\u0259zun\u201d d\u00f6vl\u0259t elektron m\u0259lumat sistemin\u0259 qo\u015fulan qurumlar\u0131n say\u0131 art\u0131r\u0131l\u0131b"},"content":{"rendered":"<p>\u201cT\u0259l\u0259b\u0259-m\u0259zun\u201d d\u00f6vl\u0259t elektron m\u0259lumat sistemin\u0259 qo\u015fulan qurumlar\u0131n say\u0131 art\u0131r\u0131l\u0131b.<\/p>\n<p>\u201cReport\u201dun x\u0259b\u0259rin\u0259 g\u00f6r\u0259, Prezident\u00a0<strong>\u0130lham \u018fliyev<\/strong> bununla ba\u011fl\u0131 m\u00fcvafiq f\u0259rman imzalay\u0131b.<\/p>\n<p>F\u0259rmanla Prezidentin T\u0259hl\u00fck\u0259sizlik Xidm\u0259ti, X\u00fcsusi Rabit\u0259 v\u0259 \u0130nformasiya T\u0259hl\u00fck\u0259sizliyi D\u00f6vl\u0259t Xidm\u0259ti v\u0259 Strateji Obyektl\u0259rin M\u00fchafiz\u0259si D\u00f6vl\u0259t Agentliyi \u201cT\u0259l\u0259b\u0259-m\u0259zun\u201d d\u00f6vl\u0259t elektron m\u0259lumat sistemin\u0259 qo\u015fulan qurumlar\u0131n siyah\u0131s\u0131na \u0259lav\u0259 olunub.<\/p>\n","protected":false},"excerpt":{"rendered":"<p>\u201cT\u0259l\u0259b\u0259-m\u0259zun\u201d d\u00f6vl\u0259t elektron m\u0259lumat sistemin\u0259 qo\u015fulan qurumlar\u0131n say\u0131 art\u0131r\u0131l\u0131b. \u201cReport\u201dun x\u0259b\u0259rin\u0259 g\u00f6r\u0259, Prezident\u00a0\u0130lham \u018fliyev bununla ba\u011fl\u0131 m\u00fcvafiq f\u0259rman imzalay\u0131b. F\u0259rmanla Prezidentin T\u0259hl\u00fck\u0259sizlik Xidm\u0259ti, X\u00fcsusi Rabit\u0259 v\u0259 \u0130nformasiya T\u0259hl\u00fck\u0259sizliyi D\u00f6vl\u0259t Xidm\u0259ti v\u0259 Strateji Obyektl\u0259rin M\u00fchafiz\u0259si D\u00f6vl\u0259t Agentliyi \u201cT\u0259l\u0259b\u0259-m\u0259zun\u201d d\u00f6vl\u0259t elektron m\u0259lumat sistemin\u0259 qo\u015fulan qurumlar\u0131n siyah\u0131s\u0131na \u0259lav\u0259 olunub.<\/p>\n","protected":false},"author":2,"featured_media":717088,"comment_status":"closed","ping_status":"closed","sticky":false,"template":"","format":"standard","meta":{"om_disable_all_campaigns":false,"_monsterinsights_skip_tracking":false,"_monsterinsights_sitenote_active":false,"_monsterinsights_sitenote_note":"","_monsterinsights_sitenote_category":0},"categories":[19],"tags":[],"aioseo_notices":[],"gutentor_comment":0,"rttpg_featured_image_url":{"full":["https:\/\/arantv.az\/wp-content\/uploads\/2024\/04\/eb88e80f-6b60-3944-a658-8032cbd0efc6_850.jpg",620,413,false],"landscape":["https:\/\/arantv.az\/wp-content\/uploads\/2024\/04\/eb88e80f-6b60-3944-a658-8032cbd0efc6_850.jpg",620,413,false],"portraits":["https:\/\/arantv.az\/wp-content\/uploads\/2024\/04\/eb88e80f-6b60-3944-a658-8032cbd0efc6_850.jpg",620,413,false],"thumbnail":["https:\/\/arantv.az\/wp-content\/uploads\/2024\/04\/eb88e80f-6b60-3944-a658-8032cbd0efc6_850-500x280.jpg",500,280,true],"medium":["https:\/\/arantv.az\/wp-content\/uploads\/2024\/04\/eb88e80f-6b60-3944-a658-8032cbd0efc6_850-548x365.jpg",548,365,true],"large":["https:\/\/arantv.az\/wp-content\/uploads\/2024\/04\/eb88e80f-6b60-3944-a658-8032cbd0efc6_850.jpg",620,413,false],"1536x1536":["https:\/\/arantv.az\/wp-content\/uploads\/2024\/04\/eb88e80f-6b60-3944-a658-8032cbd0efc6_850.jpg",620,413,false],"2048x2048":["https:\/\/arantv.az\/wp-content\/uploads\/2024\/04\/eb88e80f-6b60-3944-a658-8032cbd0efc6_850.jpg",620,413,false],"post-thumbnail":["https:\/\/arantv.az\/wp-content\/uploads\/2024\/04\/eb88e80f-6b60-3944-a658-8032cbd0efc6_850-240x172.jpg",240,172,true],"advps-thumb-one":["https:\/\/arantv.az\/wp-content\/uploads\/2024\/04\/eb88e80f-6b60-3944-a658-8032cbd0efc6_850.jpg",620,413,false]},"rttpg_author":{"display_name":"V\u00fcsal Rafiqo\u011flu","author_link":"https:\/\/arantv.az\/?author=2"},"rttpg_comment":0,"rttpg_category":"<a href=\"https:\/\/arantv.az\/?cat=19\" rel=\"category\">G\u00fcnd\u0259m<\/a>","rttpg_excerpt":"\u201cT\u0259l\u0259b\u0259-m\u0259zun\u201d d\u00f6vl\u0259t elektron m\u0259lumat sistemin\u0259 qo\u015fulan qurumlar\u0131n say\u0131 art\u0131r\u0131l\u0131b. \u201cReport\u201dun x\u0259b\u0259rin\u0259 g\u00f6r\u0259, Prezident\u00a0\u0130lham \u018fliyev bununla ba\u011fl\u0131 m\u00fcvafiq f\u0259rman imzalay\u0131b. F\u0259rmanla Prezidentin T\u0259hl\u00fck\u0259sizlik Xidm\u0259ti, X\u00fcsusi Rabit\u0259 v\u0259 \u0130nformasiya T\u0259hl\u00fck\u0259sizliyi D\u00f6vl\u0259t Xidm\u0259ti v\u0259 Strateji Obyektl\u0259rin M\u00fchafiz\u0259si D\u00f6vl\u0259t Agentliyi \u201cT\u0259l\u0259b\u0259-m\u0259zun\u201d d\u00f6vl\u0259t elektron m\u0259lumat sistemin\u0259 qo\u015fulan qurumlar\u0131n siyah\u0131s\u0131na \u0259lav\u0259 olunub.","_links":{"self":[{"href":"https:\/\/arantv.az\/index.php?rest_route=\/wp\/v2\/posts\/717087"}],"collection":[{"href":"https:\/\/arantv.az\/index.php?rest_route=\/wp\/v2\/posts"}],"about":[{"href":"https:\/\/arantv.az\/index.php?rest_route=\/wp\/v2\/types\/post"}],"author":[{"embeddable":true,"href":"https:\/\/arantv.az\/index.php?rest_route=\/wp\/v2\/users\/2"}],"replies":[{"embeddable":true,"href":"https:\/\/arantv.az\/index.php?rest_route=%2Fwp%2Fv2%2Fcomments&post=717087"}],"version-history":[{"count":0,"href":"https:\/\/arantv.az\/index.php?rest_route=\/wp\/v2\/posts\/717087\/revisions"}],"wp:featuredmedia":[{"embeddable":true,"href":"https:\/\/arantv.az\/index.php?rest_route=\/wp\/v2\/media\/717088"}],"wp:attachment":[{"href":"https:\/\/arantv.az\/index.php?rest_route=%2Fwp%2Fv2%2Fmedia&parent=717087"}],"wp:term":[{"taxonomy":"category","embeddable":true,"href":"https:\/\/arantv.az\/index.php?rest_route=%2Fwp%2Fv2%2Fcategories&post=717087"},{"taxonomy":"post_tag","embeddable":true,"href":"https:\/\/arantv.az\/index.php?rest_route=%2Fwp%2Fv2%2Ftags&post=717087"}],"curies":[{"name":"wp","href":"https:\/\/api.w.org\/{rel}","templated":true}]}}