{"id":717100,"date":"2024-04-30T18:23:19","date_gmt":"2024-04-30T14:23:19","guid":{"rendered":"https:\/\/arantv.az\/?p=717100"},"modified":"2024-04-30T18:23:19","modified_gmt":"2024-04-30T14:23:19","slug":"kiv-macaristan-ai-sulh-fondundan-erm%c9%99nistana-bir-milyon-avroluq-yardimi-az%c9%99rbaycana-gor%c9%99-bloklayir","status":"publish","type":"post","link":"https:\/\/arantv.az\/?p=717100","title":{"rendered":"K\u0130V: Macar\u0131stan A\u0130 S\u00fclh Fondundan Erm\u0259nistana bir milyon avroluq yard\u0131m\u0131 Az\u0259rbaycana g\u00f6r\u0259 bloklay\u0131r"},"content":{"rendered":"<p>Macar\u0131stan bir ne\u00e7\u0259 h\u0259ft\u0259 \u0259vv\u0259l assosiasiya \u00e7\u0259r\u00e7iv\u0259sind\u0259 raz\u0131la\u015fd\u0131r\u0131lm\u0131\u015f Avropa \u0130ttifaq\u0131n\u0131n (A\u0130) S\u00fclh Fondundan Erm\u0259nistana bir milyon avro m\u0259bl\u0259\u011find\u0259 d\u0259st\u0259k verilm\u0259si layih\u0259sini bloklay\u0131r.<\/p>\n<p>Diplomatik m\u0259nb\u0259l\u0259r\u0259 \u0259sas\u0259n K\u0130V bildirir ki, Macar\u0131stan blokun l\u0259\u011fvi il\u0259 ba\u011fl\u0131 m\u00fczakir\u0259 olunan proqrama Az\u0259rbaycan\u0131n da daxil edilm\u0259sini t\u0259l\u0259b edir.<\/p>\n<p>Qeyd olunur ki, Avropa \u0130ttifaq\u0131n\u0131n S\u00fclh Fondundan Erm\u0259nistana 10 milyon avroluq yard\u0131m\u0131n ayr\u0131lmas\u0131 il\u0259 ba\u011fl\u0131 ilkin raz\u0131l\u0131q s\u0259n\u0259dl\u0259rin\u0259 g\u00f6r\u0259, bu maliyy\u0259 yard\u0131m\u0131 bir batalyon \u00fc\u00e7\u00fcn modul tipli s\u0259hra d\u00fc\u015f\u0259rg\u0259si yaratma\u011f\u0131, bu d\u00fc\u015f\u0259rg\u0259y\u0259 bir tibbi yard\u0131m klinikas\u0131, habel\u0259 m\u00fcvafiq xidm\u0259tl\u0259r v\u0259 imkanlar daxil edilm\u0259sini n\u0259z\u0259rd\u0259 tutur.<\/p>\n<p>\u201cBu d\u0259st\u0259yin m\u0259qs\u0259di Erm\u0259nistan silahl\u0131 q\u00fcvv\u0259l\u0259rin\u0259 onlar\u0131n dayan\u0131ql\u0131\u011f\u0131n\u0131 v\u0259 sabitlik yaratmaq imkanlar\u0131n\u0131 art\u0131rmaq v\u0259 bununla da b\u00f6hranlar v\u0259 f\u00f6vq\u0259lad\u0259 hallar zaman\u0131 m\u00fclki insanlar\u0131 daha yax\u015f\u0131 qorumaqda k\u00f6m\u0259k etm\u0259kdir\u201d, &#8211; dey\u0259 bildirilir.<\/p>\n","protected":false},"excerpt":{"rendered":"<p>Macar\u0131stan bir ne\u00e7\u0259 h\u0259ft\u0259 \u0259vv\u0259l assosiasiya \u00e7\u0259r\u00e7iv\u0259sind\u0259 raz\u0131la\u015fd\u0131r\u0131lm\u0131\u015f Avropa \u0130ttifaq\u0131n\u0131n (A\u0130) S\u00fclh Fondundan Erm\u0259nistana bir milyon avro m\u0259bl\u0259\u011find\u0259 d\u0259st\u0259k verilm\u0259si layih\u0259sini bloklay\u0131r. Diplomatik m\u0259nb\u0259l\u0259r\u0259 \u0259sas\u0259n K\u0130V bildirir ki, Macar\u0131stan blokun l\u0259\u011fvi il\u0259 ba\u011fl\u0131 m\u00fczakir\u0259 olunan proqrama Az\u0259rbaycan\u0131n da daxil edilm\u0259sini t\u0259l\u0259b edir. Qeyd olunur ki, Avropa \u0130ttifaq\u0131n\u0131n S\u00fclh Fondundan Erm\u0259nistana 10 milyon avroluq yard\u0131m\u0131n ayr\u0131lmas\u0131 il\u0259 ba\u011fl\u0131 ilkin raz\u0131l\u0131q s\u0259n\u0259dl\u0259rin\u0259 g\u00f6r\u0259, bu maliyy\u0259 yard\u0131m\u0131 bir batalyon \u00fc\u00e7\u00fcn modul tipli s\u0259hra d\u00fc\u015f\u0259rg\u0259si yaratma\u011f\u0131, bu d\u00fc\u015f\u0259rg\u0259y\u0259 bir tibbi yard\u0131m klinikas\u0131, habel\u0259 m\u00fcvafiq xidm\u0259tl\u0259r v\u0259 imkanlar daxil edilm\u0259sini n\u0259z\u0259rd\u0259 tutur. \u201cBu d\u0259st\u0259yin m\u0259qs\u0259di&hellip;<\/p>\n","protected":false},"author":2,"featured_media":717101,"comment_status":"closed","ping_status":"closed","sticky":false,"template":"","format":"standard","meta":{"om_disable_all_campaigns":false,"_monsterinsights_skip_tracking":false,"_monsterinsights_sitenote_active":false,"_monsterinsights_sitenote_note":"","_monsterinsights_sitenote_category":0},"categories":[4],"tags":[],"aioseo_notices":[],"gutentor_comment":0,"rttpg_featured_image_url":{"full":["https:\/\/arantv.az\/wp-content\/uploads\/2024\/04\/438124847_458889056719100_2549751337576344010_n.jpg",620,413,false],"landscape":["https:\/\/arantv.az\/wp-content\/uploads\/2024\/04\/438124847_458889056719100_2549751337576344010_n.jpg",620,413,false],"portraits":["https:\/\/arantv.az\/wp-content\/uploads\/2024\/04\/438124847_458889056719100_2549751337576344010_n.jpg",620,413,false],"thumbnail":["https:\/\/arantv.az\/wp-content\/uploads\/2024\/04\/438124847_458889056719100_2549751337576344010_n-500x280.jpg",500,280,true],"medium":["https:\/\/arantv.az\/wp-content\/uploads\/2024\/04\/438124847_458889056719100_2549751337576344010_n-548x365.jpg",548,365,true],"large":["https:\/\/arantv.az\/wp-content\/uploads\/2024\/04\/438124847_458889056719100_2549751337576344010_n.jpg",620,413,false],"1536x1536":["https:\/\/arantv.az\/wp-content\/uploads\/2024\/04\/438124847_458889056719100_2549751337576344010_n.jpg",620,413,false],"2048x2048":["https:\/\/arantv.az\/wp-content\/uploads\/2024\/04\/438124847_458889056719100_2549751337576344010_n.jpg",620,413,false],"post-thumbnail":["https:\/\/arantv.az\/wp-content\/uploads\/2024\/04\/438124847_458889056719100_2549751337576344010_n-240x172.jpg",240,172,true],"advps-thumb-one":["https:\/\/arantv.az\/wp-content\/uploads\/2024\/04\/438124847_458889056719100_2549751337576344010_n.jpg",620,413,false]},"rttpg_author":{"display_name":"V\u00fcsal Rafiqo\u011flu","author_link":"https:\/\/arantv.az\/?author=2"},"rttpg_comment":0,"rttpg_category":"<a href=\"https:\/\/arantv.az\/?cat=4\" rel=\"category\">Siyas\u0259t<\/a>","rttpg_excerpt":"Macar\u0131stan bir ne\u00e7\u0259 h\u0259ft\u0259 \u0259vv\u0259l assosiasiya \u00e7\u0259r\u00e7iv\u0259sind\u0259 raz\u0131la\u015fd\u0131r\u0131lm\u0131\u015f Avropa \u0130ttifaq\u0131n\u0131n (A\u0130) S\u00fclh Fondundan Erm\u0259nistana bir milyon avro m\u0259bl\u0259\u011find\u0259 d\u0259st\u0259k verilm\u0259si layih\u0259sini bloklay\u0131r. Diplomatik m\u0259nb\u0259l\u0259r\u0259 \u0259sas\u0259n K\u0130V bildirir ki, Macar\u0131stan blokun l\u0259\u011fvi il\u0259 ba\u011fl\u0131 m\u00fczakir\u0259 olunan proqrama Az\u0259rbaycan\u0131n da daxil edilm\u0259sini t\u0259l\u0259b edir. Qeyd olunur ki, Avropa \u0130ttifaq\u0131n\u0131n S\u00fclh Fondundan Erm\u0259nistana 10 milyon avroluq yard\u0131m\u0131n ayr\u0131lmas\u0131&hellip;","_links":{"self":[{"href":"https:\/\/arantv.az\/index.php?rest_route=\/wp\/v2\/posts\/717100"}],"collection":[{"href":"https:\/\/arantv.az\/index.php?rest_route=\/wp\/v2\/posts"}],"about":[{"href":"https:\/\/arantv.az\/index.php?rest_route=\/wp\/v2\/types\/post"}],"author":[{"embeddable":true,"href":"https:\/\/arantv.az\/index.php?rest_route=\/wp\/v2\/users\/2"}],"replies":[{"embeddable":true,"href":"https:\/\/arantv.az\/index.php?rest_route=%2Fwp%2Fv2%2Fcomments&post=717100"}],"version-history":[{"count":0,"href":"https:\/\/arantv.az\/index.php?rest_route=\/wp\/v2\/posts\/717100\/revisions"}],"wp:featuredmedia":[{"embeddable":true,"href":"https:\/\/arantv.az\/index.php?rest_route=\/wp\/v2\/media\/717101"}],"wp:attachment":[{"href":"https:\/\/arantv.az\/index.php?rest_route=%2Fwp%2Fv2%2Fmedia&parent=717100"}],"wp:term":[{"taxonomy":"category","embeddable":true,"href":"https:\/\/arantv.az\/index.php?rest_route=%2Fwp%2Fv2%2Fcategories&post=717100"},{"taxonomy":"post_tag","embeddable":true,"href":"https:\/\/arantv.az\/index.php?rest_route=%2Fwp%2Fv2%2Ftags&post=717100"}],"curies":[{"name":"wp","href":"https:\/\/api.w.org\/{rel}","templated":true}]}}