{"id":717883,"date":"2024-05-02T15:24:36","date_gmt":"2024-05-02T11:24:36","guid":{"rendered":"https:\/\/arantv.az\/?p=717883"},"modified":"2024-05-02T15:24:36","modified_gmt":"2024-05-02T11:24:36","slug":"prezident-ilham-%c9%99liyev-bmt-bas-katibinin-xususi-musavirini-q%c9%99bul-edib-yenil%c9%99nib","status":"publish","type":"post","link":"https:\/\/arantv.az\/?p=717883","title":{"rendered":"Prezident \u0130lham \u018fliyev BMT Ba\u015f katibinin x\u00fcsusi m\u00fc\u015favirini q\u0259bul edib &#8211; YEN\u0130L\u018fN\u0130B"},"content":{"rendered":"<p>Az\u0259rbaycan Respublikas\u0131n\u0131n Prezidenti\u00a0<strong>\u0130lham \u018fliyev<\/strong>\u00a0may\u0131n 2-d\u0259 BMT Ba\u015f katibinin iqlim f\u0259aliyy\u0259ti v\u0259 \u0259dal\u0259tli ke\u00e7id \u00fczr\u0259 x\u00fcsusi m\u00fc\u015faviri Selvin \u00c7arlz Hart\u0131 q\u0259bul edib.<\/p>\n<p><a href=\"https:\/\/azertag.az\/xeber\/prezident_ilham_eliyev_bmt_bas_katibinin_xususi_musavirini_qebul_edib_yenilenib-2982415\" target=\"_blank\" rel=\"noopener\">AZ\u018fRTAC<\/a>\u00a0x\u0259b\u0259r verir ki, Selvin \u00c7arlz Hart BMT-nin Ba\u015f katibi Antonio Quterre\u015fin salamlar\u0131n\u0131 d\u00f6vl\u0259timizin ba\u015f\u00e7\u0131s\u0131na \u00e7atd\u0131r\u0131b.<\/p>\n<p>Prezident \u0130lham \u018fliyev salamlara g\u00f6r\u0259 minn\u0259tdarl\u0131\u011f\u0131n\u0131 bildirib, onun da salamlar\u0131n\u0131 Antonio Quterre\u015f\u0259 \u00e7atd\u0131rma\u011f\u0131 xahi\u015f edib.<\/p>\n<p>Qonaq BMT-nin Ba\u015f katibinin Az\u0259rbaycanda ke\u00e7iril\u0259c\u0259k COP29 t\u0259dbirind\u0259 i\u015ftirak etm\u0259k niyy\u0259tind\u0259 oldu\u011funu bildirib.<\/p>\n<p>Az\u0259rbaycan Prezidenti BMT Ba\u015f katibini COP29-da g\u00f6rm\u0259kd\u0259n m\u0259mnun olaca\u011f\u0131n\u0131 deyib.<\/p>\n<p>D\u00f6vl\u0259timizin ba\u015f\u00e7\u0131s\u0131 vur\u011fulay\u0131b ki, COP29-a haz\u0131rl\u0131q m\u0259qs\u0259dil\u0259 b\u00fct\u00fcn laz\u0131mi v\u0259 z\u0259ruri i\u015fl\u0259r plana uy\u011fun davam etdirilir. Az\u0259rbaycan beyn\u0259lxalq ictimaiyy\u0259tl\u0259 v\u0259 t\u0259sisatlarla COP29-un substantiv m\u0259s\u0259l\u0259l\u0259ri \u00fczr\u0259 dan\u0131\u015f\u0131qlar v\u0259 m\u0259sl\u0259h\u0259tl\u0259\u015fm\u0259l\u0259r apar\u0131r.<\/p>\n<p>Prezident \u0130lham \u018fliyev bildirib ki, Az\u0259rbaycan\u0131n m\u0259qs\u0259di d\u00fcnya \u00f6lk\u0259l\u0259ri aras\u0131nda iqlim d\u0259yi\u015fm\u0259l\u0259ri m\u00f6vzusunda h\u0259mr\u0259yliyin v\u0259 birg\u0259 f\u0259aliyy\u0259tin g\u00fccl\u0259ndirilm\u0259sidir. B\u00fct\u00fcn d\u00fcnya \u00f6lk\u0259l\u0259ri, o c\u00fcml\u0259d\u0259n Az\u0259rbaycan iqlim d\u0259yi\u015fm\u0259l\u0259rinin m\u0259nfi t\u0259sirl\u0259rin\u0259 v\u0259 f\u0259sadlar\u0131na m\u0259ruz qal\u0131b. Bel\u0259 ki, art\u0131q son yeddi ild\u0259 Az\u0259rbaycanda quraql\u0131q m\u00fc\u015fahid\u0259 olunub, ya\u011f\u0131nt\u0131n\u0131n miqdar\u0131 \u0259h\u0259miyy\u0259tli d\u0259r\u0259c\u0259d\u0259 azal\u0131b. Bu il ya\u011f\u0131nt\u0131n\u0131n miqdar\u0131n\u0131n artmas\u0131 prosesi ba\u015f vers\u0259 d\u0259, b\u00fct\u00f6vl\u00fckd\u0259 Az\u0259rbaycan bundan \u0259ziyy\u0259t \u00e7\u0259kir.<\/p>\n<p>Az\u0259rbaycan Prezidenti vur\u011fulay\u0131b ki, X\u0259z\u0259r d\u0259nizinin suyunun \u00e7\u0259kilm\u0259si prosesi m\u00fc\u015fahid\u0259 olunur v\u0259 bu da ciddi narahatl\u0131q do\u011furan m\u0259qamd\u0131r.<\/p>\n<p>D\u00f6vl\u0259timizin ba\u015f\u00e7\u0131s\u0131 bildirib ki, Az\u0259rbaycan m\u00fcsb\u0259t n\u00fcmun\u0259si v\u0259 ya\u015f\u0131l g\u00fcnd\u0259liyi il\u0259 iqlim d\u0259yi\u015fm\u0259l\u0259ri prosesl\u0259rin\u0259 v\u0259 iqlim f\u0259aliyy\u0259tin\u0259 \u00f6z t\u00f6hf\u0259sini verir. Bel\u0259 ki, neft v\u0259 qaz ixrac ed\u0259n Az\u0259rbaycan bu sah\u0259d\u0259 \u0259ld\u0259 olunmu\u015f g\u0259lirl\u0259ri \u00f6lk\u0259nin inki\u015faf\u0131na s\u0259rf etm\u0259kl\u0259 u\u011furlu inki\u015faf modeli n\u00fcmayi\u015f etdirir. Prezident \u0130lham \u018fliyev vur\u011fulay\u0131b ki, Az\u0259rbaycanda ya\u015f\u0131l ke\u00e7id qar\u015f\u0131ya h\u0259d\u0259f kimi qoyulub v\u0259 \u00f6lk\u0259mizd\u0259 beyn\u0259lxalq t\u0259r\u0259fda\u015flar\u0131n da i\u015ftirak\u0131 il\u0259 ciddi ya\u015f\u0131l enerji ixrac potensial\u0131 yarad\u0131l\u0131r.<\/p>\n<p>Prezident \u0130lham \u018fliyev qeyd edib ki, bu g\u00fcnl\u0259rd\u0259 Az\u0259rbaycan, \u00d6zb\u0259kistan v\u0259 Qazax\u0131stan\u0131n Energetika v\u0259 \u0130qtisadiyyat nazirlikl\u0259rinin birg\u0259 i\u015ftirak\u0131 il\u0259 M\u0259rk\u0259zi Asiyan\u0131n b\u0259rpa olunan enerji resurslar\u0131n\u0131n X\u0259z\u0259rin dibi il\u0259 Az\u0259rbaycana \u00f6t\u00fcr\u00fclm\u0259si v\u0259 buradan da Avropaya ixrac edilm\u0259si bar\u0259d\u0259 yeni layih\u0259nin \u0259sas\u0131 qoyulub.<\/p>\n<p>Qonaq vur\u011fulay\u0131b ki, COP29 prosesind\u0259 Az\u0259rbaycana z\u0259ruri d\u0259st\u0259k verm\u0259k \u00fc\u00e7\u00fcn BMT ail\u0259si Ba\u015f katib t\u0259r\u0259find\u0259n s\u0259f\u0259rb\u0259r edilib v\u0259 x\u00fcsusi i\u015f\u00e7i qrup yarad\u0131l\u0131b. Bu yax\u0131nlarda BMT-nin \u0130nki\u015faf Proqram\u0131n\u0131n (UNDP) n\u00fcmay\u0259nd\u0259 hey\u0259tinin Az\u0259rbaycana s\u0259f\u0259r ed\u0259c\u0259yini dey\u0259n Selvin \u00c7arlz Hart \u00f6lk\u0259mizin t\u0259bii resurslardan \u0259ld\u0259 etdiyi g\u0259lirl\u0259ri effektiv \u015f\u0259kild\u0259 idar\u0259 etm\u0259sinin v\u0259 sosial-iqtisadi inki\u015fafa s\u0259rf etm\u0259sinin u\u011furlu n\u00fcmun\u0259 oldu\u011funu vur\u011fulay\u0131b. O qeyd edib ki, Az\u0259rbaycan, eyni zamanda, bu sah\u0259d\u0259 \u0259ld\u0259 etdiyi g\u0259lirl\u0259ri ya\u015f\u0131l enerji g\u00fcnd\u0259liyin\u0259 d\u0259 s\u0259rf ed\u0259r\u0259k \u00e7ox m\u00fch\u00fcm n\u00fcmun\u0259 yarad\u0131r. Qonaq bu prosesd\u0259 BMT-nin Az\u0259rbaycana d\u0259st\u0259yini bir daha ifad\u0259 edib.<\/p>\n<p><strong>11:02<\/strong><\/p>\n<p>Az\u0259rbaycan Respublikas\u0131n\u0131n Prezidenti\u00a0<strong>\u0130lham \u018fliyev<\/strong>\u00a0may\u0131n 2-d\u0259 BMT Ba\u015f katibinin iqlim f\u0259aliyy\u0259ti v\u0259 \u0259dal\u0259tli ke\u00e7id \u00fczr\u0259 x\u00fcsusi m\u00fc\u015faviri Selvin \u00c7arlz Hart\u0131 q\u0259bul edib.<\/p>\n<p>Bu bar\u0259d\u0259\u00a0<a href=\"https:\/\/azertag.az\/xeber\/prezident_ilham_eliyev_bmt_bas_katibinin_xususi_musavirini_qebul_edib__yenilenecek-2982415\" target=\"_blank\" rel=\"noopener\">AZ\u018fRTAC<\/a>\u00a0m\u0259lumat yay\u0131b.<\/p>\n","protected":false},"excerpt":{"rendered":"<p>Az\u0259rbaycan Respublikas\u0131n\u0131n Prezidenti\u00a0\u0130lham \u018fliyev\u00a0may\u0131n 2-d\u0259 BMT Ba\u015f katibinin iqlim f\u0259aliyy\u0259ti v\u0259 \u0259dal\u0259tli ke\u00e7id \u00fczr\u0259 x\u00fcsusi m\u00fc\u015faviri Selvin \u00c7arlz Hart\u0131 q\u0259bul edib. AZ\u018fRTAC\u00a0x\u0259b\u0259r verir ki, Selvin \u00c7arlz Hart BMT-nin Ba\u015f katibi Antonio Quterre\u015fin salamlar\u0131n\u0131 d\u00f6vl\u0259timizin ba\u015f\u00e7\u0131s\u0131na \u00e7atd\u0131r\u0131b. Prezident \u0130lham \u018fliyev salamlara g\u00f6r\u0259 minn\u0259tdarl\u0131\u011f\u0131n\u0131 bildirib, onun da salamlar\u0131n\u0131 Antonio Quterre\u015f\u0259 \u00e7atd\u0131rma\u011f\u0131 xahi\u015f edib. Qonaq BMT-nin Ba\u015f katibinin Az\u0259rbaycanda ke\u00e7iril\u0259c\u0259k COP29 t\u0259dbirind\u0259 i\u015ftirak etm\u0259k niyy\u0259tind\u0259 oldu\u011funu bildirib. Az\u0259rbaycan Prezidenti BMT Ba\u015f katibini COP29-da g\u00f6rm\u0259kd\u0259n m\u0259mnun olaca\u011f\u0131n\u0131 deyib. D\u00f6vl\u0259timizin ba\u015f\u00e7\u0131s\u0131 vur\u011fulay\u0131b ki, COP29-a haz\u0131rl\u0131q m\u0259qs\u0259dil\u0259 b\u00fct\u00fcn laz\u0131mi v\u0259 z\u0259ruri i\u015fl\u0259r plana uy\u011fun davam etdirilir.&hellip;<\/p>\n","protected":false},"author":2,"featured_media":717884,"comment_status":"closed","ping_status":"closed","sticky":false,"template":"","format":"standard","meta":{"om_disable_all_campaigns":false,"_monsterinsights_skip_tracking":false,"_monsterinsights_sitenote_active":false,"_monsterinsights_sitenote_note":"","_monsterinsights_sitenote_category":0},"categories":[4],"tags":[],"aioseo_notices":[],"gutentor_comment":0,"rttpg_featured_image_url":{"full":["https:\/\/arantv.az\/wp-content\/uploads\/2024\/05\/1714634243655356627_1200x630.jpg",620,413,false],"landscape":["https:\/\/arantv.az\/wp-content\/uploads\/2024\/05\/1714634243655356627_1200x630.jpg",620,413,false],"portraits":["https:\/\/arantv.az\/wp-content\/uploads\/2024\/05\/1714634243655356627_1200x630.jpg",620,413,false],"thumbnail":["https:\/\/arantv.az\/wp-content\/uploads\/2024\/05\/1714634243655356627_1200x630-500x280.jpg",500,280,true],"medium":["https:\/\/arantv.az\/wp-content\/uploads\/2024\/05\/1714634243655356627_1200x630-548x365.jpg",548,365,true],"large":["https:\/\/arantv.az\/wp-content\/uploads\/2024\/05\/1714634243655356627_1200x630.jpg",620,413,false],"1536x1536":["https:\/\/arantv.az\/wp-content\/uploads\/2024\/05\/1714634243655356627_1200x630.jpg",620,413,false],"2048x2048":["https:\/\/arantv.az\/wp-content\/uploads\/2024\/05\/1714634243655356627_1200x630.jpg",620,413,false],"post-thumbnail":["https:\/\/arantv.az\/wp-content\/uploads\/2024\/05\/1714634243655356627_1200x630-240x172.jpg",240,172,true],"advps-thumb-one":["https:\/\/arantv.az\/wp-content\/uploads\/2024\/05\/1714634243655356627_1200x630.jpg",620,413,false]},"rttpg_author":{"display_name":"V\u00fcsal Rafiqo\u011flu","author_link":"https:\/\/arantv.az\/?author=2"},"rttpg_comment":0,"rttpg_category":"<a href=\"https:\/\/arantv.az\/?cat=4\" rel=\"category\">Siyas\u0259t<\/a>","rttpg_excerpt":"Az\u0259rbaycan Respublikas\u0131n\u0131n Prezidenti\u00a0\u0130lham \u018fliyev\u00a0may\u0131n 2-d\u0259 BMT Ba\u015f katibinin iqlim f\u0259aliyy\u0259ti v\u0259 \u0259dal\u0259tli ke\u00e7id \u00fczr\u0259 x\u00fcsusi m\u00fc\u015faviri Selvin \u00c7arlz Hart\u0131 q\u0259bul edib. AZ\u018fRTAC\u00a0x\u0259b\u0259r verir ki, Selvin \u00c7arlz Hart BMT-nin Ba\u015f katibi Antonio Quterre\u015fin salamlar\u0131n\u0131 d\u00f6vl\u0259timizin ba\u015f\u00e7\u0131s\u0131na \u00e7atd\u0131r\u0131b. Prezident \u0130lham \u018fliyev salamlara g\u00f6r\u0259 minn\u0259tdarl\u0131\u011f\u0131n\u0131 bildirib, onun da salamlar\u0131n\u0131 Antonio Quterre\u015f\u0259 \u00e7atd\u0131rma\u011f\u0131 xahi\u015f edib. Qonaq BMT-nin Ba\u015f katibinin&hellip;","_links":{"self":[{"href":"https:\/\/arantv.az\/index.php?rest_route=\/wp\/v2\/posts\/717883"}],"collection":[{"href":"https:\/\/arantv.az\/index.php?rest_route=\/wp\/v2\/posts"}],"about":[{"href":"https:\/\/arantv.az\/index.php?rest_route=\/wp\/v2\/types\/post"}],"author":[{"embeddable":true,"href":"https:\/\/arantv.az\/index.php?rest_route=\/wp\/v2\/users\/2"}],"replies":[{"embeddable":true,"href":"https:\/\/arantv.az\/index.php?rest_route=%2Fwp%2Fv2%2Fcomments&post=717883"}],"version-history":[{"count":0,"href":"https:\/\/arantv.az\/index.php?rest_route=\/wp\/v2\/posts\/717883\/revisions"}],"wp:featuredmedia":[{"embeddable":true,"href":"https:\/\/arantv.az\/index.php?rest_route=\/wp\/v2\/media\/717884"}],"wp:attachment":[{"href":"https:\/\/arantv.az\/index.php?rest_route=%2Fwp%2Fv2%2Fmedia&parent=717883"}],"wp:term":[{"taxonomy":"category","embeddable":true,"href":"https:\/\/arantv.az\/index.php?rest_route=%2Fwp%2Fv2%2Fcategories&post=717883"},{"taxonomy":"post_tag","embeddable":true,"href":"https:\/\/arantv.az\/index.php?rest_route=%2Fwp%2Fv2%2Ftags&post=717883"}],"curies":[{"name":"wp","href":"https:\/\/api.w.org\/{rel}","templated":true}]}}