{"id":717886,"date":"2024-05-02T15:25:54","date_gmt":"2024-05-02T11:25:54","guid":{"rendered":"https:\/\/arantv.az\/?p=717886"},"modified":"2024-05-02T15:25:54","modified_gmt":"2024-05-02T11:25:54","slug":"alti-turk-dovl%c9%99ti-susada-film-c%c9%99k%c9%99c%c9%99k-foto","status":"publish","type":"post","link":"https:\/\/arantv.az\/?p=717886","title":{"rendered":"Alt\u0131 t\u00fcrk d\u00f6vl\u0259ti \u015eu\u015fada film \u00e7\u0259k\u0259c\u0259k &#8211; FOTO"},"content":{"rendered":"<p>\u201c\u015eu\u015fada\u00a0t\u00fcrk d\u00fcnyas\u0131ndan b\u0259hs ed\u0259n ortaq filmin \u00e7\u0259kilm\u0259si raz\u0131la\u015fd\u0131r\u0131l\u0131b\u201d.<\/p>\n<p><strong>ARANTV.AZ <\/strong>\u00a0x\u0259b\u0259r verir ki, bununla ba\u011fl\u0131 VI \u00dcmumd\u00fcnya M\u0259d\u0259niyy\u0259tl\u0259raras\u0131 Dialoq Forumu \u00e7\u0259rciv\u0259sind\u0259 ke\u00e7irdiyi brifinqd\u0259 layih\u0259nin ideya m\u00fc\u0259llifi v\u0259 rejissoru, Az\u0259rbaycan\u0131n Xalq artisti Vaqif Mustafayev dan\u0131\u015f\u0131b.<\/p>\n<p>O qeyd edib ki, Molla N\u0259sir\u0259ddind\u0259n b\u0259hs ed\u0259c\u0259k film ortaq t\u00fcrk d\u0259y\u0259rl\u0259ri, ad\u0259t-\u0259n\u0259n\u0259l\u0259ri v\u0259 q\u0259hr\u0259manlar\u0131 haqq\u0131nda olacaq:<\/p>\n<p><img src=\"https:\/\/cdn.oxu.az\/uploads\/W1siZiIsIjIwMjQvMDUvMDIvMTUvMTgvMjMvYzZhZTUxY2EtMDNiYS00MDVkLTgyYzktNTQxN2EyYjY3ODA3LzQzODE1NDQ5MF85NjEyNjA2ODg1OTQyMDBfMjU2MTA3MzI4NjUyMTMxODc1Ml9uLmpwZyJdLFsicCIsImVuY29kZSIsImpwZyIsIi1xdWFsaXR5IDgwIl0sWyJwIiwidGh1bWIiLCI1OTB4NTkwXHUwMDNlIl1d?sha=1d253631744fe7c5\" alt=\"\" \/>\u201cFilmi alt\u0131 t\u00fcrk d\u00f6vl\u0259ti birlikd\u0259 \u0259rs\u0259y\u0259 g\u0259tirilir. H\u0259r bir d\u00f6vl\u0259tin tan\u0131nm\u0131\u015f aktyorlar\u0131 yer alacaq\u201d.<\/p>\n<p>H\u0259m\u00e7inin, \u201cCineMastercard\u201d kinoteatrlar \u015f\u0259b\u0259k\u0259sinin M\u00fc\u015fahid\u0259 \u015euras\u0131n\u0131n s\u0259dri Zaur Darabzad\u0259 bildirib ki, filmin \u00e7\u0259kili\u015fi avqust ay\u0131nda ba\u015flayacaq, ilin sonunda yekunla\u015fd\u0131r\u0131lacaq.<\/p>\n<p>O qeyd edib ki, 100 d\u0259qiq\u0259d\u0259n ibar\u0259t film hiss\u0259l\u0259r\u0259 b\u00f6l\u00fcn\u0259r\u0259k t\u00fcrk d\u00fcnyas\u0131n\u0131n b\u00fct\u00fcn \u00f6lk\u0259l\u0259rind\u0259 \u00e7\u0259kil\u0259c\u0259k:<\/p>\n<p>\u201cFilm kinoteatrlarda n\u00fcmayi\u015f \u00fc\u00e7\u00fcn n\u0259z\u0259rd\u0259 tutulub. H\u0259m\u00e7inin, Kann festival\u0131nda, Venesiyada v\u0259 s. beyn\u0259lxalq festivallarda n\u00fcmayi\u015f olunacaq. T\u00fcrk d\u00fcnyas\u0131n\u0131n ortaq filminin maliyy\u0259si T\u00dcRKSOY t\u0259r\u0259find\u0259n h\u0259yata ke\u00e7iril\u0259c\u0259k. Ayr\u0131-ayr\u0131 d\u00f6vl\u0259tl\u0259r buna maddi yard\u0131m ed\u0259 bil\u0259rl\u0259r\u201d.<\/p>\n<p><img src=\"https:\/\/cdn.oxu.az\/uploads\/W1siZiIsIjIwMjQvMDUvMDIvMTUvMTgvMjMvODBkOWM4YTUtZjE0OS00ZmRmLWJhOGQtNjJiNzJmOGIyNzUyLzQzODA2NTA4NF8zOTg0ODg4OTY0MzExMDFfNTY4MTMyNzQxNjI3ODUyODQwMV9uLmpwZyJdLFsicCIsImVuY29kZSIsImpwZyIsIi1xdWFsaXR5IDgwIl0sWyJwIiwidGh1bWIiLCI1OTB4NTkwXHUwMDNlIl1d?sha=12fccb91c4b9768e\" alt=\"\" \/><\/p>\n","protected":false},"excerpt":{"rendered":"<p>\u201c\u015eu\u015fada\u00a0t\u00fcrk d\u00fcnyas\u0131ndan b\u0259hs ed\u0259n ortaq filmin \u00e7\u0259kilm\u0259si raz\u0131la\u015fd\u0131r\u0131l\u0131b\u201d. ARANTV.AZ \u00a0x\u0259b\u0259r verir ki, bununla ba\u011fl\u0131 VI \u00dcmumd\u00fcnya M\u0259d\u0259niyy\u0259tl\u0259raras\u0131 Dialoq Forumu \u00e7\u0259rciv\u0259sind\u0259 ke\u00e7irdiyi brifinqd\u0259 layih\u0259nin ideya m\u00fc\u0259llifi v\u0259 rejissoru, Az\u0259rbaycan\u0131n Xalq artisti Vaqif Mustafayev dan\u0131\u015f\u0131b. O qeyd edib ki, Molla N\u0259sir\u0259ddind\u0259n b\u0259hs ed\u0259c\u0259k film ortaq t\u00fcrk d\u0259y\u0259rl\u0259ri, ad\u0259t-\u0259n\u0259n\u0259l\u0259ri v\u0259 q\u0259hr\u0259manlar\u0131 haqq\u0131nda olacaq: \u201cFilmi alt\u0131 t\u00fcrk d\u00f6vl\u0259ti birlikd\u0259 \u0259rs\u0259y\u0259 g\u0259tirilir. H\u0259r bir d\u00f6vl\u0259tin tan\u0131nm\u0131\u015f aktyorlar\u0131 yer alacaq\u201d. H\u0259m\u00e7inin, \u201cCineMastercard\u201d kinoteatrlar \u015f\u0259b\u0259k\u0259sinin M\u00fc\u015fahid\u0259 \u015euras\u0131n\u0131n s\u0259dri Zaur Darabzad\u0259 bildirib ki, filmin \u00e7\u0259kili\u015fi avqust ay\u0131nda ba\u015flayacaq, ilin sonunda yekunla\u015fd\u0131r\u0131lacaq. O qeyd edib ki, 100 d\u0259qiq\u0259d\u0259n ibar\u0259t&hellip;<\/p>\n","protected":false},"author":2,"featured_media":482833,"comment_status":"closed","ping_status":"closed","sticky":false,"template":"","format":"standard","meta":{"om_disable_all_campaigns":false,"_monsterinsights_skip_tracking":false,"_monsterinsights_sitenote_active":false,"_monsterinsights_sitenote_note":"","_monsterinsights_sitenote_category":0},"categories":[1],"tags":[],"aioseo_notices":[],"gutentor_comment":0,"rttpg_featured_image_url":{"full":["https:\/\/arantv.az\/wp-content\/uploads\/2022\/06\/susa_0412.jpg",800,600,false],"landscape":["https:\/\/arantv.az\/wp-content\/uploads\/2022\/06\/susa_0412.jpg",800,600,false],"portraits":["https:\/\/arantv.az\/wp-content\/uploads\/2022\/06\/susa_0412.jpg",800,600,false],"thumbnail":["https:\/\/arantv.az\/wp-content\/uploads\/2022\/06\/susa_0412-500x280.jpg",500,280,true],"medium":["https:\/\/arantv.az\/wp-content\/uploads\/2022\/06\/susa_0412-487x365.jpg",487,365,true],"large":["https:\/\/arantv.az\/wp-content\/uploads\/2022\/06\/susa_0412.jpg",640,480,false],"1536x1536":["https:\/\/arantv.az\/wp-content\/uploads\/2022\/06\/susa_0412.jpg",800,600,false],"2048x2048":["https:\/\/arantv.az\/wp-content\/uploads\/2022\/06\/susa_0412.jpg",800,600,false],"post-thumbnail":["https:\/\/arantv.az\/wp-content\/uploads\/2022\/06\/susa_0412-240x172.jpg",240,172,true],"advps-thumb-one":["https:\/\/arantv.az\/wp-content\/uploads\/2022\/06\/susa_0412.jpg",800,600,false]},"rttpg_author":{"display_name":"V\u00fcsal Rafiqo\u011flu","author_link":"https:\/\/arantv.az\/?author=2"},"rttpg_comment":0,"rttpg_category":"<a href=\"https:\/\/arantv.az\/?cat=1\" rel=\"category\">C\u0259miyy\u0259t<\/a>","rttpg_excerpt":"\u201c\u015eu\u015fada\u00a0t\u00fcrk d\u00fcnyas\u0131ndan b\u0259hs ed\u0259n ortaq filmin \u00e7\u0259kilm\u0259si raz\u0131la\u015fd\u0131r\u0131l\u0131b\u201d. ARANTV.AZ \u00a0x\u0259b\u0259r verir ki, bununla ba\u011fl\u0131 VI \u00dcmumd\u00fcnya M\u0259d\u0259niyy\u0259tl\u0259raras\u0131 Dialoq Forumu \u00e7\u0259rciv\u0259sind\u0259 ke\u00e7irdiyi brifinqd\u0259 layih\u0259nin ideya m\u00fc\u0259llifi v\u0259 rejissoru, Az\u0259rbaycan\u0131n Xalq artisti Vaqif Mustafayev dan\u0131\u015f\u0131b. O qeyd edib ki, Molla N\u0259sir\u0259ddind\u0259n b\u0259hs ed\u0259c\u0259k film ortaq t\u00fcrk d\u0259y\u0259rl\u0259ri, ad\u0259t-\u0259n\u0259n\u0259l\u0259ri v\u0259 q\u0259hr\u0259manlar\u0131 haqq\u0131nda olacaq: \u201cFilmi alt\u0131 t\u00fcrk d\u00f6vl\u0259ti birlikd\u0259&hellip;","_links":{"self":[{"href":"https:\/\/arantv.az\/index.php?rest_route=\/wp\/v2\/posts\/717886"}],"collection":[{"href":"https:\/\/arantv.az\/index.php?rest_route=\/wp\/v2\/posts"}],"about":[{"href":"https:\/\/arantv.az\/index.php?rest_route=\/wp\/v2\/types\/post"}],"author":[{"embeddable":true,"href":"https:\/\/arantv.az\/index.php?rest_route=\/wp\/v2\/users\/2"}],"replies":[{"embeddable":true,"href":"https:\/\/arantv.az\/index.php?rest_route=%2Fwp%2Fv2%2Fcomments&post=717886"}],"version-history":[{"count":0,"href":"https:\/\/arantv.az\/index.php?rest_route=\/wp\/v2\/posts\/717886\/revisions"}],"wp:featuredmedia":[{"embeddable":true,"href":"https:\/\/arantv.az\/index.php?rest_route=\/wp\/v2\/media\/482833"}],"wp:attachment":[{"href":"https:\/\/arantv.az\/index.php?rest_route=%2Fwp%2Fv2%2Fmedia&parent=717886"}],"wp:term":[{"taxonomy":"category","embeddable":true,"href":"https:\/\/arantv.az\/index.php?rest_route=%2Fwp%2Fv2%2Fcategories&post=717886"},{"taxonomy":"post_tag","embeddable":true,"href":"https:\/\/arantv.az\/index.php?rest_route=%2Fwp%2Fv2%2Ftags&post=717886"}],"curies":[{"name":"wp","href":"https:\/\/api.w.org\/{rel}","templated":true}]}}