{"id":718286,"date":"2024-05-03T18:25:13","date_gmt":"2024-05-03T14:25:13","guid":{"rendered":"https:\/\/arantv.az\/?p=718286"},"modified":"2024-05-03T18:25:13","modified_gmt":"2024-05-03T14:25:13","slug":"avropa-ittifaqi-fransa-v%c9%99-cin-liderl%c9%99rinin-uct%c9%99r%c9%99fli-gorusu-olacaq","status":"publish","type":"post","link":"https:\/\/arantv.az\/?p=718286","title":{"rendered":"Avropa \u0130ttifaq\u0131, Fransa v\u0259 \u00c7in liderl\u0259rinin \u00fc\u00e7t\u0259r\u0259fli g\u00f6r\u00fc\u015f\u00fc olacaq"},"content":{"rendered":"<p>Avropa \u0130ttifaq\u0131, Fransa v\u0259 \u00c7in liderl\u0259rinin \u00fc\u00e7t\u0259r\u0259fli g\u00f6r\u00fc\u015f\u00fc olacaq.<\/p>\n<p>Bu bar\u0259d\u0259 Avropa Komissiyas\u0131n\u0131n M\u0259tbuat Xidm\u0259ti m\u0259lumat yay\u0131b.<\/p>\n<p>May\u0131n 6-da Parisd\u0259 Avropa Komissiyas\u0131n\u0131n prezidenti Ursula fon der Lyayen, Fransa Prezidenti Emmanuel Makron v\u0259 \u00c7in Xalq Respublikas\u0131n\u0131n S\u0259dri Si Cinpinin i\u015ftirak\u0131 il\u0259 \u00fc\u00e7t\u0259r\u0259fli g\u00f6r\u00fc\u015f ba\u015f tutacaq.<\/p>\n<p>Qeyd ed\u0259k ki, Ukrayna, \u00c7in v\u0259 Q\u0259rb \u00f6lk\u0259l\u0259ri aras\u0131nda ticar\u0259t v\u0259 investisiyan\u0131n g\u00fcnd\u0259likd\u0259 olan m\u00f6vzular oldu\u011fu ehtimal edilir.<\/p>\n","protected":false},"excerpt":{"rendered":"<p>Avropa \u0130ttifaq\u0131, Fransa v\u0259 \u00c7in liderl\u0259rinin \u00fc\u00e7t\u0259r\u0259fli g\u00f6r\u00fc\u015f\u00fc olacaq. Bu bar\u0259d\u0259 Avropa Komissiyas\u0131n\u0131n M\u0259tbuat Xidm\u0259ti m\u0259lumat yay\u0131b. May\u0131n 6-da Parisd\u0259 Avropa Komissiyas\u0131n\u0131n prezidenti Ursula fon der Lyayen, Fransa Prezidenti Emmanuel Makron v\u0259 \u00c7in Xalq Respublikas\u0131n\u0131n S\u0259dri Si Cinpinin i\u015ftirak\u0131 il\u0259 \u00fc\u00e7t\u0259r\u0259fli g\u00f6r\u00fc\u015f ba\u015f tutacaq. Qeyd ed\u0259k ki, Ukrayna, \u00c7in v\u0259 Q\u0259rb \u00f6lk\u0259l\u0259ri aras\u0131nda ticar\u0259t v\u0259 investisiyan\u0131n g\u00fcnd\u0259likd\u0259 olan m\u00f6vzular oldu\u011fu ehtimal edilir.<\/p>\n","protected":false},"author":2,"featured_media":718287,"comment_status":"closed","ping_status":"closed","sticky":false,"template":"","format":"standard","meta":{"om_disable_all_campaigns":false,"_monsterinsights_skip_tracking":false,"_monsterinsights_sitenote_active":false,"_monsterinsights_sitenote_note":"","_monsterinsights_sitenote_category":0},"categories":[4],"tags":[],"aioseo_notices":[],"gutentor_comment":0,"rttpg_featured_image_url":{"full":["https:\/\/arantv.az\/wp-content\/uploads\/2024\/05\/FotoJet-36.jpg",620,413,false],"landscape":["https:\/\/arantv.az\/wp-content\/uploads\/2024\/05\/FotoJet-36.jpg",620,413,false],"portraits":["https:\/\/arantv.az\/wp-content\/uploads\/2024\/05\/FotoJet-36.jpg",620,413,false],"thumbnail":["https:\/\/arantv.az\/wp-content\/uploads\/2024\/05\/FotoJet-36-500x280.jpg",500,280,true],"medium":["https:\/\/arantv.az\/wp-content\/uploads\/2024\/05\/FotoJet-36-548x365.jpg",548,365,true],"large":["https:\/\/arantv.az\/wp-content\/uploads\/2024\/05\/FotoJet-36.jpg",620,413,false],"1536x1536":["https:\/\/arantv.az\/wp-content\/uploads\/2024\/05\/FotoJet-36.jpg",620,413,false],"2048x2048":["https:\/\/arantv.az\/wp-content\/uploads\/2024\/05\/FotoJet-36.jpg",620,413,false],"post-thumbnail":["https:\/\/arantv.az\/wp-content\/uploads\/2024\/05\/FotoJet-36-240x172.jpg",240,172,true],"advps-thumb-one":["https:\/\/arantv.az\/wp-content\/uploads\/2024\/05\/FotoJet-36.jpg",620,413,false]},"rttpg_author":{"display_name":"V\u00fcsal Rafiqo\u011flu","author_link":"https:\/\/arantv.az\/?author=2"},"rttpg_comment":0,"rttpg_category":"<a href=\"https:\/\/arantv.az\/?cat=4\" rel=\"category\">Siyas\u0259t<\/a>","rttpg_excerpt":"Avropa \u0130ttifaq\u0131, Fransa v\u0259 \u00c7in liderl\u0259rinin \u00fc\u00e7t\u0259r\u0259fli g\u00f6r\u00fc\u015f\u00fc olacaq. Bu bar\u0259d\u0259 Avropa Komissiyas\u0131n\u0131n M\u0259tbuat Xidm\u0259ti m\u0259lumat yay\u0131b. May\u0131n 6-da Parisd\u0259 Avropa Komissiyas\u0131n\u0131n prezidenti Ursula fon der Lyayen, Fransa Prezidenti Emmanuel Makron v\u0259 \u00c7in Xalq Respublikas\u0131n\u0131n S\u0259dri Si Cinpinin i\u015ftirak\u0131 il\u0259 \u00fc\u00e7t\u0259r\u0259fli g\u00f6r\u00fc\u015f ba\u015f tutacaq. Qeyd ed\u0259k ki, Ukrayna, \u00c7in v\u0259 Q\u0259rb \u00f6lk\u0259l\u0259ri aras\u0131nda ticar\u0259t v\u0259&hellip;","_links":{"self":[{"href":"https:\/\/arantv.az\/index.php?rest_route=\/wp\/v2\/posts\/718286"}],"collection":[{"href":"https:\/\/arantv.az\/index.php?rest_route=\/wp\/v2\/posts"}],"about":[{"href":"https:\/\/arantv.az\/index.php?rest_route=\/wp\/v2\/types\/post"}],"author":[{"embeddable":true,"href":"https:\/\/arantv.az\/index.php?rest_route=\/wp\/v2\/users\/2"}],"replies":[{"embeddable":true,"href":"https:\/\/arantv.az\/index.php?rest_route=%2Fwp%2Fv2%2Fcomments&post=718286"}],"version-history":[{"count":0,"href":"https:\/\/arantv.az\/index.php?rest_route=\/wp\/v2\/posts\/718286\/revisions"}],"wp:featuredmedia":[{"embeddable":true,"href":"https:\/\/arantv.az\/index.php?rest_route=\/wp\/v2\/media\/718287"}],"wp:attachment":[{"href":"https:\/\/arantv.az\/index.php?rest_route=%2Fwp%2Fv2%2Fmedia&parent=718286"}],"wp:term":[{"taxonomy":"category","embeddable":true,"href":"https:\/\/arantv.az\/index.php?rest_route=%2Fwp%2Fv2%2Fcategories&post=718286"},{"taxonomy":"post_tag","embeddable":true,"href":"https:\/\/arantv.az\/index.php?rest_route=%2Fwp%2Fv2%2Ftags&post=718286"}],"curies":[{"name":"wp","href":"https:\/\/api.w.org\/{rel}","templated":true}]}}