{"id":718289,"date":"2024-05-03T18:26:54","date_gmt":"2024-05-03T14:26:54","guid":{"rendered":"https:\/\/arantv.az\/?p=718289"},"modified":"2024-05-03T18:26:54","modified_gmt":"2024-05-03T14:26:54","slug":"elektrik-enerjisinin-t%c9%99minatina-m%c9%99hdudiyy%c9%99tl%c9%99r-t%c9%99tbiq-edilm%c9%99y%c9%99n-istehlakcilarin-siyahisi","status":"publish","type":"post","link":"https:\/\/arantv.az\/?p=718289","title":{"rendered":"Elektrik enerjisinin t\u0259minat\u0131na m\u0259hdudiyy\u0259tl\u0259r t\u0259tbiq edilm\u0259y\u0259n istehlak\u00e7\u0131lar\u0131n S\u0130YAHISI"},"content":{"rendered":"<p>Nazirl\u0259r Kabineti \u201cElektrik g\u00fcc\u00fc \u00e7atmad\u0131qda sistemin dayan\u0131ql\u0131l\u0131\u011f\u0131n\u0131 t\u0259min etm\u0259k \u00fc\u00e7\u00fcn elektrik enerjisinin t\u0259minat\u0131na m\u0259hdudiyy\u0259tl\u0259r t\u0259tbiq edilm\u0259y\u0259n istehlak\u00e7\u0131lar\u0131n siyah\u0131s\u0131\u201dn\u0131 t\u0259sdiq edib.<\/p>\n<p>Bununla ba\u011fl\u0131 Ba\u015f nazir \u018fli \u018fs\u0259dov yeni q\u0259rar imzalay\u0131b.<\/p>\n<p>Q\u0259rara \u0259sas\u0259n, bu siyah\u0131ya d\u00f6vl\u0259t\u0259 m\u0259xsus 38 qurum, idar\u0259, s\u0259hmdar c\u0259miyy\u0259t v\u0259 x\u0259st\u0259xanalar daxil edilib.<\/p>\n<p>Tam siyah\u0131 il\u0259\u00a0<a href=\"https:\/\/nk.gov.az\/az\/senedler\/qerarlar\/elektrik-gucu-catmadiqda-sistemin-dayaniqliligini-8013\" target=\"_blank\" rel=\"noopener\">buradan<\/a>\u00a0tan\u0131\u015f ola bil\u0259rsiniz.<\/p>\n","protected":false},"excerpt":{"rendered":"<p>Nazirl\u0259r Kabineti \u201cElektrik g\u00fcc\u00fc \u00e7atmad\u0131qda sistemin dayan\u0131ql\u0131l\u0131\u011f\u0131n\u0131 t\u0259min etm\u0259k \u00fc\u00e7\u00fcn elektrik enerjisinin t\u0259minat\u0131na m\u0259hdudiyy\u0259tl\u0259r t\u0259tbiq edilm\u0259y\u0259n istehlak\u00e7\u0131lar\u0131n siyah\u0131s\u0131\u201dn\u0131 t\u0259sdiq edib. Bununla ba\u011fl\u0131 Ba\u015f nazir \u018fli \u018fs\u0259dov yeni q\u0259rar imzalay\u0131b. Q\u0259rara \u0259sas\u0259n, bu siyah\u0131ya d\u00f6vl\u0259t\u0259 m\u0259xsus 38 qurum, idar\u0259, s\u0259hmdar c\u0259miyy\u0259t v\u0259 x\u0259st\u0259xanalar daxil edilib. Tam siyah\u0131 il\u0259\u00a0buradan\u00a0tan\u0131\u015f ola bil\u0259rsiniz.<\/p>\n","protected":false},"author":2,"featured_media":718290,"comment_status":"closed","ping_status":"closed","sticky":false,"template":"","format":"standard","meta":{"om_disable_all_campaigns":false,"_monsterinsights_skip_tracking":false,"_monsterinsights_sitenote_active":false,"_monsterinsights_sitenote_note":"","_monsterinsights_sitenote_category":0},"categories":[19],"tags":[],"aioseo_notices":[],"gutentor_comment":0,"rttpg_featured_image_url":{"full":["https:\/\/arantv.az\/wp-content\/uploads\/2024\/05\/2132642017282fc9fcbd290930f51eea.jpg",850,500,false],"landscape":["https:\/\/arantv.az\/wp-content\/uploads\/2024\/05\/2132642017282fc9fcbd290930f51eea.jpg",850,500,false],"portraits":["https:\/\/arantv.az\/wp-content\/uploads\/2024\/05\/2132642017282fc9fcbd290930f51eea.jpg",850,500,false],"thumbnail":["https:\/\/arantv.az\/wp-content\/uploads\/2024\/05\/2132642017282fc9fcbd290930f51eea-500x280.jpg",500,280,true],"medium":["https:\/\/arantv.az\/wp-content\/uploads\/2024\/05\/2132642017282fc9fcbd290930f51eea-621x365.jpg",621,365,true],"large":["https:\/\/arantv.az\/wp-content\/uploads\/2024\/05\/2132642017282fc9fcbd290930f51eea-840x494.jpg",640,376,true],"1536x1536":["https:\/\/arantv.az\/wp-content\/uploads\/2024\/05\/2132642017282fc9fcbd290930f51eea.jpg",850,500,false],"2048x2048":["https:\/\/arantv.az\/wp-content\/uploads\/2024\/05\/2132642017282fc9fcbd290930f51eea.jpg",850,500,false],"post-thumbnail":["https:\/\/arantv.az\/wp-content\/uploads\/2024\/05\/2132642017282fc9fcbd290930f51eea-240x172.jpg",240,172,true],"advps-thumb-one":["https:\/\/arantv.az\/wp-content\/uploads\/2024\/05\/2132642017282fc9fcbd290930f51eea.jpg",850,500,false]},"rttpg_author":{"display_name":"V\u00fcsal Rafiqo\u011flu","author_link":"https:\/\/arantv.az\/?author=2"},"rttpg_comment":0,"rttpg_category":"<a href=\"https:\/\/arantv.az\/?cat=19\" rel=\"category\">G\u00fcnd\u0259m<\/a>","rttpg_excerpt":"Nazirl\u0259r Kabineti \u201cElektrik g\u00fcc\u00fc \u00e7atmad\u0131qda sistemin dayan\u0131ql\u0131l\u0131\u011f\u0131n\u0131 t\u0259min etm\u0259k \u00fc\u00e7\u00fcn elektrik enerjisinin t\u0259minat\u0131na m\u0259hdudiyy\u0259tl\u0259r t\u0259tbiq edilm\u0259y\u0259n istehlak\u00e7\u0131lar\u0131n siyah\u0131s\u0131\u201dn\u0131 t\u0259sdiq edib. Bununla ba\u011fl\u0131 Ba\u015f nazir \u018fli \u018fs\u0259dov yeni q\u0259rar imzalay\u0131b. Q\u0259rara \u0259sas\u0259n, bu siyah\u0131ya d\u00f6vl\u0259t\u0259 m\u0259xsus 38 qurum, idar\u0259, s\u0259hmdar c\u0259miyy\u0259t v\u0259 x\u0259st\u0259xanalar daxil edilib. Tam siyah\u0131 il\u0259\u00a0buradan\u00a0tan\u0131\u015f ola bil\u0259rsiniz.","_links":{"self":[{"href":"https:\/\/arantv.az\/index.php?rest_route=\/wp\/v2\/posts\/718289"}],"collection":[{"href":"https:\/\/arantv.az\/index.php?rest_route=\/wp\/v2\/posts"}],"about":[{"href":"https:\/\/arantv.az\/index.php?rest_route=\/wp\/v2\/types\/post"}],"author":[{"embeddable":true,"href":"https:\/\/arantv.az\/index.php?rest_route=\/wp\/v2\/users\/2"}],"replies":[{"embeddable":true,"href":"https:\/\/arantv.az\/index.php?rest_route=%2Fwp%2Fv2%2Fcomments&post=718289"}],"version-history":[{"count":0,"href":"https:\/\/arantv.az\/index.php?rest_route=\/wp\/v2\/posts\/718289\/revisions"}],"wp:featuredmedia":[{"embeddable":true,"href":"https:\/\/arantv.az\/index.php?rest_route=\/wp\/v2\/media\/718290"}],"wp:attachment":[{"href":"https:\/\/arantv.az\/index.php?rest_route=%2Fwp%2Fv2%2Fmedia&parent=718289"}],"wp:term":[{"taxonomy":"category","embeddable":true,"href":"https:\/\/arantv.az\/index.php?rest_route=%2Fwp%2Fv2%2Fcategories&post=718289"},{"taxonomy":"post_tag","embeddable":true,"href":"https:\/\/arantv.az\/index.php?rest_route=%2Fwp%2Fv2%2Ftags&post=718289"}],"curies":[{"name":"wp","href":"https:\/\/api.w.org\/{rel}","templated":true}]}}