{"id":718302,"date":"2024-05-03T18:31:17","date_gmt":"2024-05-03T14:31:17","guid":{"rendered":"https:\/\/arantv.az\/?p=718302"},"modified":"2024-05-03T18:31:17","modified_gmt":"2024-05-03T14:31:17","slug":"s%c9%99rq-t%c9%99r%c9%99fdasligi-c%c9%99rciv%c9%99sind%c9%99-investisiya-planinin-az%c9%99rbaycanda-icrasi-muzakir%c9%99-edilib-foto","status":"publish","type":"post","link":"https:\/\/arantv.az\/?p=718302","title":{"rendered":"\u015e\u0259rq T\u0259r\u0259fda\u015fl\u0131\u011f\u0131 \u00e7\u0259r\u00e7iv\u0259sind\u0259 \u0130nvestisiya Plan\u0131n\u0131n Az\u0259rbaycanda icras\u0131 m\u00fczakir\u0259 edilib &#8211; FOTO"},"content":{"rendered":"<p>Avropa \u0130ttifaq\u0131n\u0131n (A\u0130) 2021-2025-ci ill\u0259r \u00fczr\u0259 \u015e\u0259rq T\u0259r\u0259fda\u015fl\u0131\u011f\u0131 prioritetl\u0259ri \u00e7\u0259r\u00e7iv\u0259sind\u0259 \u0130qtisadi v\u0259 \u0130nvestisiya Plan\u0131n\u0131n Az\u0259rbaycanda icras\u0131 m\u00fczakir\u0259 edilib.<\/p>\n<p>Bu bar\u0259d\u0259 iqtisadiyyat naziri Mikay\u0131l Cabbarov \u201cX\u201d sosial \u015f\u0259b\u0259k\u0259sind\u0259ki hesab\u0131nda yaz\u0131b.<\/p>\n<p>Nazir deyib ki, Avropa Komissiyas\u0131n\u0131n qon\u015fuluq v\u0259 geni\u015fl\u0259nm\u0259 dan\u0131\u015f\u0131qlar\u0131 \u00fczr\u0259 ba\u015f direktoru Gert Yan Kopman il\u0259 g\u00f6r\u00fc\u015fd\u0259 bir s\u0131ra istiqam\u0259tl\u0259rd\u0259 \u0259m\u0259kda\u015fl\u0131q m\u0259s\u0259l\u0259l\u0259ri\u00a0m\u00fczakir\u0259 edilib: \u201cBak\u0131da ke\u00e7iril\u0259c\u0259k BMT-nin \u0130qlim D\u0259yi\u015fikliyi \u00fczr\u0259 \u00c7\u0259r\u00e7iv\u0259 Konvensiyas\u0131n\u0131n T\u0259r\u0259fl\u0259r Konfrans\u0131n\u0131n 29-cu sessiyas\u0131 (COP29) \u00e7\u0259r\u00e7iv\u0259sind\u0259 Avropa \u0130ttifaq\u0131 il\u0259 t\u0259r\u0259fda\u015fl\u0131q v\u0259 A\u0130 il\u0259 \u00fcmumi \u0259m\u0259kda\u015fl\u0131q istiqam\u0259tl\u0259ri m\u00fczakir\u0259 edilib\u201d.<\/p>\n<div>\n<div class=\"twitter-tweet twitter-tweet-rendered\"><iframe id=\"twitter-widget-0\" class=\"\" title=\"X Post\" src=\"https:\/\/platform.twitter.com\/embed\/Tweet.html?creatorScreenName=oxuaz&amp;dnt=false&amp;embedId=twitter-widget-0&amp;features=eyJ0ZndfdGltZWxpbmVfbGlzdCI6eyJidWNrZXQiOltdLCJ2ZXJzaW9uIjpudWxsfSwidGZ3X2ZvbGxvd2VyX2NvdW50X3N1bnNldCI6eyJidWNrZXQiOnRydWUsInZlcnNpb24iOm51bGx9LCJ0ZndfdHdlZXRfZWRpdF9iYWNrZW5kIjp7ImJ1Y2tldCI6Im9uIiwidmVyc2lvbiI6bnVsbH0sInRmd19yZWZzcmNfc2Vzc2lvbiI6eyJidWNrZXQiOiJvbiIsInZlcnNpb24iOm51bGx9LCJ0ZndfZm9zbnJfc29mdF9pbnRlcnZlbnRpb25zX2VuYWJsZWQiOnsiYnVja2V0Ijoib24iLCJ2ZXJzaW9uIjpudWxsfSwidGZ3X21peGVkX21lZGlhXzE1ODk3Ijp7ImJ1Y2tldCI6InRyZWF0bWVudCIsInZlcnNpb24iOm51bGx9LCJ0ZndfZXhwZXJpbWVudHNfY29va2llX2V4cGlyYXRpb24iOnsiYnVja2V0IjoxMjA5NjAwLCJ2ZXJzaW9uIjpudWxsfSwidGZ3X3Nob3dfYmlyZHdhdGNoX3Bpdm90c19lbmFibGVkIjp7ImJ1Y2tldCI6Im9uIiwidmVyc2lvbiI6bnVsbH0sInRmd19kdXBsaWNhdGVfc2NyaWJlc190b19zZXR0aW5ncyI6eyJidWNrZXQiOiJvbiIsInZlcnNpb24iOm51bGx9LCJ0ZndfdXNlX3Byb2ZpbGVfaW1hZ2Vfc2hhcGVfZW5hYmxlZCI6eyJidWNrZXQiOiJvbiIsInZlcnNpb24iOm51bGx9LCJ0ZndfdmlkZW9faGxzX2R5bmFtaWNfbWFuaWZlc3RzXzE1MDgyIjp7ImJ1Y2tldCI6InRydWVfYml0cmF0ZSIsInZlcnNpb24iOm51bGx9LCJ0ZndfbGVnYWN5X3RpbWVsaW5lX3N1bnNldCI6eyJidWNrZXQiOnRydWUsInZlcnNpb24iOm51bGx9LCJ0ZndfdHdlZXRfZWRpdF9mcm9udGVuZCI6eyJidWNrZXQiOiJvbiIsInZlcnNpb24iOm51bGx9fQ%3D%3D&amp;frame=false&amp;hideCard=false&amp;hideThread=false&amp;id=1786380126113976404&amp;lang=en&amp;origin=https%3A%2F%2Foxu.az%2Feconomy%2F867403&amp;sessionId=a1c8643056bfccbb917dfac37676f08ab0ee56fe&amp;siteScreenName=oxuaz&amp;theme=light&amp;widgetsVersion=2615f7e52b7e0%3A1702314776716&amp;width=550px\" frameborder=\"0\" scrolling=\"no\" allowfullscreen=\"allowfullscreen\" data-tweet-id=\"1786380126113976404\" data-mce-fragment=\"1\"><\/iframe><\/div>\n<\/div>\n<p>&nbsp;<\/p>\n","protected":false},"excerpt":{"rendered":"<p>Avropa \u0130ttifaq\u0131n\u0131n (A\u0130) 2021-2025-ci ill\u0259r \u00fczr\u0259 \u015e\u0259rq T\u0259r\u0259fda\u015fl\u0131\u011f\u0131 prioritetl\u0259ri \u00e7\u0259r\u00e7iv\u0259sind\u0259 \u0130qtisadi v\u0259 \u0130nvestisiya Plan\u0131n\u0131n Az\u0259rbaycanda icras\u0131 m\u00fczakir\u0259 edilib. Bu bar\u0259d\u0259 iqtisadiyyat naziri Mikay\u0131l Cabbarov \u201cX\u201d sosial \u015f\u0259b\u0259k\u0259sind\u0259ki hesab\u0131nda yaz\u0131b. Nazir deyib ki, Avropa Komissiyas\u0131n\u0131n qon\u015fuluq v\u0259 geni\u015fl\u0259nm\u0259 dan\u0131\u015f\u0131qlar\u0131 \u00fczr\u0259 ba\u015f direktoru Gert Yan Kopman il\u0259 g\u00f6r\u00fc\u015fd\u0259 bir s\u0131ra istiqam\u0259tl\u0259rd\u0259 \u0259m\u0259kda\u015fl\u0131q m\u0259s\u0259l\u0259l\u0259ri\u00a0m\u00fczakir\u0259 edilib: \u201cBak\u0131da ke\u00e7iril\u0259c\u0259k BMT-nin \u0130qlim D\u0259yi\u015fikliyi \u00fczr\u0259 \u00c7\u0259r\u00e7iv\u0259 Konvensiyas\u0131n\u0131n T\u0259r\u0259fl\u0259r Konfrans\u0131n\u0131n 29-cu sessiyas\u0131 (COP29) \u00e7\u0259r\u00e7iv\u0259sind\u0259 Avropa \u0130ttifaq\u0131 il\u0259 t\u0259r\u0259fda\u015fl\u0131q v\u0259 A\u0130 il\u0259 \u00fcmumi \u0259m\u0259kda\u015fl\u0131q istiqam\u0259tl\u0259ri m\u00fczakir\u0259 edilib\u201d. &nbsp;<\/p>\n","protected":false},"author":2,"featured_media":718303,"comment_status":"closed","ping_status":"closed","sticky":false,"template":"","format":"standard","meta":{"om_disable_all_campaigns":false,"_monsterinsights_skip_tracking":false,"_monsterinsights_sitenote_active":false,"_monsterinsights_sitenote_note":"","_monsterinsights_sitenote_category":0},"categories":[19],"tags":[],"aioseo_notices":[],"gutentor_comment":0,"rttpg_featured_image_url":{"full":["https:\/\/arantv.az\/wp-content\/uploads\/2024\/05\/GMp-YymW8AAUAJA.jpg",620,413,false],"landscape":["https:\/\/arantv.az\/wp-content\/uploads\/2024\/05\/GMp-YymW8AAUAJA.jpg",620,413,false],"portraits":["https:\/\/arantv.az\/wp-content\/uploads\/2024\/05\/GMp-YymW8AAUAJA.jpg",620,413,false],"thumbnail":["https:\/\/arantv.az\/wp-content\/uploads\/2024\/05\/GMp-YymW8AAUAJA-500x280.jpg",500,280,true],"medium":["https:\/\/arantv.az\/wp-content\/uploads\/2024\/05\/GMp-YymW8AAUAJA-548x365.jpg",548,365,true],"large":["https:\/\/arantv.az\/wp-content\/uploads\/2024\/05\/GMp-YymW8AAUAJA.jpg",620,413,false],"1536x1536":["https:\/\/arantv.az\/wp-content\/uploads\/2024\/05\/GMp-YymW8AAUAJA.jpg",620,413,false],"2048x2048":["https:\/\/arantv.az\/wp-content\/uploads\/2024\/05\/GMp-YymW8AAUAJA.jpg",620,413,false],"post-thumbnail":["https:\/\/arantv.az\/wp-content\/uploads\/2024\/05\/GMp-YymW8AAUAJA-240x172.jpg",240,172,true],"advps-thumb-one":["https:\/\/arantv.az\/wp-content\/uploads\/2024\/05\/GMp-YymW8AAUAJA.jpg",620,413,false]},"rttpg_author":{"display_name":"V\u00fcsal Rafiqo\u011flu","author_link":"https:\/\/arantv.az\/?author=2"},"rttpg_comment":0,"rttpg_category":"<a href=\"https:\/\/arantv.az\/?cat=19\" rel=\"category\">G\u00fcnd\u0259m<\/a>","rttpg_excerpt":"Avropa \u0130ttifaq\u0131n\u0131n (A\u0130) 2021-2025-ci ill\u0259r \u00fczr\u0259 \u015e\u0259rq T\u0259r\u0259fda\u015fl\u0131\u011f\u0131 prioritetl\u0259ri \u00e7\u0259r\u00e7iv\u0259sind\u0259 \u0130qtisadi v\u0259 \u0130nvestisiya Plan\u0131n\u0131n Az\u0259rbaycanda icras\u0131 m\u00fczakir\u0259 edilib. Bu bar\u0259d\u0259 iqtisadiyyat naziri Mikay\u0131l Cabbarov \u201cX\u201d sosial \u015f\u0259b\u0259k\u0259sind\u0259ki hesab\u0131nda yaz\u0131b. Nazir deyib ki, Avropa Komissiyas\u0131n\u0131n qon\u015fuluq v\u0259 geni\u015fl\u0259nm\u0259 dan\u0131\u015f\u0131qlar\u0131 \u00fczr\u0259 ba\u015f direktoru Gert Yan Kopman il\u0259 g\u00f6r\u00fc\u015fd\u0259 bir s\u0131ra istiqam\u0259tl\u0259rd\u0259 \u0259m\u0259kda\u015fl\u0131q m\u0259s\u0259l\u0259l\u0259ri\u00a0m\u00fczakir\u0259 edilib: \u201cBak\u0131da ke\u00e7iril\u0259c\u0259k BMT-nin&hellip;","_links":{"self":[{"href":"https:\/\/arantv.az\/index.php?rest_route=\/wp\/v2\/posts\/718302"}],"collection":[{"href":"https:\/\/arantv.az\/index.php?rest_route=\/wp\/v2\/posts"}],"about":[{"href":"https:\/\/arantv.az\/index.php?rest_route=\/wp\/v2\/types\/post"}],"author":[{"embeddable":true,"href":"https:\/\/arantv.az\/index.php?rest_route=\/wp\/v2\/users\/2"}],"replies":[{"embeddable":true,"href":"https:\/\/arantv.az\/index.php?rest_route=%2Fwp%2Fv2%2Fcomments&post=718302"}],"version-history":[{"count":0,"href":"https:\/\/arantv.az\/index.php?rest_route=\/wp\/v2\/posts\/718302\/revisions"}],"wp:featuredmedia":[{"embeddable":true,"href":"https:\/\/arantv.az\/index.php?rest_route=\/wp\/v2\/media\/718303"}],"wp:attachment":[{"href":"https:\/\/arantv.az\/index.php?rest_route=%2Fwp%2Fv2%2Fmedia&parent=718302"}],"wp:term":[{"taxonomy":"category","embeddable":true,"href":"https:\/\/arantv.az\/index.php?rest_route=%2Fwp%2Fv2%2Fcategories&post=718302"},{"taxonomy":"post_tag","embeddable":true,"href":"https:\/\/arantv.az\/index.php?rest_route=%2Fwp%2Fv2%2Ftags&post=718302"}],"curies":[{"name":"wp","href":"https:\/\/api.w.org\/{rel}","templated":true}]}}