{"id":718305,"date":"2024-05-03T18:32:02","date_gmt":"2024-05-03T14:32:02","guid":{"rendered":"https:\/\/arantv.az\/?p=718305"},"modified":"2024-05-03T18:32:02","modified_gmt":"2024-05-03T14:32:02","slug":"gurcustan-olaylari-q%c9%99rbin-c%c9%99nubi-qafqazda-taktiki-yanlisligi-t%c9%99hlil-foto","status":"publish","type":"post","link":"https:\/\/arantv.az\/?p=718305","title":{"rendered":"G\u00fcrc\u00fcstan olaylar\u0131: Q\u0259rbin C\u0259nubi Qafqazda taktiki yanl\u0131\u015fl\u0131\u011f\u0131 &#8211; T\u018fHL\u0130L + FOTO"},"content":{"rendered":"<p>G\u00fcrc\u00fcstanda 2003-c\u00fc il \u201cq\u0131z\u0131lg\u00fcl inqilab\u0131\u201dn\u0131n nailiyy\u0259tl\u0259ri iflasla \u00fcz-\u00fcz\u0259dir. Bu u\u011furlar\u0131n \u0259ld\u0259 saxlan\u0131lmas\u0131 \u00fc\u00e7\u00fcn q\u0259rby\u00f6nl\u00fcl\u0259rl\u0259 Rusiya t\u0259r\u0259fdarlar\u0131n\u0131n m\u00fcbariz\u0259si davam edir.<\/p>\n<p>Bu qar\u015f\u0131durma h\u0259l\u0259 ki \u201cXarici agentl\u0259r\u201d, yaxud\u00a0\u201cXarici t\u0259sirl\u0259rin \u015f\u0259ffafl\u0131\u011f\u0131 haqq\u0131nda\u201d qanun layih\u0259sinin q\u0259bulu ehtimal\u0131 \u0259traf\u0131nda meydana \u00e7\u0131x\u0131r. Q\u0259rb bloku r\u0259smi Tbilisini bu s\u0259n\u0259di q\u0259bula g\u00f6r\u0259 t\u0259nqid edib.<\/p>\n<p>Halbuki \u201cXarici agent haqq\u0131nda\u201d qanun 1938-ci ild\u0259 AB\u015e-d\u0259 q\u0259bul olunub. \u201cXarici Agentl\u0259rin Qeydiyyat\u0131 Akt\u0131\u201d (FARA) adlanan qanuna \u0259sas\u0259n, \u015etatlarda xarici g\u00fccl\u0259rin maraqlar\u0131n\u0131 &#8211; \u201csiyasi v\u0259 ya kvazi-siyasi\u201d s\u0259viyy\u0259d\u0259 t\u0259msil ed\u0259n bel\u0259 \u015f\u0259xsl\u0259r xarici h\u00f6kum\u0259tl\u0259 \u0259laq\u0259li f\u0259aliyy\u0259ti, m\u00fcnasib\u0259ti v\u0259 maliyy\u0259 bar\u0259d\u0259 m\u0259lumatlar\u0131 a\u00e7\u0131qlamal\u0131d\u0131r. O, AB\u015e \u018fdliyy\u0259 Departamentinin Milli T\u0259hl\u00fck\u0259sizlik Departamentinin \u018fks-k\u0259\u015ffiyyat v\u0259 \u0130xrac\u0131n M\u00fchafiz\u0259si B\u00f6lm\u0259si t\u0259r\u0259find\u0259n idar\u0259 olunur.<\/p>\n<p>Bir il \u00f6nc\u0259, y\u0259ni 2023-c\u00fc ilin yaz\u0131nda 230 qeyri-h\u00f6kum\u0259t t\u0259\u015fkilat\u0131, o c\u00fcml\u0259d\u0259n Beyn\u0259lxalq \u015e\u0259ffafl\u0131q t\u0259\u015fkilat\u0131 (\u201cTransparency \u0130nternational\u201d), \u0130nsan H\u00fcquqlar\u0131 (\u201cHuman Rights Watch\u201d) v\u0259 Beyn\u0259lxalq \u018ffv T\u0259\u015fkilat\u0131 (\u201cAmnesty International\u201d) Avropa Komissiyas\u0131n\u0131n s\u0259dri Ursula fon der Lyayen\u0259 \u201cXarici m\u00fcdaxil\u0259 haqq\u0131nda qanun\u201d layih\u0259sinin q\u0259bulunu t\u0259nqid ed\u0259n b\u0259yanat imzalay\u0131blar.<\/p>\n<p><img src=\"https:\/\/cdn.oxu.az\/uploads\/W1siZiIsIjIwMjQvMDUvMDMvMTUvMTEvMTUvZjRmZWY5MmQtZDgyYy00ZDM3LTk3OWQtYzA0N2MyNzQ2MWM4LzZiNWI5ZGU4LTg3NTItMzExOC04NWQzLTVlMzczNDc0Y2Y3ZS5qcGciXSxbInAiLCJlbmNvZGUiLCJqcGciLCItcXVhbGl0eSA4MCJdLFsicCIsInRodW1iIiwiNTkweDU5MFx1MDAzZSJdXQ?sha=edf5cc8ba88c8d08\" alt=\"\" \/><\/p>\n<p>Onlar bildirib ki, Avropa \u0130ttifaq\u0131n\u0131n bel\u0259 bir qanunu q\u0259bul etm\u0259si repressiyan\u0131 g\u00fccl\u0259ndir\u0259 bil\u0259r. Qeyd ed\u0259k ki, h\u0259min qanuna \u0259sas\u0259n, A\u0130 xaricd\u0259n maliyy\u0259l\u0259\u015f\u0259n t\u0259\u015fkilatlar\u0131n reyestrini yaradaraq onlar\u0131n f\u0259aliyy\u0259tin\u0259 n\u0259zar\u0259t ed\u0259c\u0259k.<\/p>\n<p>\u00d6t\u0259n ilin sentyabr\u0131nda Ursula fon der Lyayen A\u0130 parlamentind\u0259ki \u00e7\u0131x\u0131\u015f\u0131 zaman\u0131 demokratiyan\u0131 qorumaq \u00fc\u00e7\u00fcn bu qanunun q\u0259bul edilm\u0259sini vacib saym\u0131\u015fd\u0131. Avropa \u0130ttifaq\u0131 Rusiyan\u0131n a\u00e7\u0131q v\u0259 qapal\u0131 \u015f\u0259kild\u0259 maliyy\u0259l\u0259\u015fdirdiyi QHT-l\u0259rin f\u0259aliyy\u0259tind\u0259n narahatd\u0131r. Bunu region \u00fc\u00e7\u00fcn t\u0259hl\u00fck\u0259li say\u0131r.<\/p>\n<p>Bu bax\u0131mdan Q\u0259rbd\u0259 oldu\u011fu kimi postsovet \u00f6lk\u0259l\u0259rind\u0259 d\u0259 uy\u011fun qanunun q\u0259bul edilm\u0259si sakit qar\u015f\u0131lana bil\u0259r. Bir m\u0259s\u0259l\u0259ni d\u0259 qeyd etm\u0259k laz\u0131md\u0131r ki, v\u0259t\u0259nda\u015f c\u0259miyy\u0259tini yaln\u0131z Q\u0259rb bloku maliyy\u0259l\u0259\u015fdirmir. M\u00fcxt\u0259lif d\u00f6vl\u0259tl\u0259rd\u0259ki f\u0259rqli dini c\u0259r\u0259yanlara qrant verm\u0259si d\u0259 m\u00fcmk\u00fcnd\u00fcr. Odur ki, uy\u011fun qanun t\u0259kc\u0259 d\u00f6vl\u0259tin deyil, ola bilsin regional v\u0259 qlobal miqyasda t\u0259hl\u00fck\u0259sizliyin qorunmas\u0131, t\u0259mini m\u0259s\u0259l\u0259sidir.<\/p>\n<p>Rusiyan\u0131n f\u0259aliyy\u0259tin\u0259 qar\u015f\u0131 m\u00fcqavim\u0259t g\u00f6st\u0259rm\u0259k \u00fc\u00e7\u00fcn Q\u0259rbin d\u0259st\u0259yi yet\u0259rli olmur. G\u00fcrc\u00fcstanda bu, 2008-ci ilin avqustunda \u00f6z\u00fcn\u00fc g\u00f6st\u0259rdi. Sonrak\u0131 hadis\u0259l\u0259r is\u0259 orada hakimiyy\u0259t d\u0259yi\u015fikliyi il\u0259 n\u0259tic\u0259l\u0259ndi. Bel\u0259 g\u00f6r\u00fcn\u00fcr ki, Q\u0259rbin yeni q\u00fcvv\u0259l\u0259rl\u0259 \u0259m\u0259kda\u015fl\u0131\u011f\u0131 z\u0259if olub. Ona g\u00f6r\u0259 d\u0259 onlar Rusiyaya meyill\u0259nm\u0259y\u0259 \u00fcst\u00fcnl\u00fck veribl\u0259r.<\/p>\n<p><img src=\"https:\/\/cdn.oxu.az\/uploads\/W1siZiIsIjIwMjQvMDUvMDMvMTUvMTEvMTUvMjU0YWFhNmMtNmJmOC00ZDQxLTlkMDEtNGU2NzBjNzc3MmUyLzZjOTZlMzVlLTA2ZWQtMzFhZS1hZTVlLTE4ZWEwNTkzYWM5ZS5qcGciXSxbInAiLCJlbmNvZGUiLCJqcGciLCItcXVhbGl0eSA4MCJdLFsicCIsInRodW1iIiwiNTkweDU5MFx1MDAzZSJdXQ?sha=baf3b72752f53d41\" alt=\"\" \/><\/p>\n<p>Bu is\u0259 perspektivd\u0259 ke\u00e7mi\u015f sovet respublikalar\u0131n\u0131n Q\u0259rbd\u0259n qa\u00e7maq \u00fc\u00e7\u00fcn \u0259saslar\u0131n\u0131 art\u0131r\u0131r. G\u00fcrc\u00fcstanda prezidentl\u0259 h\u00f6kum\u0259t aras\u0131nda m\u00fcnasib\u0259t Q\u0259rbl\u0259 ziddiyy\u0259tin \u0259yani n\u00fcmun\u0259sidir.<\/p>\n<p>Qeyd ed\u0259k ki, Prezident Salome Zurabi\u015fvilinin s\u0259lahiyy\u0259t m\u00fcdd\u0259ti 2024-c\u00fc ilin pay\u0131z\u0131nda ba\u015fa \u00e7at\u0131r. Bu il oktyabr\u0131n 26-da ke\u00e7iril\u0259c\u0259k se\u00e7ki n\u0259tic\u0259sind\u0259 formala\u015facaq yeni parlament prezidenti d\u0259 m\u00fc\u0259yy\u0259n ed\u0259c\u0259k.<\/p>\n<p>Yeri g\u0259lmi\u015fk\u0259n, Ba\u015f nazir \u0130rakli Kobaxidze Prezident Salome Zurabi\u015fvilini \u201cv\u0259t\u0259n xaini\u201d adland\u0131r\u0131b. O, Zurabi\u015fvilinin G\u00fcrc\u00fcstan\u0131n prezidenti oldu\u011fu \u00fc\u00e7\u00fcn xalqdan \u00fczr ist\u0259yib: \u201c\u018fn k\u0259d\u0259rlisi bu \u015f\u0259xsin qanuni olaraq h\u0259l\u0259 d\u0259 G\u00fcrc\u00fcstan\u0131n prezidenti olmas\u0131d\u0131r. O, s\u00f6z\u00fcn \u0259sl m\u0259nas\u0131nda bu \u00f6lk\u0259y\u0259 x\u0259yan\u0259t edir, onun milli maraqlar\u0131n\u0131 sat\u0131r. T\u0259\u0259ss\u00fcf ki, bu, onun \u00fc\u00e7\u00fcn qeyri-adi bir hadis\u0259 deyil\u201d.<\/p>\n<p>\u0130rakli Kobaxidze qoyulan \u015f\u0259rtl\u0259r onu qane etm\u0259diyi \u00fc\u00e7\u00fcn AB\u015e-a s\u0259f\u0259rd\u0259n imtina edib.<\/p>\n<p>Qar\u015f\u0131 t\u0259r\u0259f ondan \u201cXarici t\u0259sirin \u015f\u0259ffafl\u0131\u011f\u0131 haqq\u0131nda\u201d qanun layih\u0259sin\u0259 bax\u0131lma\u011f\u0131 m\u00fcv\u0259qq\u0259ti dayand\u0131rmaq \u015f\u0259rtini ir\u0259li s\u00fcrm\u00fc\u015fd\u00fc.<\/p>\n<p><img src=\"https:\/\/cdn.oxu.az\/uploads\/W1siZiIsIjIwMjQvMDUvMDMvMTUvMTEvMTYvNTA2ZjJlNDUtYmNmNC00OWJjLWFiOGMtYWUxM2Q4NTk4ZjUyL2MxZjRlZTAzLWMwYzgtM2IyNS05MjI0LTIwNzkxZDQxZDA4Mi5qcGciXSxbInAiLCJlbmNvZGUiLCJqcGciLCItcXVhbGl0eSA4MCJdLFsicCIsInRodW1iIiwiNTkweDU5MFx1MDAzZSJdXQ?sha=eea9d468b0886f04\" alt=\"\" \/><\/p>\n<p>Q\u0259rbin q\u0259bul etdiyi qanunun ox\u015far\u0131n\u0131 G\u00fcrc\u00fcstan\u0131n q\u0259bul etm\u0259sin\u0259 etiraz t\u0259r\u0259fl\u0259r aras\u0131nda ziddiyy\u0259t yarad\u0131b. O zaman sual olunur, AB\u015e, Avropa \u0130ttifaq\u0131 v\u0259 ba\u015fqalar\u0131 niy\u0259 \u201cXarici agent\u201d haqq\u0131nda qanun q\u0259bul edib.<\/p>\n<p>Bu, Q\u0259rbin ke\u00e7mi\u015f sovet respublikalar\u0131n\u0131 \u00f6z\u00fcnd\u0259n naraz\u0131 sal\u0131b uzaqla\u015fmas\u0131 il\u0259 n\u0259tic\u0259l\u0259nir. Bir zamanlar onlar Moskvadan qa\u00e7maqla Q\u0259rbin onlara d\u0259st\u0259k ver\u0259c\u0259yin\u0259 \u00fcmid edirdil\u0259r. Haz\u0131rda ba\u015f ver\u0259nl\u0259r is\u0259 onlar\u0131 m\u0259yus edir.<\/p>\n<p>AB\u015e D\u00f6vl\u0259t Departamentinin bir s\u0131ra hallarda m\u0259s\u0259l\u0259y\u0259 obyektiv yana\u015fmamas\u0131, yaxud olanlar\u0131n qar\u015f\u0131s\u0131n\u0131 almamas\u0131 kimi hallar da m\u00fcnasib\u0259tl\u0259r\u0259 m\u0259nfi t\u0259sir g\u00f6st\u0259rir.<\/p>\n<p>Bu g\u00fcnl\u0259rd\u0259 \u015etatlar\u0131n Dini Etiqad Azadl\u0131\u011f\u0131 Komissiyas\u0131 (USCIRF) illik hesabat\u0131nda hakimiyy\u0259ti AB\u015e Beyn\u0259lxalq \u0130nki\u015faf Agentliyin\u0259 v\u0259 Va\u015finqtonun Bak\u0131dak\u0131 s\u0259firliyin\u0259 Az\u0259rbaycan\u0131n Qaraba\u011f b\u00f6lg\u0259sind\u0259 m\u0259d\u0259niyy\u0259t abid\u0259l\u0259rinin qorunmas\u0131 \u00fc\u00e7\u00fcn v\u0259sait ay\u0131rma\u011fa \u00e7a\u011f\u0131r\u0131b. Hesabatda hakimiyy\u0259t\u0259 t\u00f6vsiy\u0259 olunub ki, Az\u0259rbaycan\u0131 \u201cBeyn\u0259lxalq Dini Etiqad Azadl\u0131\u011f\u0131 Akt\u0131nda (IRFA) m\u00fc\u0259yy\u0259n edilmi\u015f dini etiqad azadl\u0131\u011f\u0131n\u0131n sistematik, davaml\u0131 v\u0259 kobud \u015f\u0259kild\u0259 pozulmas\u0131 il\u0259 ba\u011fl\u0131 x\u00fcsusi narahatl\u0131q do\u011furan \u00f6lk\u0259l\u0259r siyah\u0131s\u0131\u201dna daxil etsin.<\/p>\n<p><img src=\"https:\/\/cdn.oxu.az\/uploads\/W1siZiIsIjIwMjQvMDUvMDMvMTUvMTEvMTYvOGJlNGViM2YtNjVjZC00OGFmLWIwMjQtNDEzY2U2MTVjMjIxLzVlYTYzNzYzLWZiNGUtM2NjYy1iMzU1LTBlNWE0ZjdiNjc5YS5qcGciXSxbInAiLCJlbmNvZGUiLCJqcGciLCItcXVhbGl0eSA4MCJdLFsicCIsInRodW1iIiwiNTkweDU5MFx1MDAzZSJdXQ?sha=0051746e15bef6f4\" alt=\"\" \/><\/p>\n<p>Komissiya h\u0259m d\u0259 Qaraba\u011fda guya erm\u0259ni tarixi m\u0259d\u0259ni dini-abid\u0259l\u0259rin qorunmas\u0131, b\u0259rpas\u0131 kimi t\u0259klifl\u0259r d\u0259 edib.<\/p>\n<p>Bu, \u00e7ox g\u00fcl\u00fcnc v\u0259 reall\u0131qla \u0259laq\u0259si olmayan hesabatd\u0131r. H\u0259min \u0259razil\u0259r 30 il\u0259 yax\u0131n erm\u0259nil\u0259rin v\u0259 havadarlar\u0131n\u0131n n\u0259zar\u0259ti alt\u0131nda olub. O ill\u0259r \u0259rzind\u0259 Erm\u0259nistan v\u0259 onun havadarlar\u0131 Qaraba\u011fda ne\u00e7\u0259 dini-tarixi-m\u0259d\u0259ni abid\u0259ni b\u0259rpa v\u0259 t\u0259mir edib? \u018fksin\u0259, Az\u0259rbaycan\u0131n bu b\u00f6lg\u0259si Erm\u0259nistan\u0131n i\u015f\u011fal\u0131 alt\u0131nda oldu\u011fu ill\u0259rd\u0259 ne\u00e7\u0259-ne\u00e7\u0259 m\u0259d\u0259niyy\u0259t v\u0259 dini abid\u0259l\u0259rin da\u011f\u0131lmas\u0131na dair t\u0259kzibedilm\u0259z faktlar var.<\/p>\n<p>\u018fn g\u00fcl\u00fcnc\u00fc is\u0259 Az\u0259rbaycanda dini v\u0259 etiqad azadl\u0131\u011f\u0131n\u0131n pozulmas\u0131na dair iddiad\u0131r.<\/p>\n<p>Hesabat Bak\u0131da VI \u00dcmumd\u00fcnya M\u0259d\u0259niyy\u0259tl\u0259raras\u0131 Dialoq Forumunun ke\u00e7irildiyi g\u00fcnl\u0259rd\u0259 yay\u0131l\u0131b. Onlar bununla \u0259h\u0259miyy\u0259t d\u0259r\u0259c\u0259sind\u0259n as\u0131l\u0131 olmayaraq humanizm\u0259, dinl\u0259raras\u0131 dialoqa xidm\u0259t ed\u0259n bir beyn\u0259lxalq t\u0259dbirin faydas\u0131na k\u00f6lg\u0259 salma\u011fa \u00e7al\u0131\u015f\u0131blar.<\/p>\n<p><img src=\"https:\/\/cdn.oxu.az\/uploads\/W1siZiIsIjIwMjQvMDUvMDMvMTUvMTEvMTYvZmY0NjkyM2MtMDkyMy00YmUwLWJiYmMtNTYwY2JmMTM4MzkxLzM2NDYwNDAwLTBjZDYtMzE0MC1hNjkwLTFhOGExNmNiNDg4YS5qcGciXSxbInAiLCJlbmNvZGUiLCJqcGciLCItcXVhbGl0eSA4MCJdLFsicCIsInRodW1iIiwiNTkweDU5MFx1MDAzZSJdXQ?sha=886c93cd5552fc53\" alt=\"\" \/><\/p>\n<p>\u018fn t\u0259\u0259ss\u00fcfl\u0259ndirici hal is\u0259 odur ki, s\u0259n\u0259d Erm\u0259nistan, yaxud Az\u0259rbaycan\u0131 sevm\u0259y\u0259n ba\u015fqa birinin \u0259razisind\u0259n deyil, AB\u015e-d\u0259n yay\u0131l\u0131b.<\/p>\n<p>Bu kimi hadis\u0259l\u0259r t\u0259r\u0259fl\u0259r aras\u0131nda anla\u015f\u0131lmazl\u0131q, g\u0259r\u0259ksiz s\u00f6z-s\u00f6hb\u0259t yarad\u0131r, etibara z\u0259rb\u0259 vurur. Ba\u015fqa s\u00f6zl\u0259, \u00fcmidl\u0259r do\u011frulmas\u0131n\u0131 \u0259ng\u0259ll\u0259yir. Sual olunur: AB\u015e-nin, yoxsa, erm\u0259ni lobbisinin maraqlar\u0131 \u00fcst\u00fcnd\u00fcr? \u018flb\u0259tt\u0259, m\u0259ntiq AB\u015e-nin deyir. Ancaq \u015etatlarda bu kimi \u00e7\u0131x\u0131\u015flar\u0131n edilm\u0259sin\u0259 \u015f\u0259raitin yarad\u0131lmas\u0131 strateji m\u0259s\u0259l\u0259l\u0259rd\u0259 etimad m\u00fchitini korlay\u0131r. G\u00fcrc\u00fcstanda ba\u015f ver\u0259nl\u0259r d\u0259 bunun n\u0259tic\u0259sidir.<\/p>\n<p><strong>\u201cReport\u201d \u0130nformasiya Agentliyi<\/strong><\/p>\n","protected":false},"excerpt":{"rendered":"<p>G\u00fcrc\u00fcstanda 2003-c\u00fc il \u201cq\u0131z\u0131lg\u00fcl inqilab\u0131\u201dn\u0131n nailiyy\u0259tl\u0259ri iflasla \u00fcz-\u00fcz\u0259dir. Bu u\u011furlar\u0131n \u0259ld\u0259 saxlan\u0131lmas\u0131 \u00fc\u00e7\u00fcn q\u0259rby\u00f6nl\u00fcl\u0259rl\u0259 Rusiya t\u0259r\u0259fdarlar\u0131n\u0131n m\u00fcbariz\u0259si davam edir. Bu qar\u015f\u0131durma h\u0259l\u0259 ki \u201cXarici agentl\u0259r\u201d, yaxud\u00a0\u201cXarici t\u0259sirl\u0259rin \u015f\u0259ffafl\u0131\u011f\u0131 haqq\u0131nda\u201d qanun layih\u0259sinin q\u0259bulu ehtimal\u0131 \u0259traf\u0131nda meydana \u00e7\u0131x\u0131r. Q\u0259rb bloku r\u0259smi Tbilisini bu s\u0259n\u0259di q\u0259bula g\u00f6r\u0259 t\u0259nqid edib. Halbuki \u201cXarici agent haqq\u0131nda\u201d qanun 1938-ci ild\u0259 AB\u015e-d\u0259 q\u0259bul olunub. \u201cXarici Agentl\u0259rin Qeydiyyat\u0131 Akt\u0131\u201d (FARA) adlanan qanuna \u0259sas\u0259n, \u015etatlarda xarici g\u00fccl\u0259rin maraqlar\u0131n\u0131 &#8211; \u201csiyasi v\u0259 ya kvazi-siyasi\u201d s\u0259viyy\u0259d\u0259 t\u0259msil ed\u0259n bel\u0259 \u015f\u0259xsl\u0259r xarici h\u00f6kum\u0259tl\u0259 \u0259laq\u0259li f\u0259aliyy\u0259ti, m\u00fcnasib\u0259ti v\u0259 maliyy\u0259 bar\u0259d\u0259 m\u0259lumatlar\u0131 a\u00e7\u0131qlamal\u0131d\u0131r. O, AB\u015e&hellip;<\/p>\n","protected":false},"author":2,"featured_media":718306,"comment_status":"closed","ping_status":"closed","sticky":false,"template":"","format":"standard","meta":{"om_disable_all_campaigns":false,"_monsterinsights_skip_tracking":false,"_monsterinsights_sitenote_active":false,"_monsterinsights_sitenote_note":"","_monsterinsights_sitenote_category":0},"categories":[4],"tags":[],"aioseo_notices":[],"gutentor_comment":0,"rttpg_featured_image_url":{"full":["https:\/\/arantv.az\/wp-content\/uploads\/2024\/05\/87c94f1a-930b-3b5e-958a-13122c371492_850.jpg",620,413,false],"landscape":["https:\/\/arantv.az\/wp-content\/uploads\/2024\/05\/87c94f1a-930b-3b5e-958a-13122c371492_850.jpg",620,413,false],"portraits":["https:\/\/arantv.az\/wp-content\/uploads\/2024\/05\/87c94f1a-930b-3b5e-958a-13122c371492_850.jpg",620,413,false],"thumbnail":["https:\/\/arantv.az\/wp-content\/uploads\/2024\/05\/87c94f1a-930b-3b5e-958a-13122c371492_850-500x280.jpg",500,280,true],"medium":["https:\/\/arantv.az\/wp-content\/uploads\/2024\/05\/87c94f1a-930b-3b5e-958a-13122c371492_850-548x365.jpg",548,365,true],"large":["https:\/\/arantv.az\/wp-content\/uploads\/2024\/05\/87c94f1a-930b-3b5e-958a-13122c371492_850.jpg",620,413,false],"1536x1536":["https:\/\/arantv.az\/wp-content\/uploads\/2024\/05\/87c94f1a-930b-3b5e-958a-13122c371492_850.jpg",620,413,false],"2048x2048":["https:\/\/arantv.az\/wp-content\/uploads\/2024\/05\/87c94f1a-930b-3b5e-958a-13122c371492_850.jpg",620,413,false],"post-thumbnail":["https:\/\/arantv.az\/wp-content\/uploads\/2024\/05\/87c94f1a-930b-3b5e-958a-13122c371492_850-240x172.jpg",240,172,true],"advps-thumb-one":["https:\/\/arantv.az\/wp-content\/uploads\/2024\/05\/87c94f1a-930b-3b5e-958a-13122c371492_850.jpg",620,413,false]},"rttpg_author":{"display_name":"V\u00fcsal Rafiqo\u011flu","author_link":"https:\/\/arantv.az\/?author=2"},"rttpg_comment":0,"rttpg_category":"<a href=\"https:\/\/arantv.az\/?cat=4\" rel=\"category\">Siyas\u0259t<\/a>","rttpg_excerpt":"G\u00fcrc\u00fcstanda 2003-c\u00fc il \u201cq\u0131z\u0131lg\u00fcl inqilab\u0131\u201dn\u0131n nailiyy\u0259tl\u0259ri iflasla \u00fcz-\u00fcz\u0259dir. Bu u\u011furlar\u0131n \u0259ld\u0259 saxlan\u0131lmas\u0131 \u00fc\u00e7\u00fcn q\u0259rby\u00f6nl\u00fcl\u0259rl\u0259 Rusiya t\u0259r\u0259fdarlar\u0131n\u0131n m\u00fcbariz\u0259si davam edir. Bu qar\u015f\u0131durma h\u0259l\u0259 ki \u201cXarici agentl\u0259r\u201d, yaxud\u00a0\u201cXarici t\u0259sirl\u0259rin \u015f\u0259ffafl\u0131\u011f\u0131 haqq\u0131nda\u201d qanun layih\u0259sinin q\u0259bulu ehtimal\u0131 \u0259traf\u0131nda meydana \u00e7\u0131x\u0131r. Q\u0259rb bloku r\u0259smi Tbilisini bu s\u0259n\u0259di q\u0259bula g\u00f6r\u0259 t\u0259nqid edib. Halbuki \u201cXarici agent haqq\u0131nda\u201d qanun 1938-ci ild\u0259 AB\u015e-d\u0259 q\u0259bul&hellip;","_links":{"self":[{"href":"https:\/\/arantv.az\/index.php?rest_route=\/wp\/v2\/posts\/718305"}],"collection":[{"href":"https:\/\/arantv.az\/index.php?rest_route=\/wp\/v2\/posts"}],"about":[{"href":"https:\/\/arantv.az\/index.php?rest_route=\/wp\/v2\/types\/post"}],"author":[{"embeddable":true,"href":"https:\/\/arantv.az\/index.php?rest_route=\/wp\/v2\/users\/2"}],"replies":[{"embeddable":true,"href":"https:\/\/arantv.az\/index.php?rest_route=%2Fwp%2Fv2%2Fcomments&post=718305"}],"version-history":[{"count":0,"href":"https:\/\/arantv.az\/index.php?rest_route=\/wp\/v2\/posts\/718305\/revisions"}],"wp:featuredmedia":[{"embeddable":true,"href":"https:\/\/arantv.az\/index.php?rest_route=\/wp\/v2\/media\/718306"}],"wp:attachment":[{"href":"https:\/\/arantv.az\/index.php?rest_route=%2Fwp%2Fv2%2Fmedia&parent=718305"}],"wp:term":[{"taxonomy":"category","embeddable":true,"href":"https:\/\/arantv.az\/index.php?rest_route=%2Fwp%2Fv2%2Fcategories&post=718305"},{"taxonomy":"post_tag","embeddable":true,"href":"https:\/\/arantv.az\/index.php?rest_route=%2Fwp%2Fv2%2Ftags&post=718305"}],"curies":[{"name":"wp","href":"https:\/\/api.w.org\/{rel}","templated":true}]}}