{"id":718308,"date":"2024-05-03T18:32:37","date_gmt":"2024-05-03T14:32:37","guid":{"rendered":"https:\/\/arantv.az\/?p=718308"},"modified":"2024-05-03T18:32:37","modified_gmt":"2024-05-03T14:32:37","slug":"faiq-mut%c9%99llimov-cop-un-m%c9%99qs%c9%99dl%c9%99rind%c9%99n-biri-t%c9%99hluk%c9%99l%c9%99r%c9%99-qarsi-ohd%c9%99likl%c9%99r%c9%99-sadiqliyi-t%c9%99min-etm%c9%99kdir","status":"publish","type":"post","link":"https:\/\/arantv.az\/?p=718308","title":{"rendered":"Faiq M\u00fct\u0259llimov: \u201cCOP-un m\u0259qs\u0259dl\u0259rind\u0259n biri t\u0259hl\u00fck\u0259l\u0259r\u0259 qar\u015f\u0131 \u00f6hd\u0259likl\u0259r\u0259 sadiqliyi t\u0259min etm\u0259kdir\u201d"},"content":{"rendered":"<p>\u201cBMT-nin \u0130qlim D\u0259yi\u015fikliyi \u00fczr\u0259 \u00c7\u0259r\u00e7iv\u0259 Konvensiyas\u0131n\u0131n T\u0259r\u0259fl\u0259r Konfrans\u0131n\u0131n m\u0259qs\u0259dl\u0259rind\u0259n biri g\u00f6zl\u0259nil\u0259n ssenaril\u0259r\u0259 qar\u015f\u0131 \u00f6lk\u0259l\u0259rin \u00f6hd\u0259likl\u0259rin\u0259 sadiqliyini t\u0259min etm\u0259kdir\u201d.<\/p>\n<p>\u201cReport\u201d x\u0259b\u0259r verir ki, bunu Ekologiya v\u0259 T\u0259bii S\u0259rv\u0259tl\u0259r Nazirliyinin Ekoloji siyas\u0259t \u015f\u00f6b\u0259sinin m\u00fcdiri Faiq M\u00fct\u0259llimov bu g\u00fcn Bak\u0131da \u201c\u0130ctimai prosesl\u0259r media m\u00fcst\u0259visind\u0259\u201d m\u00f6vzusunda ke\u00e7iril\u0259n Forumda \u201cYa\u015f\u0131l d\u00fcnya namin\u0259 h\u0259mr\u0259ylik ili\u201dnd\u0259 media g\u00fcnd\u0259mi adl\u0131 paneld\u0259 deyib.<\/p>\n<p>O bildirib ki, Az\u0259rbaycanda bir ne\u00e7\u0259 10 illikd\u0259 su ehtiyatlar\u0131nda 15% azalma m\u00fc\u015fahid\u0259 olunur:<\/p>\n<p>\u201cBu da m\u00fcxt\u0259lif sektorlara, x\u00fcsus\u0259n d\u0259 k\u0259nd t\u0259s\u0259rr\u00fcfat\u0131 sektoruna ciddi t\u0259sir g\u00f6st\u0259rib. Eyni zamanda son ill\u0259rd\u0259 temperaturun azalmas\u0131 v\u0259 bir s\u0131ra s\u0259b\u0259bl\u0259rd\u0259n X\u0259z\u0259rin s\u0259viyy\u0259sind\u0259 ciddi azalma var. Bu da daha \u00e7ox sahilyan\u0131 zonalara t\u0259sir g\u00f6st\u0259rir. D\u00fc\u015f\u00fcn\u00fcr\u0259m ki, COP29 bu c\u00fcr m\u0259s\u0259l\u0259l\u0259rin m\u00fczakir\u0259si \u00fc\u00e7\u00fcn \u0259h\u0259miyy\u0259tli platformad\u0131r\u201d.<\/p>\n","protected":false},"excerpt":{"rendered":"<p>\u201cBMT-nin \u0130qlim D\u0259yi\u015fikliyi \u00fczr\u0259 \u00c7\u0259r\u00e7iv\u0259 Konvensiyas\u0131n\u0131n T\u0259r\u0259fl\u0259r Konfrans\u0131n\u0131n m\u0259qs\u0259dl\u0259rind\u0259n biri g\u00f6zl\u0259nil\u0259n ssenaril\u0259r\u0259 qar\u015f\u0131 \u00f6lk\u0259l\u0259rin \u00f6hd\u0259likl\u0259rin\u0259 sadiqliyini t\u0259min etm\u0259kdir\u201d. \u201cReport\u201d x\u0259b\u0259r verir ki, bunu Ekologiya v\u0259 T\u0259bii S\u0259rv\u0259tl\u0259r Nazirliyinin Ekoloji siyas\u0259t \u015f\u00f6b\u0259sinin m\u00fcdiri Faiq M\u00fct\u0259llimov bu g\u00fcn Bak\u0131da \u201c\u0130ctimai prosesl\u0259r media m\u00fcst\u0259visind\u0259\u201d m\u00f6vzusunda ke\u00e7iril\u0259n Forumda \u201cYa\u015f\u0131l d\u00fcnya namin\u0259 h\u0259mr\u0259ylik ili\u201dnd\u0259 media g\u00fcnd\u0259mi adl\u0131 paneld\u0259 deyib. O bildirib ki, Az\u0259rbaycanda bir ne\u00e7\u0259 10 illikd\u0259 su ehtiyatlar\u0131nda 15% azalma m\u00fc\u015fahid\u0259 olunur: \u201cBu da m\u00fcxt\u0259lif sektorlara, x\u00fcsus\u0259n d\u0259 k\u0259nd t\u0259s\u0259rr\u00fcfat\u0131 sektoruna ciddi t\u0259sir g\u00f6st\u0259rib. Eyni zamanda son ill\u0259rd\u0259 temperaturun azalmas\u0131 v\u0259 bir s\u0131ra s\u0259b\u0259bl\u0259rd\u0259n&hellip;<\/p>\n","protected":false},"author":2,"featured_media":718309,"comment_status":"closed","ping_status":"closed","sticky":false,"template":"","format":"standard","meta":{"om_disable_all_campaigns":false,"_monsterinsights_skip_tracking":false,"_monsterinsights_sitenote_active":false,"_monsterinsights_sitenote_note":"","_monsterinsights_sitenote_category":0},"categories":[1],"tags":[],"aioseo_notices":[],"gutentor_comment":0,"rttpg_featured_image_url":{"full":["https:\/\/arantv.az\/wp-content\/uploads\/2024\/05\/c12e3b5e-dfea-3a31-99c3-daa13b1fdbe2_850-1.jpg",620,413,false],"landscape":["https:\/\/arantv.az\/wp-content\/uploads\/2024\/05\/c12e3b5e-dfea-3a31-99c3-daa13b1fdbe2_850-1.jpg",620,413,false],"portraits":["https:\/\/arantv.az\/wp-content\/uploads\/2024\/05\/c12e3b5e-dfea-3a31-99c3-daa13b1fdbe2_850-1.jpg",620,413,false],"thumbnail":["https:\/\/arantv.az\/wp-content\/uploads\/2024\/05\/c12e3b5e-dfea-3a31-99c3-daa13b1fdbe2_850-1-500x280.jpg",500,280,true],"medium":["https:\/\/arantv.az\/wp-content\/uploads\/2024\/05\/c12e3b5e-dfea-3a31-99c3-daa13b1fdbe2_850-1-548x365.jpg",548,365,true],"large":["https:\/\/arantv.az\/wp-content\/uploads\/2024\/05\/c12e3b5e-dfea-3a31-99c3-daa13b1fdbe2_850-1.jpg",620,413,false],"1536x1536":["https:\/\/arantv.az\/wp-content\/uploads\/2024\/05\/c12e3b5e-dfea-3a31-99c3-daa13b1fdbe2_850-1.jpg",620,413,false],"2048x2048":["https:\/\/arantv.az\/wp-content\/uploads\/2024\/05\/c12e3b5e-dfea-3a31-99c3-daa13b1fdbe2_850-1.jpg",620,413,false],"post-thumbnail":["https:\/\/arantv.az\/wp-content\/uploads\/2024\/05\/c12e3b5e-dfea-3a31-99c3-daa13b1fdbe2_850-1-240x172.jpg",240,172,true],"advps-thumb-one":["https:\/\/arantv.az\/wp-content\/uploads\/2024\/05\/c12e3b5e-dfea-3a31-99c3-daa13b1fdbe2_850-1.jpg",620,413,false]},"rttpg_author":{"display_name":"V\u00fcsal Rafiqo\u011flu","author_link":"https:\/\/arantv.az\/?author=2"},"rttpg_comment":0,"rttpg_category":"<a href=\"https:\/\/arantv.az\/?cat=1\" rel=\"category\">C\u0259miyy\u0259t<\/a>","rttpg_excerpt":"\u201cBMT-nin \u0130qlim D\u0259yi\u015fikliyi \u00fczr\u0259 \u00c7\u0259r\u00e7iv\u0259 Konvensiyas\u0131n\u0131n T\u0259r\u0259fl\u0259r Konfrans\u0131n\u0131n m\u0259qs\u0259dl\u0259rind\u0259n biri g\u00f6zl\u0259nil\u0259n ssenaril\u0259r\u0259 qar\u015f\u0131 \u00f6lk\u0259l\u0259rin \u00f6hd\u0259likl\u0259rin\u0259 sadiqliyini t\u0259min etm\u0259kdir\u201d. \u201cReport\u201d x\u0259b\u0259r verir ki, bunu Ekologiya v\u0259 T\u0259bii S\u0259rv\u0259tl\u0259r Nazirliyinin Ekoloji siyas\u0259t \u015f\u00f6b\u0259sinin m\u00fcdiri Faiq M\u00fct\u0259llimov bu g\u00fcn Bak\u0131da \u201c\u0130ctimai prosesl\u0259r media m\u00fcst\u0259visind\u0259\u201d m\u00f6vzusunda ke\u00e7iril\u0259n Forumda \u201cYa\u015f\u0131l d\u00fcnya namin\u0259 h\u0259mr\u0259ylik ili\u201dnd\u0259 media g\u00fcnd\u0259mi adl\u0131 paneld\u0259 deyib. O&hellip;","_links":{"self":[{"href":"https:\/\/arantv.az\/index.php?rest_route=\/wp\/v2\/posts\/718308"}],"collection":[{"href":"https:\/\/arantv.az\/index.php?rest_route=\/wp\/v2\/posts"}],"about":[{"href":"https:\/\/arantv.az\/index.php?rest_route=\/wp\/v2\/types\/post"}],"author":[{"embeddable":true,"href":"https:\/\/arantv.az\/index.php?rest_route=\/wp\/v2\/users\/2"}],"replies":[{"embeddable":true,"href":"https:\/\/arantv.az\/index.php?rest_route=%2Fwp%2Fv2%2Fcomments&post=718308"}],"version-history":[{"count":0,"href":"https:\/\/arantv.az\/index.php?rest_route=\/wp\/v2\/posts\/718308\/revisions"}],"wp:featuredmedia":[{"embeddable":true,"href":"https:\/\/arantv.az\/index.php?rest_route=\/wp\/v2\/media\/718309"}],"wp:attachment":[{"href":"https:\/\/arantv.az\/index.php?rest_route=%2Fwp%2Fv2%2Fmedia&parent=718308"}],"wp:term":[{"taxonomy":"category","embeddable":true,"href":"https:\/\/arantv.az\/index.php?rest_route=%2Fwp%2Fv2%2Fcategories&post=718308"},{"taxonomy":"post_tag","embeddable":true,"href":"https:\/\/arantv.az\/index.php?rest_route=%2Fwp%2Fv2%2Ftags&post=718308"}],"curies":[{"name":"wp","href":"https:\/\/api.w.org\/{rel}","templated":true}]}}