{"id":718312,"date":"2024-05-03T18:33:09","date_gmt":"2024-05-03T14:33:09","guid":{"rendered":"https:\/\/arantv.az\/?p=718312"},"modified":"2024-05-03T18:33:09","modified_gmt":"2024-05-03T14:33:09","slug":"rusiyanin-berlind%c9%99ki-s%c9%99firliyinin-v%c9%99kili-almaniya-xin-%c9%99-cagirildi","status":"publish","type":"post","link":"https:\/\/arantv.az\/?p=718312","title":{"rendered":"Rusiyan\u0131n Berlind\u0259ki s\u0259firliyinin v\u0259kili Almaniya X\u0130N-\u0259 \u00e7a\u011f\u0131r\u0131ld\u0131"},"content":{"rendered":"<p>Rusiyan\u0131n Berlind\u0259ki s\u0259firliyinin m\u00fcv\u0259qq\u0259ti i\u015fl\u0259r v\u0259kili kiberh\u00fccumla \u0259laq\u0259dar Almaniya Xarici \u0130\u015fl\u0259r Nazirliyin\u0259 (X\u0130N) \u00e7a\u011f\u0131r\u0131l\u0131b.<\/p>\n<p>Bu bar\u0259d\u0259 Almaniya X\u0130N-in n\u00fcmay\u0259nd\u0259si Kristian Vaqner m\u0259lumat verib.<\/p>\n<p>Diplomat\u0131n s\u00f6zl\u0259rin\u0259 g\u00f6r\u0259, r\u0259smi Berlin Rusiyan\u0131 Almaniya Sosial Demokrat Partiyas\u0131 \u0130dar\u0259 Hey\u0259tin \u00fczvl\u0259rinin elektron po\u00e7tunun \u015fifr\u0259sini s\u0131nd\u0131rmaqda ittiham edib.<\/p>\n<p>Qeyd ed\u0259k ki, Rusiya t\u0259r\u0259fi haker h\u00fccumlar\u0131nda i\u015ftirakla ba\u011fl\u0131 ittihamlar\u0131 d\u0259f\u0259l\u0259rl\u0259 r\u0259dd edib. R\u0259smi Moskva iddia edir ki, Almaniya h\u00fcquq-m\u00fchafiz\u0259 orqanlar\u0131ndan kibercinay\u0259tkarlar\u0131n Moskva il\u0259 \u0259laq\u0259l\u0259ri haqq\u0131nda he\u00e7 bir s\u00fcbut t\u0259qdim etm\u0259yib.<\/p>\n<p>M\u0259nb\u0259: TASS<\/p>\n","protected":false},"excerpt":{"rendered":"<p>Rusiyan\u0131n Berlind\u0259ki s\u0259firliyinin m\u00fcv\u0259qq\u0259ti i\u015fl\u0259r v\u0259kili kiberh\u00fccumla \u0259laq\u0259dar Almaniya Xarici \u0130\u015fl\u0259r Nazirliyin\u0259 (X\u0130N) \u00e7a\u011f\u0131r\u0131l\u0131b. Bu bar\u0259d\u0259 Almaniya X\u0130N-in n\u00fcmay\u0259nd\u0259si Kristian Vaqner m\u0259lumat verib. Diplomat\u0131n s\u00f6zl\u0259rin\u0259 g\u00f6r\u0259, r\u0259smi Berlin Rusiyan\u0131 Almaniya Sosial Demokrat Partiyas\u0131 \u0130dar\u0259 Hey\u0259tin \u00fczvl\u0259rinin elektron po\u00e7tunun \u015fifr\u0259sini s\u0131nd\u0131rmaqda ittiham edib. Qeyd ed\u0259k ki, Rusiya t\u0259r\u0259fi haker h\u00fccumlar\u0131nda i\u015ftirakla ba\u011fl\u0131 ittihamlar\u0131 d\u0259f\u0259l\u0259rl\u0259 r\u0259dd edib. R\u0259smi Moskva iddia edir ki, Almaniya h\u00fcquq-m\u00fchafiz\u0259 orqanlar\u0131ndan kibercinay\u0259tkarlar\u0131n Moskva il\u0259 \u0259laq\u0259l\u0259ri haqq\u0131nda he\u00e7 bir s\u00fcbut t\u0259qdim etm\u0259yib. M\u0259nb\u0259: TASS<\/p>\n","protected":false},"author":2,"featured_media":718313,"comment_status":"closed","ping_status":"closed","sticky":false,"template":"","format":"standard","meta":{"om_disable_all_campaigns":false,"_monsterinsights_skip_tracking":false,"_monsterinsights_sitenote_active":false,"_monsterinsights_sitenote_note":"","_monsterinsights_sitenote_category":0},"categories":[7],"tags":[],"aioseo_notices":[],"gutentor_comment":0,"rttpg_featured_image_url":{"full":["https:\/\/arantv.az\/wp-content\/uploads\/2024\/05\/FotoJet-75.jpg",620,413,false],"landscape":["https:\/\/arantv.az\/wp-content\/uploads\/2024\/05\/FotoJet-75.jpg",620,413,false],"portraits":["https:\/\/arantv.az\/wp-content\/uploads\/2024\/05\/FotoJet-75.jpg",620,413,false],"thumbnail":["https:\/\/arantv.az\/wp-content\/uploads\/2024\/05\/FotoJet-75-500x280.jpg",500,280,true],"medium":["https:\/\/arantv.az\/wp-content\/uploads\/2024\/05\/FotoJet-75-548x365.jpg",548,365,true],"large":["https:\/\/arantv.az\/wp-content\/uploads\/2024\/05\/FotoJet-75.jpg",620,413,false],"1536x1536":["https:\/\/arantv.az\/wp-content\/uploads\/2024\/05\/FotoJet-75.jpg",620,413,false],"2048x2048":["https:\/\/arantv.az\/wp-content\/uploads\/2024\/05\/FotoJet-75.jpg",620,413,false],"post-thumbnail":["https:\/\/arantv.az\/wp-content\/uploads\/2024\/05\/FotoJet-75-240x172.jpg",240,172,true],"advps-thumb-one":["https:\/\/arantv.az\/wp-content\/uploads\/2024\/05\/FotoJet-75.jpg",620,413,false]},"rttpg_author":{"display_name":"V\u00fcsal Rafiqo\u011flu","author_link":"https:\/\/arantv.az\/?author=2"},"rttpg_comment":0,"rttpg_category":"<a href=\"https:\/\/arantv.az\/?cat=7\" rel=\"category\">D\u00fcnya<\/a>","rttpg_excerpt":"Rusiyan\u0131n Berlind\u0259ki s\u0259firliyinin m\u00fcv\u0259qq\u0259ti i\u015fl\u0259r v\u0259kili kiberh\u00fccumla \u0259laq\u0259dar Almaniya Xarici \u0130\u015fl\u0259r Nazirliyin\u0259 (X\u0130N) \u00e7a\u011f\u0131r\u0131l\u0131b. Bu bar\u0259d\u0259 Almaniya X\u0130N-in n\u00fcmay\u0259nd\u0259si Kristian Vaqner m\u0259lumat verib. Diplomat\u0131n s\u00f6zl\u0259rin\u0259 g\u00f6r\u0259, r\u0259smi Berlin Rusiyan\u0131 Almaniya Sosial Demokrat Partiyas\u0131 \u0130dar\u0259 Hey\u0259tin \u00fczvl\u0259rinin elektron po\u00e7tunun \u015fifr\u0259sini s\u0131nd\u0131rmaqda ittiham edib. Qeyd ed\u0259k ki, Rusiya t\u0259r\u0259fi haker h\u00fccumlar\u0131nda i\u015ftirakla ba\u011fl\u0131 ittihamlar\u0131 d\u0259f\u0259l\u0259rl\u0259 r\u0259dd edib.&hellip;","_links":{"self":[{"href":"https:\/\/arantv.az\/index.php?rest_route=\/wp\/v2\/posts\/718312"}],"collection":[{"href":"https:\/\/arantv.az\/index.php?rest_route=\/wp\/v2\/posts"}],"about":[{"href":"https:\/\/arantv.az\/index.php?rest_route=\/wp\/v2\/types\/post"}],"author":[{"embeddable":true,"href":"https:\/\/arantv.az\/index.php?rest_route=\/wp\/v2\/users\/2"}],"replies":[{"embeddable":true,"href":"https:\/\/arantv.az\/index.php?rest_route=%2Fwp%2Fv2%2Fcomments&post=718312"}],"version-history":[{"count":0,"href":"https:\/\/arantv.az\/index.php?rest_route=\/wp\/v2\/posts\/718312\/revisions"}],"wp:featuredmedia":[{"embeddable":true,"href":"https:\/\/arantv.az\/index.php?rest_route=\/wp\/v2\/media\/718313"}],"wp:attachment":[{"href":"https:\/\/arantv.az\/index.php?rest_route=%2Fwp%2Fv2%2Fmedia&parent=718312"}],"wp:term":[{"taxonomy":"category","embeddable":true,"href":"https:\/\/arantv.az\/index.php?rest_route=%2Fwp%2Fv2%2Fcategories&post=718312"},{"taxonomy":"post_tag","embeddable":true,"href":"https:\/\/arantv.az\/index.php?rest_route=%2Fwp%2Fv2%2Ftags&post=718312"}],"curies":[{"name":"wp","href":"https:\/\/api.w.org\/{rel}","templated":true}]}}