{"id":718317,"date":"2024-05-03T18:33:50","date_gmt":"2024-05-03T14:33:50","guid":{"rendered":"https:\/\/arantv.az\/?p=718317"},"modified":"2024-05-03T18:33:50","modified_gmt":"2024-05-03T14:33:50","slug":"s%c9%99rh%c9%99dcil%c9%99rimiz-3751-metr-hundurlukd%c9%99-foto-video","status":"publish","type":"post","link":"https:\/\/arantv.az\/?p=718317","title":{"rendered":"S\u0259rh\u0259d\u00e7il\u0259rimiz 3751 metr h\u00fcnd\u00fcrl\u00fckd\u0259 &#8211; FOTO\/V\u0130DEO"},"content":{"rendered":"<p>Ulu \u00f6nd\u0259r Heyd\u0259r \u018fliyevin anadan olmas\u0131n\u0131n 101-ci ild\u00f6n\u00fcm\u00fc \u0259r\u0259f\u0259sind\u0259\u00a0D\u00f6vl\u0259t S\u0259rh\u0259d Xidm\u0259tinin \u0259m\u0259kda\u015flar\u0131\u00a0Az\u0259rbaycan\u0131n memar\u0131 v\u0259 qurucusu, Milli S\u0259rh\u0259d Strategiyas\u0131n\u0131n banisi,\u00a0xalq\u0131m\u0131z\u0131n dahi o\u011flu v\u0259\u00a0\u00fcmummilli\u00a0lideri Heyd\u0259r \u018fliyevin\u00a0\u0259ziz xatir\u0259sin\u0259 s\u0259rh\u0259d\u00e7i ehtiram\u0131 olaraq\u00a0B\u00f6y\u00fck Qafqaz s\u0131ra da\u011flar\u0131n\u0131n Ba\u015fda\u011f silsil\u0259sinin Q\u0131z\u0131l Qaya massivind\u0259, d\u0259niz s\u0259viyy\u0259sind\u0259n 3751 metr h\u00fcnd\u00fcrl\u00fckd\u0259 yerl\u0259\u015f\u0259n\u00a0\u201cHeyd\u0259r zirv\u0259si\u201dn\u0259\u00a0n\u00f6vb\u0259ti\u00a0y\u00fcr\u00fc\u015f t\u0259\u015fkil\u00a0edibl\u0259r.<\/p>\n<p>S\u0259rh\u0259d Qo\u015funlar\u0131n\u0131n \u201cXudat\u201d s\u0259rh\u0259d d\u0259st\u0259sinin \u201cX\u0131nal\u0131q\u201d s\u0259rh\u0259d zastavas\u0131ndan h\u0259r\u0259k\u0259t\u0259 ba\u015flayan y\u00fcr\u00fc\u015f i\u015ftirak\u00e7\u0131lar\u0131\u00a0soyuq hava \u015f\u0259raitin\u0259,\u00a0m\u00fcr\u0259kk\u0259b relyef\u0259 malik da\u011fl\u0131q \u0259razini b\u00f6y\u00fck \u0259zmkarl\u0131qla\u00a0q\u0259t ed\u0259r\u0259k\u00a0\u201cHeyd\u0259r zirv\u0259si\u201dn\u0259 t\u0259yin olunmu\u015f\u00a0vaxtda \u00e7at\u0131blar.<\/p>\n<p>Zirv\u0259d\u0259\u00a0\u201cH\u0259yat\u0131 n\u0259sill\u0259r\u0259 n\u00fcmun\u0259 olan v\u0259 xalq\u0131n q\u0259lbind\u0259 \u0259b\u0259di ya\u015fayan \u00fcmummilli lider Heyd\u0259r \u018fliyev\u00a0&#8211; 101 il\u201d\u00a0s\u00f6zl\u0259ri yaz\u0131lm\u0131\u015f\u00a0plakat\u0131, ulu \u00f6nd\u0259rin foto\u015f\u0259kilini, \u015fanl\u0131 Z\u0259f\u0259r bayra\u011f\u0131m\u0131z\u0131 v\u0259\u00a0D\u00f6vl\u0259t S\u0259rh\u0259d Xidm\u0259tinin\u00a0emblemini ucaldaraq\u00a0D\u00f6vl\u0259t Himnini ifa edibl\u0259r.<\/p>\n<p>S\u0259rh\u0259d\u00e7il\u0259r t\u0259r\u0259find\u0259n qaya \u00fcz\u0259rind\u0259\u00a0\u201cAz\u0259rbaycan xalq\u0131n\u0131n \u00fcmummilli lideri\u00a0Heyd\u0259r \u018fliyev\u00a0&#8211; 101 il &#8211; 1923-2024\u201d\u00a0s\u00f6zl\u0259ri \u0259ks olunmu\u015f\u00a0xatir\u0259 l\u00f6vh\u0259si b\u0259rkidilib.<\/p>\n<div><iframe loading=\"lazy\" title=\"YouTube video player\" src=\"https:\/\/www.youtube.com\/embed\/MEP3dc6VTlI?si=_9s1P6q1-ssaYckl\" width=\"560\" height=\"315\" frameborder=\"0\" allowfullscreen=\"allowfullscreen\" data-mce-fragment=\"1\"><\/iframe><\/div>\n<p>&nbsp;<\/p>\n<p><img src=\"https:\/\/cdn.oxu.az\/uploads\/W1siZiIsIjIwMjQvMDUvMDMvMTYvMTIvMDMvOGIyNTdkZWQtNjAzNi00ZDlhLTljZTUtZmI2Zjc5ZDExMTQ5LzEyMzQuanBnIl0sWyJwIiwiZW5jb2RlIiwianBnIiwiLXF1YWxpdHkgODAiXSxbInAiLCJ0aHVtYiIsIjU5MHg1OTBcdTAwM2UiXV0?sha=dc7d6448e203d3e3\" alt=\"\" \/><\/p>\n<p><img src=\"https:\/\/cdn.oxu.az\/uploads\/W1siZiIsIjIwMjQvMDUvMDMvMTYvMTIvMTAvNzEyYmVlNTItZDcxZS00ODc4LWIxNGEtZDU4MDhhNDRiMWI3LzEyMzUuanBnIl0sWyJwIiwiZW5jb2RlIiwianBnIiwiLXF1YWxpdHkgODAiXSxbInAiLCJ0aHVtYiIsIjU5MHg1OTBcdTAwM2UiXV0?sha=447c505338353135\" alt=\"\" \/><\/p>\n<p><img src=\"https:\/\/cdn.oxu.az\/uploads\/W1siZiIsIjIwMjQvMDUvMDMvMTYvMTIvMTgvNTVhZTYyN2UtZDFiYi00N2IwLTgxMmEtZjkwYjg5NzUwNWYzLzdfZDRlNWZiN2MwMDYxMmNmY2Y0ZTFkOGQ4ZWUxNTNiM2MgKDEpLmpwZyJdLFsicCIsImVuY29kZSIsImpwZyIsIi1xdWFsaXR5IDgwIl0sWyJwIiwidGh1bWIiLCI1OTB4NTkwXHUwMDNlIl1d?sha=b0daa9d6bfea48a0\" alt=\"\" \/><\/p>\n","protected":false},"excerpt":{"rendered":"<p>Ulu \u00f6nd\u0259r Heyd\u0259r \u018fliyevin anadan olmas\u0131n\u0131n 101-ci ild\u00f6n\u00fcm\u00fc \u0259r\u0259f\u0259sind\u0259\u00a0D\u00f6vl\u0259t S\u0259rh\u0259d Xidm\u0259tinin \u0259m\u0259kda\u015flar\u0131\u00a0Az\u0259rbaycan\u0131n memar\u0131 v\u0259 qurucusu, Milli S\u0259rh\u0259d Strategiyas\u0131n\u0131n banisi,\u00a0xalq\u0131m\u0131z\u0131n dahi o\u011flu v\u0259\u00a0\u00fcmummilli\u00a0lideri Heyd\u0259r \u018fliyevin\u00a0\u0259ziz xatir\u0259sin\u0259 s\u0259rh\u0259d\u00e7i ehtiram\u0131 olaraq\u00a0B\u00f6y\u00fck Qafqaz s\u0131ra da\u011flar\u0131n\u0131n Ba\u015fda\u011f silsil\u0259sinin Q\u0131z\u0131l Qaya massivind\u0259, d\u0259niz s\u0259viyy\u0259sind\u0259n 3751 metr h\u00fcnd\u00fcrl\u00fckd\u0259 yerl\u0259\u015f\u0259n\u00a0\u201cHeyd\u0259r zirv\u0259si\u201dn\u0259\u00a0n\u00f6vb\u0259ti\u00a0y\u00fcr\u00fc\u015f t\u0259\u015fkil\u00a0edibl\u0259r. S\u0259rh\u0259d Qo\u015funlar\u0131n\u0131n \u201cXudat\u201d s\u0259rh\u0259d d\u0259st\u0259sinin \u201cX\u0131nal\u0131q\u201d s\u0259rh\u0259d zastavas\u0131ndan h\u0259r\u0259k\u0259t\u0259 ba\u015flayan y\u00fcr\u00fc\u015f i\u015ftirak\u00e7\u0131lar\u0131\u00a0soyuq hava \u015f\u0259raitin\u0259,\u00a0m\u00fcr\u0259kk\u0259b relyef\u0259 malik da\u011fl\u0131q \u0259razini b\u00f6y\u00fck \u0259zmkarl\u0131qla\u00a0q\u0259t ed\u0259r\u0259k\u00a0\u201cHeyd\u0259r zirv\u0259si\u201dn\u0259 t\u0259yin olunmu\u015f\u00a0vaxtda \u00e7at\u0131blar. Zirv\u0259d\u0259\u00a0\u201cH\u0259yat\u0131 n\u0259sill\u0259r\u0259 n\u00fcmun\u0259 olan v\u0259 xalq\u0131n q\u0259lbind\u0259 \u0259b\u0259di ya\u015fayan \u00fcmummilli lider Heyd\u0259r \u018fliyev\u00a0&#8211; 101 il\u201d\u00a0s\u00f6zl\u0259ri yaz\u0131lm\u0131\u015f\u00a0plakat\u0131, ulu \u00f6nd\u0259rin foto\u015f\u0259kilini, \u015fanl\u0131 Z\u0259f\u0259r&hellip;<\/p>\n","protected":false},"author":2,"featured_media":718318,"comment_status":"closed","ping_status":"closed","sticky":false,"template":"","format":"standard","meta":{"om_disable_all_campaigns":false,"_monsterinsights_skip_tracking":false,"_monsterinsights_sitenote_active":false,"_monsterinsights_sitenote_note":"","_monsterinsights_sitenote_category":0},"categories":[10],"tags":[],"aioseo_notices":[],"gutentor_comment":0,"rttpg_featured_image_url":{"full":["https:\/\/arantv.az\/wp-content\/uploads\/2024\/05\/FotoJet-76-1.jpg",620,413,false],"landscape":["https:\/\/arantv.az\/wp-content\/uploads\/2024\/05\/FotoJet-76-1.jpg",620,413,false],"portraits":["https:\/\/arantv.az\/wp-content\/uploads\/2024\/05\/FotoJet-76-1.jpg",620,413,false],"thumbnail":["https:\/\/arantv.az\/wp-content\/uploads\/2024\/05\/FotoJet-76-1-500x280.jpg",500,280,true],"medium":["https:\/\/arantv.az\/wp-content\/uploads\/2024\/05\/FotoJet-76-1-548x365.jpg",548,365,true],"large":["https:\/\/arantv.az\/wp-content\/uploads\/2024\/05\/FotoJet-76-1.jpg",620,413,false],"1536x1536":["https:\/\/arantv.az\/wp-content\/uploads\/2024\/05\/FotoJet-76-1.jpg",620,413,false],"2048x2048":["https:\/\/arantv.az\/wp-content\/uploads\/2024\/05\/FotoJet-76-1.jpg",620,413,false],"post-thumbnail":["https:\/\/arantv.az\/wp-content\/uploads\/2024\/05\/FotoJet-76-1-240x172.jpg",240,172,true],"advps-thumb-one":["https:\/\/arantv.az\/wp-content\/uploads\/2024\/05\/FotoJet-76-1.jpg",620,413,false]},"rttpg_author":{"display_name":"V\u00fcsal Rafiqo\u011flu","author_link":"https:\/\/arantv.az\/?author=2"},"rttpg_comment":0,"rttpg_category":"<a href=\"https:\/\/arantv.az\/?cat=10\" rel=\"category\">C\u0259bh\u0259d\u0259n X\u0259b\u0259r<\/a>","rttpg_excerpt":"Ulu \u00f6nd\u0259r Heyd\u0259r \u018fliyevin anadan olmas\u0131n\u0131n 101-ci ild\u00f6n\u00fcm\u00fc \u0259r\u0259f\u0259sind\u0259\u00a0D\u00f6vl\u0259t S\u0259rh\u0259d Xidm\u0259tinin \u0259m\u0259kda\u015flar\u0131\u00a0Az\u0259rbaycan\u0131n memar\u0131 v\u0259 qurucusu, Milli S\u0259rh\u0259d Strategiyas\u0131n\u0131n banisi,\u00a0xalq\u0131m\u0131z\u0131n dahi o\u011flu v\u0259\u00a0\u00fcmummilli\u00a0lideri Heyd\u0259r \u018fliyevin\u00a0\u0259ziz xatir\u0259sin\u0259 s\u0259rh\u0259d\u00e7i ehtiram\u0131 olaraq\u00a0B\u00f6y\u00fck Qafqaz s\u0131ra da\u011flar\u0131n\u0131n Ba\u015fda\u011f silsil\u0259sinin Q\u0131z\u0131l Qaya massivind\u0259, d\u0259niz s\u0259viyy\u0259sind\u0259n 3751 metr h\u00fcnd\u00fcrl\u00fckd\u0259 yerl\u0259\u015f\u0259n\u00a0\u201cHeyd\u0259r zirv\u0259si\u201dn\u0259\u00a0n\u00f6vb\u0259ti\u00a0y\u00fcr\u00fc\u015f t\u0259\u015fkil\u00a0edibl\u0259r. S\u0259rh\u0259d Qo\u015funlar\u0131n\u0131n \u201cXudat\u201d s\u0259rh\u0259d d\u0259st\u0259sinin \u201cX\u0131nal\u0131q\u201d s\u0259rh\u0259d zastavas\u0131ndan h\u0259r\u0259k\u0259t\u0259 ba\u015flayan y\u00fcr\u00fc\u015f&hellip;","_links":{"self":[{"href":"https:\/\/arantv.az\/index.php?rest_route=\/wp\/v2\/posts\/718317"}],"collection":[{"href":"https:\/\/arantv.az\/index.php?rest_route=\/wp\/v2\/posts"}],"about":[{"href":"https:\/\/arantv.az\/index.php?rest_route=\/wp\/v2\/types\/post"}],"author":[{"embeddable":true,"href":"https:\/\/arantv.az\/index.php?rest_route=\/wp\/v2\/users\/2"}],"replies":[{"embeddable":true,"href":"https:\/\/arantv.az\/index.php?rest_route=%2Fwp%2Fv2%2Fcomments&post=718317"}],"version-history":[{"count":0,"href":"https:\/\/arantv.az\/index.php?rest_route=\/wp\/v2\/posts\/718317\/revisions"}],"wp:featuredmedia":[{"embeddable":true,"href":"https:\/\/arantv.az\/index.php?rest_route=\/wp\/v2\/media\/718318"}],"wp:attachment":[{"href":"https:\/\/arantv.az\/index.php?rest_route=%2Fwp%2Fv2%2Fmedia&parent=718317"}],"wp:term":[{"taxonomy":"category","embeddable":true,"href":"https:\/\/arantv.az\/index.php?rest_route=%2Fwp%2Fv2%2Fcategories&post=718317"},{"taxonomy":"post_tag","embeddable":true,"href":"https:\/\/arantv.az\/index.php?rest_route=%2Fwp%2Fv2%2Ftags&post=718317"}],"curies":[{"name":"wp","href":"https:\/\/api.w.org\/{rel}","templated":true}]}}