{"id":718323,"date":"2024-05-03T18:35:27","date_gmt":"2024-05-03T14:35:27","guid":{"rendered":"https:\/\/arantv.az\/?p=718323"},"modified":"2024-05-03T18:35:27","modified_gmt":"2024-05-03T14:35:27","slug":"ilham-%c9%99liyevd%c9%99n-ortamudd%c9%99tli-x%c9%99rcl%c9%99rl%c9%99-bagli-f%c9%99rman","status":"publish","type":"post","link":"https:\/\/arantv.az\/?p=718323","title":{"rendered":"\u0130lham \u018fliyevd\u0259n ortam\u00fcdd\u0259tli x\u0259rcl\u0259rl\u0259 ba\u011fl\u0131 F\u018fRMAN"},"content":{"rendered":"<p>Prezident\u00a0<strong>\u0130lham \u018fliyev<\/strong>\u00a0ortam\u00fcdd\u0259tli x\u0259rcl\u0259r \u00e7\u0259r\u00e7iv\u0259sinin t\u0259tbiqi, proqram v\u0259 n\u0259tic\u0259\u0259sasl\u0131 b\u00fcdc\u0259 mexanizmin\u0259 ke\u00e7id islahatlar\u0131n\u0131n geni\u015fl\u0259ndirilm\u0259si v\u0259 bundan ir\u0259li g\u0259l\u0259n b\u0259zi m\u0259s\u0259l\u0259l\u0259rin t\u0259nziml\u0259nm\u0259si haqq\u0131nda F\u0259rman imzalay\u0131b.<\/p>\n<p>Bununla ba\u011fl\u0131\u00a0<a href=\"https:\/\/president.az\/az\/articles\/view\/65723\" target=\"_blank\" rel=\"noopener\"><strong>President.az<\/strong><\/a>\u00a0m\u0259lumat yay\u0131b.<\/p>\n<p>F\u0259rmana \u0259sas\u0259n, d\u00f6vl\u0259t b\u00fcdc\u0259si x\u0259rcl\u0259rinin funksional t\u0259snifat\u0131n\u0131n \u201cT\u0259hsil\u201d, \u201cK\u0259nd t\u0259s\u0259rr\u00fcfat\u0131\u201d v\u0259 \u201c\u018ftraf m\u00fchitin m\u00fchafiz\u0259si\u201d b\u00f6lm\u0259l\u0259rin\u0259 daxil olan sektorlar \u00fczr\u0259 strateji planlar\u0131n, habel\u0259 bu planlar \u0259sas\u0131nda h\u0259min sektorlar\u0131n ortam\u00fcdd\u0259tli (n\u00f6vb\u0259ti il v\u0259 sonrak\u0131 \u00fc\u00e7 il \u00fc\u00e7\u00fcn) x\u0259rcl\u0259r \u00e7\u0259r\u00e7iv\u0259sinin Az\u0259rbaycan Respublikas\u0131 Prezidentinin 2018-ci il 24 avqust tarixli 235 n\u00f6mr\u0259li F\u0259rman\u0131 il\u0259 t\u0259sdiq edilmi\u015f \u201cOrtam\u00fcdd\u0259tli x\u0259rcl\u0259r \u00e7\u0259r\u00e7iv\u0259sinin haz\u0131rlanmas\u0131 Qaydas\u0131\u201dna uy\u011fun olaraq haz\u0131rlanmas\u0131 v\u0259 aidiyy\u0259ti \u00fczr\u0259 t\u0259qdim olunmas\u0131 i\u015fi davam etdirilm\u0259lidir.<\/p>\n<p>N\u00f6vb\u0259ti ortam\u00fcdd\u0259tli d\u00f6vr (2025 -2028-ci ill\u0259r) \u0259rzind\u0259 d\u00f6vl\u0259t b\u00fcdc\u0259si x\u0259rcl\u0259rinin funksional t\u0259snifat\u0131n\u0131n \u201cS\u0259hiyy\u0259\u201d, \u201cSosial m\u00fcdafi\u0259 v\u0259 sosial t\u0259minat\u201d, \u201cM\u0259d\u0259niyy\u0259t, inc\u0259s\u0259n\u0259t, informasiya, b\u0259d\u0259n t\u0259rbiy\u0259si, g\u0259ncl\u0259r siyas\u0259ti v\u0259 bu q\u0259bild\u0259n olan dig\u0259r f\u0259aliyy\u0259t\u201d b\u00f6lm\u0259l\u0259rin\u0259 daxil olan sektorlar ortam\u00fcdd\u0259tli x\u0259rcl\u0259r \u00e7\u0259r\u00e7iv\u0259sinin t\u0259tbiqi, proqram v\u0259 n\u0259tic\u0259\u0259sasl\u0131 b\u00fcdc\u0259 mexanizmin\u0259 ke\u00e7id islahatlar\u0131na c\u0259lb edilm\u0259lidirl\u0259r.<\/p>\n","protected":false},"excerpt":{"rendered":"<p>Prezident\u00a0\u0130lham \u018fliyev\u00a0ortam\u00fcdd\u0259tli x\u0259rcl\u0259r \u00e7\u0259r\u00e7iv\u0259sinin t\u0259tbiqi, proqram v\u0259 n\u0259tic\u0259\u0259sasl\u0131 b\u00fcdc\u0259 mexanizmin\u0259 ke\u00e7id islahatlar\u0131n\u0131n geni\u015fl\u0259ndirilm\u0259si v\u0259 bundan ir\u0259li g\u0259l\u0259n b\u0259zi m\u0259s\u0259l\u0259l\u0259rin t\u0259nziml\u0259nm\u0259si haqq\u0131nda F\u0259rman imzalay\u0131b. Bununla ba\u011fl\u0131\u00a0President.az\u00a0m\u0259lumat yay\u0131b. F\u0259rmana \u0259sas\u0259n, d\u00f6vl\u0259t b\u00fcdc\u0259si x\u0259rcl\u0259rinin funksional t\u0259snifat\u0131n\u0131n \u201cT\u0259hsil\u201d, \u201cK\u0259nd t\u0259s\u0259rr\u00fcfat\u0131\u201d v\u0259 \u201c\u018ftraf m\u00fchitin m\u00fchafiz\u0259si\u201d b\u00f6lm\u0259l\u0259rin\u0259 daxil olan sektorlar \u00fczr\u0259 strateji planlar\u0131n, habel\u0259 bu planlar \u0259sas\u0131nda h\u0259min sektorlar\u0131n ortam\u00fcdd\u0259tli (n\u00f6vb\u0259ti il v\u0259 sonrak\u0131 \u00fc\u00e7 il \u00fc\u00e7\u00fcn) x\u0259rcl\u0259r \u00e7\u0259r\u00e7iv\u0259sinin Az\u0259rbaycan Respublikas\u0131 Prezidentinin 2018-ci il 24 avqust tarixli 235 n\u00f6mr\u0259li F\u0259rman\u0131 il\u0259 t\u0259sdiq edilmi\u015f \u201cOrtam\u00fcdd\u0259tli x\u0259rcl\u0259r \u00e7\u0259r\u00e7iv\u0259sinin haz\u0131rlanmas\u0131 Qaydas\u0131\u201dna uy\u011fun olaraq haz\u0131rlanmas\u0131 v\u0259 aidiyy\u0259ti \u00fczr\u0259 t\u0259qdim olunmas\u0131&hellip;<\/p>\n","protected":false},"author":2,"featured_media":718324,"comment_status":"closed","ping_status":"closed","sticky":false,"template":"","format":"standard","meta":{"om_disable_all_campaigns":false,"_monsterinsights_skip_tracking":false,"_monsterinsights_sitenote_active":false,"_monsterinsights_sitenote_note":"","_monsterinsights_sitenote_category":0},"categories":[4],"tags":[],"aioseo_notices":[],"gutentor_comment":0,"rttpg_featured_image_url":{"full":["https:\/\/arantv.az\/wp-content\/uploads\/2024\/05\/ferman-1.jpg",620,413,false],"landscape":["https:\/\/arantv.az\/wp-content\/uploads\/2024\/05\/ferman-1.jpg",620,413,false],"portraits":["https:\/\/arantv.az\/wp-content\/uploads\/2024\/05\/ferman-1.jpg",620,413,false],"thumbnail":["https:\/\/arantv.az\/wp-content\/uploads\/2024\/05\/ferman-1-500x280.jpg",500,280,true],"medium":["https:\/\/arantv.az\/wp-content\/uploads\/2024\/05\/ferman-1-548x365.jpg",548,365,true],"large":["https:\/\/arantv.az\/wp-content\/uploads\/2024\/05\/ferman-1.jpg",620,413,false],"1536x1536":["https:\/\/arantv.az\/wp-content\/uploads\/2024\/05\/ferman-1.jpg",620,413,false],"2048x2048":["https:\/\/arantv.az\/wp-content\/uploads\/2024\/05\/ferman-1.jpg",620,413,false],"post-thumbnail":["https:\/\/arantv.az\/wp-content\/uploads\/2024\/05\/ferman-1-240x172.jpg",240,172,true],"advps-thumb-one":["https:\/\/arantv.az\/wp-content\/uploads\/2024\/05\/ferman-1.jpg",620,413,false]},"rttpg_author":{"display_name":"V\u00fcsal Rafiqo\u011flu","author_link":"https:\/\/arantv.az\/?author=2"},"rttpg_comment":0,"rttpg_category":"<a href=\"https:\/\/arantv.az\/?cat=4\" rel=\"category\">Siyas\u0259t<\/a>","rttpg_excerpt":"Prezident\u00a0\u0130lham \u018fliyev\u00a0ortam\u00fcdd\u0259tli x\u0259rcl\u0259r \u00e7\u0259r\u00e7iv\u0259sinin t\u0259tbiqi, proqram v\u0259 n\u0259tic\u0259\u0259sasl\u0131 b\u00fcdc\u0259 mexanizmin\u0259 ke\u00e7id islahatlar\u0131n\u0131n geni\u015fl\u0259ndirilm\u0259si v\u0259 bundan ir\u0259li g\u0259l\u0259n b\u0259zi m\u0259s\u0259l\u0259l\u0259rin t\u0259nziml\u0259nm\u0259si haqq\u0131nda F\u0259rman imzalay\u0131b. Bununla ba\u011fl\u0131\u00a0President.az\u00a0m\u0259lumat yay\u0131b. F\u0259rmana \u0259sas\u0259n, d\u00f6vl\u0259t b\u00fcdc\u0259si x\u0259rcl\u0259rinin funksional t\u0259snifat\u0131n\u0131n \u201cT\u0259hsil\u201d, \u201cK\u0259nd t\u0259s\u0259rr\u00fcfat\u0131\u201d v\u0259 \u201c\u018ftraf m\u00fchitin m\u00fchafiz\u0259si\u201d b\u00f6lm\u0259l\u0259rin\u0259 daxil olan sektorlar \u00fczr\u0259 strateji planlar\u0131n, habel\u0259 bu planlar \u0259sas\u0131nda h\u0259min sektorlar\u0131n ortam\u00fcdd\u0259tli (n\u00f6vb\u0259ti&hellip;","_links":{"self":[{"href":"https:\/\/arantv.az\/index.php?rest_route=\/wp\/v2\/posts\/718323"}],"collection":[{"href":"https:\/\/arantv.az\/index.php?rest_route=\/wp\/v2\/posts"}],"about":[{"href":"https:\/\/arantv.az\/index.php?rest_route=\/wp\/v2\/types\/post"}],"author":[{"embeddable":true,"href":"https:\/\/arantv.az\/index.php?rest_route=\/wp\/v2\/users\/2"}],"replies":[{"embeddable":true,"href":"https:\/\/arantv.az\/index.php?rest_route=%2Fwp%2Fv2%2Fcomments&post=718323"}],"version-history":[{"count":0,"href":"https:\/\/arantv.az\/index.php?rest_route=\/wp\/v2\/posts\/718323\/revisions"}],"wp:featuredmedia":[{"embeddable":true,"href":"https:\/\/arantv.az\/index.php?rest_route=\/wp\/v2\/media\/718324"}],"wp:attachment":[{"href":"https:\/\/arantv.az\/index.php?rest_route=%2Fwp%2Fv2%2Fmedia&parent=718323"}],"wp:term":[{"taxonomy":"category","embeddable":true,"href":"https:\/\/arantv.az\/index.php?rest_route=%2Fwp%2Fv2%2Fcategories&post=718323"},{"taxonomy":"post_tag","embeddable":true,"href":"https:\/\/arantv.az\/index.php?rest_route=%2Fwp%2Fv2%2Ftags&post=718323"}],"curies":[{"name":"wp","href":"https:\/\/api.w.org\/{rel}","templated":true}]}}