{"id":718326,"date":"2024-05-03T18:36:17","date_gmt":"2024-05-03T14:36:17","guid":{"rendered":"https:\/\/arantv.az\/?p=718326"},"modified":"2024-05-03T18:36:17","modified_gmt":"2024-05-03T14:36:17","slug":"az%c9%99rbaycanda-b%c9%99zi-kateqoriyadan-olan-qadinlar-daha-tez-pensiyaya-cixa-bil%c9%99c%c9%99kl%c9%99r-r%c9%99smi","status":"publish","type":"post","link":"https:\/\/arantv.az\/?p=718326","title":{"rendered":"Az\u0259rbaycanda b\u0259zi kateqoriyadan olan qad\u0131nlar daha tez pensiyaya \u00e7\u0131xa bil\u0259c\u0259kl\u0259r &#8211; R\u018fSM\u0130"},"content":{"rendered":"<p>\u201c\u018fm\u0259k pensiyalar\u0131 haqq\u0131nda\u201d Az\u0259rbaycan Respublikas\u0131n\u0131n Qanununda d\u0259yi\u015fiklik edilib.<\/p>\n<p><a href=\"https:\/\/president.az\/az\/articles\/view\/65721\" target=\"_blank\" rel=\"noopener\"><strong>President.az<\/strong><\/a>\u00a0x\u0259b\u0259r verir ki, bununla ba\u011fl\u0131 Prezident\u00a0<strong>\u0130lham \u018fliyev<\/strong>\u00a0m\u00fcvafiq qanunu imzalay\u0131b.<\/p>\n<p>D\u0259yi\u015fikliy\u0259 \u0259sas\u0259n, yaln\u0131z valideynl\u0259rini itirmi\u015f v\u0259 ya valideyn himay\u0259sind\u0259n m\u0259hrum olmu\u015f u\u015fa\u011f\u0131 \u00f6vladl\u0131\u011fa g\u00f6t\u00fcr\u00fcb s\u0259kkiz ya\u015f\u0131nad\u0259k t\u0259rbiy\u0259 ed\u0259n h\u0259min kateqoriyadan olan qad\u0131nlar\u0131n, el\u0259c\u0259 d\u0259 \u0259lilliyi m\u00fc\u0259yy\u0259n edilmi\u015f u\u015fa\u011f\u0131 olan \u015f\u0259xsl\u0259r erk\u0259n pensiyaya \u00e7\u0131xacaq.<\/p>\n","protected":false},"excerpt":{"rendered":"<p>\u201c\u018fm\u0259k pensiyalar\u0131 haqq\u0131nda\u201d Az\u0259rbaycan Respublikas\u0131n\u0131n Qanununda d\u0259yi\u015fiklik edilib. President.az\u00a0x\u0259b\u0259r verir ki, bununla ba\u011fl\u0131 Prezident\u00a0\u0130lham \u018fliyev\u00a0m\u00fcvafiq qanunu imzalay\u0131b. D\u0259yi\u015fikliy\u0259 \u0259sas\u0259n, yaln\u0131z valideynl\u0259rini itirmi\u015f v\u0259 ya valideyn himay\u0259sind\u0259n m\u0259hrum olmu\u015f u\u015fa\u011f\u0131 \u00f6vladl\u0131\u011fa g\u00f6t\u00fcr\u00fcb s\u0259kkiz ya\u015f\u0131nad\u0259k t\u0259rbiy\u0259 ed\u0259n h\u0259min kateqoriyadan olan qad\u0131nlar\u0131n, el\u0259c\u0259 d\u0259 \u0259lilliyi m\u00fc\u0259yy\u0259n edilmi\u015f u\u015fa\u011f\u0131 olan \u015f\u0259xsl\u0259r erk\u0259n pensiyaya \u00e7\u0131xacaq.<\/p>\n","protected":false},"author":2,"featured_media":718327,"comment_status":"closed","ping_status":"closed","sticky":false,"template":"","format":"standard","meta":{"om_disable_all_campaigns":false,"_monsterinsights_skip_tracking":false,"_monsterinsights_sitenote_active":false,"_monsterinsights_sitenote_note":"","_monsterinsights_sitenote_category":0},"categories":[4],"tags":[],"aioseo_notices":[],"gutentor_comment":0,"rttpg_featured_image_url":{"full":["https:\/\/arantv.az\/wp-content\/uploads\/2024\/05\/82d96b3307d0a6c166b1817b5185c4fc_6002-1.jpg",620,413,false],"landscape":["https:\/\/arantv.az\/wp-content\/uploads\/2024\/05\/82d96b3307d0a6c166b1817b5185c4fc_6002-1.jpg",620,413,false],"portraits":["https:\/\/arantv.az\/wp-content\/uploads\/2024\/05\/82d96b3307d0a6c166b1817b5185c4fc_6002-1.jpg",620,413,false],"thumbnail":["https:\/\/arantv.az\/wp-content\/uploads\/2024\/05\/82d96b3307d0a6c166b1817b5185c4fc_6002-1-500x280.jpg",500,280,true],"medium":["https:\/\/arantv.az\/wp-content\/uploads\/2024\/05\/82d96b3307d0a6c166b1817b5185c4fc_6002-1-548x365.jpg",548,365,true],"large":["https:\/\/arantv.az\/wp-content\/uploads\/2024\/05\/82d96b3307d0a6c166b1817b5185c4fc_6002-1.jpg",620,413,false],"1536x1536":["https:\/\/arantv.az\/wp-content\/uploads\/2024\/05\/82d96b3307d0a6c166b1817b5185c4fc_6002-1.jpg",620,413,false],"2048x2048":["https:\/\/arantv.az\/wp-content\/uploads\/2024\/05\/82d96b3307d0a6c166b1817b5185c4fc_6002-1.jpg",620,413,false],"post-thumbnail":["https:\/\/arantv.az\/wp-content\/uploads\/2024\/05\/82d96b3307d0a6c166b1817b5185c4fc_6002-1-240x172.jpg",240,172,true],"advps-thumb-one":["https:\/\/arantv.az\/wp-content\/uploads\/2024\/05\/82d96b3307d0a6c166b1817b5185c4fc_6002-1.jpg",620,413,false]},"rttpg_author":{"display_name":"V\u00fcsal Rafiqo\u011flu","author_link":"https:\/\/arantv.az\/?author=2"},"rttpg_comment":0,"rttpg_category":"<a href=\"https:\/\/arantv.az\/?cat=4\" rel=\"category\">Siyas\u0259t<\/a>","rttpg_excerpt":"\u201c\u018fm\u0259k pensiyalar\u0131 haqq\u0131nda\u201d Az\u0259rbaycan Respublikas\u0131n\u0131n Qanununda d\u0259yi\u015fiklik edilib. President.az\u00a0x\u0259b\u0259r verir ki, bununla ba\u011fl\u0131 Prezident\u00a0\u0130lham \u018fliyev\u00a0m\u00fcvafiq qanunu imzalay\u0131b. D\u0259yi\u015fikliy\u0259 \u0259sas\u0259n, yaln\u0131z valideynl\u0259rini itirmi\u015f v\u0259 ya valideyn himay\u0259sind\u0259n m\u0259hrum olmu\u015f u\u015fa\u011f\u0131 \u00f6vladl\u0131\u011fa g\u00f6t\u00fcr\u00fcb s\u0259kkiz ya\u015f\u0131nad\u0259k t\u0259rbiy\u0259 ed\u0259n h\u0259min kateqoriyadan olan qad\u0131nlar\u0131n, el\u0259c\u0259 d\u0259 \u0259lilliyi m\u00fc\u0259yy\u0259n edilmi\u015f u\u015fa\u011f\u0131 olan \u015f\u0259xsl\u0259r erk\u0259n pensiyaya \u00e7\u0131xacaq.","_links":{"self":[{"href":"https:\/\/arantv.az\/index.php?rest_route=\/wp\/v2\/posts\/718326"}],"collection":[{"href":"https:\/\/arantv.az\/index.php?rest_route=\/wp\/v2\/posts"}],"about":[{"href":"https:\/\/arantv.az\/index.php?rest_route=\/wp\/v2\/types\/post"}],"author":[{"embeddable":true,"href":"https:\/\/arantv.az\/index.php?rest_route=\/wp\/v2\/users\/2"}],"replies":[{"embeddable":true,"href":"https:\/\/arantv.az\/index.php?rest_route=%2Fwp%2Fv2%2Fcomments&post=718326"}],"version-history":[{"count":0,"href":"https:\/\/arantv.az\/index.php?rest_route=\/wp\/v2\/posts\/718326\/revisions"}],"wp:featuredmedia":[{"embeddable":true,"href":"https:\/\/arantv.az\/index.php?rest_route=\/wp\/v2\/media\/718327"}],"wp:attachment":[{"href":"https:\/\/arantv.az\/index.php?rest_route=%2Fwp%2Fv2%2Fmedia&parent=718326"}],"wp:term":[{"taxonomy":"category","embeddable":true,"href":"https:\/\/arantv.az\/index.php?rest_route=%2Fwp%2Fv2%2Fcategories&post=718326"},{"taxonomy":"post_tag","embeddable":true,"href":"https:\/\/arantv.az\/index.php?rest_route=%2Fwp%2Fv2%2Ftags&post=718326"}],"curies":[{"name":"wp","href":"https:\/\/api.w.org\/{rel}","templated":true}]}}