{"id":718330,"date":"2024-05-03T18:37:01","date_gmt":"2024-05-03T14:37:01","guid":{"rendered":"https:\/\/arantv.az\/?p=718330"},"modified":"2024-05-03T18:37:01","modified_gmt":"2024-05-03T14:37:01","slug":"agentlik-s%c9%99drind%c9%99n-%c9%99cn%c9%99bi-jurnalistl%c9%99r%c9%99-cagiris","status":"publish","type":"post","link":"https:\/\/arantv.az\/?p=718330","title":{"rendered":"Agentlik s\u0259drind\u0259n \u0259cn\u0259bi jurnalistl\u0259r\u0259 \u00c7A\u011eIRI\u015e"},"content":{"rendered":"<p>\u201c\u0130qlim d\u0259yi\u015fikliyi, ya\u015f\u0131l enerjiy\u0259 ke\u00e7id, \u0259traf m\u00fchitin m\u00fchafiz\u0259si v\u0259 b\u0259rpa olunan enerji m\u0259nb\u0259l\u0259ri son vaxtlar \u0259n \u00e7ox m\u00fczakir\u0259 olunan m\u00f6vzular aras\u0131ndad\u0131r. Biz g\u00f6r\u00fcr\u00fck ki, d\u00fcnya medias\u0131 g\u00f6st\u0259ril\u0259n m\u0259s\u0259l\u0259l\u0259r\u0259 nec\u0259 b\u00f6y\u00fck diqq\u0259t yetirir, m\u0259tbuatda bu m\u00f6vzunun i\u015f\u0131qland\u0131r\u0131lmas\u0131 il\u0259 ba\u011fl\u0131 m\u00fczakir\u0259l\u0259r apar\u0131l\u0131r\u201d.<\/p>\n<p>AZ\u018fRTAC x\u0259b\u0259r verir ki, bu bar\u0259d\u0259 Az\u0259rbaycan D\u00f6vl\u0259t \u0130nformasiya Agentliyi (AZ\u018fRTAC) \u0130dar\u0259 Hey\u0259tinin s\u0259dri V\u00fcqar \u018fliyev may\u0131n 3-d\u0259 ke\u00e7iril\u0259n MDB D\u00f6vl\u0259t \u0130nformasiya Agentlikl\u0259ri R\u0259hb\u0259rl\u0259ri \u015euras\u0131n\u0131n (\u0130nformasiya \u015euras\u0131) XXXI iclas\u0131nda bildirib.<\/p>\n<p>Az\u0259rbaycan Prezidenti\u00a0<strong>\u0130lham \u018fliyevin<\/strong>\u00a0cari ili \u00f6lk\u0259mizd\u0259 \u201cYa\u015f\u0131l d\u00fcnya namin\u0259 h\u0259mr\u0259ylik ili\u201d elan etdiyini xat\u0131rladan \u0130dar\u0259 Hey\u0259tinin s\u0259dri iclas i\u015ftirak\u00e7\u0131lar\u0131n\u0131n diqq\u0259tin\u0259 \u00e7atd\u0131r\u0131b ki, Az\u0259rbaycanda bu sah\u0259d\u0259 b\u00f6y\u00fck layih\u0259l\u0259r h\u0259yata ke\u00e7irilir, yeni hidroelektrik, g\u00fcn\u0259\u015f v\u0259 k\u00fcl\u0259k elektrik stansiyalar\u0131 tikilir.<\/p>\n<p>V\u00fcqar \u018fliyev qeyd edib: \u201cPrezident \u0130lham \u018fliyev i\u015f\u011faldan azad edilmi\u015f \u0259razil\u0259ri ya\u015f\u0131l enerji zonas\u0131 elan edib. Tamamil\u0259 da\u011f\u0131d\u0131lm\u0131\u015f v\u0259 yenid\u0259n dir\u00e7\u0259ldil\u0259n bu \u0259razil\u0259rd\u0259 ya\u015f\u0131l enerji onlar\u0131n b\u0259rpas\u0131 prosesinin \u0259sas istiqam\u0259ti olacaq\u201d.<\/p>\n<p>O, h\u0259m\u00e7inin xat\u0131rlad\u0131b ki, Az\u0259rbaycan 2024-c\u00fc ilin noyabr\u0131nda BMT-nin \u0130qlim D\u0259yi\u015fikliyi \u00fczr\u0259 \u00c7\u0259r\u00e7iv\u0259 Konvensiyas\u0131n\u0131n T\u0259r\u0259fl\u0259r Konfrans\u0131n\u0131n 29-cu sessiyas\u0131na (COP29) ev sahibliyi ed\u0259c\u0259k, iki h\u0259ft\u0259 \u0259rzind\u0259 Bak\u0131 d\u00fcnyan\u0131n m\u0259rk\u0259zin\u0259 \u00e7evril\u0259c\u0259k v\u0259 \u00f6lk\u0259miz\u0259 80 min\u0259 yax\u0131n \u0259cn\u0259bi qonaq g\u0259l\u0259c\u0259k. \u0130dar\u0259 Hey\u0259tinin s\u0259dri vur\u011fulay\u0131b ki, 198 \u00f6lk\u0259 Konvensiyan\u0131n t\u0259r\u0259fda\u015f\u0131d\u0131r v\u0259 bu, t\u0259dbirin nec\u0259 b\u00f6y\u00fck miqyasa malik oldu\u011funu g\u00f6st\u0259rir.<\/p>\n<p>Agentliyin r\u0259hb\u0259ri deyib: \u201cAZ\u018fRTAC bu konfrans\u0131n i\u015f\u0131qland\u0131r\u0131lmas\u0131nda f\u0259al i\u015ftirak ed\u0259c\u0259k. Biz, h\u0259m\u00e7inin h\u0259mkarlar\u0131m\u0131z\u0131 \u00f6z \u00f6lk\u0259l\u0259rind\u0259ki auditoriya \u00fc\u00e7\u00fcn maraql\u0131 v\u0259 faydal\u0131 olacaq m\u0259lumatlar\u0131 yaymaq istiqam\u0259tind\u0259 birg\u0259 f\u0259aliyy\u0259t g\u00f6st\u0259rm\u0259y\u0259 d\u0259v\u0259t edirik. \u018fmin\u0259m ki, birg\u0259 s\u0259yl\u0259rl\u0259 insanlara \u00f6lk\u0259l\u0259rin iqlim d\u0259yi\u015fikliyi v\u0259 ya\u015f\u0131l enerjiy\u0259 ke\u00e7idl\u0259 ba\u011fl\u0131 q\u0259bul etdikl\u0259ri q\u0259rarlar bar\u0259d\u0259 daha yax\u015f\u0131 m\u0259lumat ver\u0259 bil\u0259rik\u201d.<\/p>\n","protected":false},"excerpt":{"rendered":"<p>\u201c\u0130qlim d\u0259yi\u015fikliyi, ya\u015f\u0131l enerjiy\u0259 ke\u00e7id, \u0259traf m\u00fchitin m\u00fchafiz\u0259si v\u0259 b\u0259rpa olunan enerji m\u0259nb\u0259l\u0259ri son vaxtlar \u0259n \u00e7ox m\u00fczakir\u0259 olunan m\u00f6vzular aras\u0131ndad\u0131r. Biz g\u00f6r\u00fcr\u00fck ki, d\u00fcnya medias\u0131 g\u00f6st\u0259ril\u0259n m\u0259s\u0259l\u0259l\u0259r\u0259 nec\u0259 b\u00f6y\u00fck diqq\u0259t yetirir, m\u0259tbuatda bu m\u00f6vzunun i\u015f\u0131qland\u0131r\u0131lmas\u0131 il\u0259 ba\u011fl\u0131 m\u00fczakir\u0259l\u0259r apar\u0131l\u0131r\u201d. AZ\u018fRTAC x\u0259b\u0259r verir ki, bu bar\u0259d\u0259 Az\u0259rbaycan D\u00f6vl\u0259t \u0130nformasiya Agentliyi (AZ\u018fRTAC) \u0130dar\u0259 Hey\u0259tinin s\u0259dri V\u00fcqar \u018fliyev may\u0131n 3-d\u0259 ke\u00e7iril\u0259n MDB D\u00f6vl\u0259t \u0130nformasiya Agentlikl\u0259ri R\u0259hb\u0259rl\u0259ri \u015euras\u0131n\u0131n (\u0130nformasiya \u015euras\u0131) XXXI iclas\u0131nda bildirib. Az\u0259rbaycan Prezidenti\u00a0\u0130lham \u018fliyevin\u00a0cari ili \u00f6lk\u0259mizd\u0259 \u201cYa\u015f\u0131l d\u00fcnya namin\u0259 h\u0259mr\u0259ylik ili\u201d elan etdiyini xat\u0131rladan \u0130dar\u0259 Hey\u0259tinin s\u0259dri iclas i\u015ftirak\u00e7\u0131lar\u0131n\u0131n diqq\u0259tin\u0259 \u00e7atd\u0131r\u0131b&hellip;<\/p>\n","protected":false},"author":2,"featured_media":718331,"comment_status":"closed","ping_status":"closed","sticky":false,"template":"","format":"standard","meta":{"om_disable_all_campaigns":false,"_monsterinsights_skip_tracking":false,"_monsterinsights_sitenote_active":false,"_monsterinsights_sitenote_note":"","_monsterinsights_sitenote_category":0},"categories":[19],"tags":[],"aioseo_notices":[],"gutentor_comment":0,"rttpg_featured_image_url":{"full":["https:\/\/arantv.az\/wp-content\/uploads\/2024\/05\/17147365381670112684_1200x630.jpg",620,413,false],"landscape":["https:\/\/arantv.az\/wp-content\/uploads\/2024\/05\/17147365381670112684_1200x630.jpg",620,413,false],"portraits":["https:\/\/arantv.az\/wp-content\/uploads\/2024\/05\/17147365381670112684_1200x630.jpg",620,413,false],"thumbnail":["https:\/\/arantv.az\/wp-content\/uploads\/2024\/05\/17147365381670112684_1200x630-500x280.jpg",500,280,true],"medium":["https:\/\/arantv.az\/wp-content\/uploads\/2024\/05\/17147365381670112684_1200x630-548x365.jpg",548,365,true],"large":["https:\/\/arantv.az\/wp-content\/uploads\/2024\/05\/17147365381670112684_1200x630.jpg",620,413,false],"1536x1536":["https:\/\/arantv.az\/wp-content\/uploads\/2024\/05\/17147365381670112684_1200x630.jpg",620,413,false],"2048x2048":["https:\/\/arantv.az\/wp-content\/uploads\/2024\/05\/17147365381670112684_1200x630.jpg",620,413,false],"post-thumbnail":["https:\/\/arantv.az\/wp-content\/uploads\/2024\/05\/17147365381670112684_1200x630-240x172.jpg",240,172,true],"advps-thumb-one":["https:\/\/arantv.az\/wp-content\/uploads\/2024\/05\/17147365381670112684_1200x630.jpg",620,413,false]},"rttpg_author":{"display_name":"V\u00fcsal Rafiqo\u011flu","author_link":"https:\/\/arantv.az\/?author=2"},"rttpg_comment":0,"rttpg_category":"<a href=\"https:\/\/arantv.az\/?cat=19\" rel=\"category\">G\u00fcnd\u0259m<\/a>","rttpg_excerpt":"\u201c\u0130qlim d\u0259yi\u015fikliyi, ya\u015f\u0131l enerjiy\u0259 ke\u00e7id, \u0259traf m\u00fchitin m\u00fchafiz\u0259si v\u0259 b\u0259rpa olunan enerji m\u0259nb\u0259l\u0259ri son vaxtlar \u0259n \u00e7ox m\u00fczakir\u0259 olunan m\u00f6vzular aras\u0131ndad\u0131r. Biz g\u00f6r\u00fcr\u00fck ki, d\u00fcnya medias\u0131 g\u00f6st\u0259ril\u0259n m\u0259s\u0259l\u0259l\u0259r\u0259 nec\u0259 b\u00f6y\u00fck diqq\u0259t yetirir, m\u0259tbuatda bu m\u00f6vzunun i\u015f\u0131qland\u0131r\u0131lmas\u0131 il\u0259 ba\u011fl\u0131 m\u00fczakir\u0259l\u0259r apar\u0131l\u0131r\u201d. AZ\u018fRTAC x\u0259b\u0259r verir ki, bu bar\u0259d\u0259 Az\u0259rbaycan D\u00f6vl\u0259t \u0130nformasiya Agentliyi (AZ\u018fRTAC) \u0130dar\u0259 Hey\u0259tinin s\u0259dri V\u00fcqar&hellip;","_links":{"self":[{"href":"https:\/\/arantv.az\/index.php?rest_route=\/wp\/v2\/posts\/718330"}],"collection":[{"href":"https:\/\/arantv.az\/index.php?rest_route=\/wp\/v2\/posts"}],"about":[{"href":"https:\/\/arantv.az\/index.php?rest_route=\/wp\/v2\/types\/post"}],"author":[{"embeddable":true,"href":"https:\/\/arantv.az\/index.php?rest_route=\/wp\/v2\/users\/2"}],"replies":[{"embeddable":true,"href":"https:\/\/arantv.az\/index.php?rest_route=%2Fwp%2Fv2%2Fcomments&post=718330"}],"version-history":[{"count":0,"href":"https:\/\/arantv.az\/index.php?rest_route=\/wp\/v2\/posts\/718330\/revisions"}],"wp:featuredmedia":[{"embeddable":true,"href":"https:\/\/arantv.az\/index.php?rest_route=\/wp\/v2\/media\/718331"}],"wp:attachment":[{"href":"https:\/\/arantv.az\/index.php?rest_route=%2Fwp%2Fv2%2Fmedia&parent=718330"}],"wp:term":[{"taxonomy":"category","embeddable":true,"href":"https:\/\/arantv.az\/index.php?rest_route=%2Fwp%2Fv2%2Fcategories&post=718330"},{"taxonomy":"post_tag","embeddable":true,"href":"https:\/\/arantv.az\/index.php?rest_route=%2Fwp%2Fv2%2Ftags&post=718330"}],"curies":[{"name":"wp","href":"https:\/\/api.w.org\/{rel}","templated":true}]}}