{"id":718379,"date":"2024-05-03T19:15:17","date_gmt":"2024-05-03T15:15:17","guid":{"rendered":"https:\/\/arantv.az\/?p=718379"},"modified":"2024-05-03T19:15:17","modified_gmt":"2024-05-03T15:15:17","slug":"zaxarova-erm%c9%99nistanin-ktmt-d%c9%99n-mumkun-cixisini-s%c9%99rh-etdi","status":"publish","type":"post","link":"https:\/\/arantv.az\/?p=718379","title":{"rendered":"Zaxarova Erm\u0259nistan\u0131n KTMT-d\u0259n m\u00fcmk\u00fcn \u00e7\u0131x\u0131\u015f\u0131n\u0131 \u015f\u0259rh etdi"},"content":{"rendered":"<p>Kollektiv T\u0259hl\u00fck\u0259sizlik M\u00fcqavil\u0259si T\u0259\u015fkilat\u0131 (KTMT) ist\u0259nil\u0259n halda Avrasiyada t\u0259hl\u00fck\u0259sizliyin t\u0259min edilm\u0259si \u00fc\u00e7\u00fcn effektiv struktur olaraq qalacaq.<\/p>\n<p>Bunu Rusiya Xarici \u0130\u015fl\u0259r Nazirliyinin r\u0259smi n\u00fcmay\u0259nd\u0259si Mariya Zaxarova brifinqd\u0259 Erm\u0259nistan\u0131n qurumu t\u0259rk etm\u0259sinin m\u00fcmk\u00fcnl\u00fcy\u00fc il\u0259 ba\u011fl\u0131 sual\u0131 cavabland\u0131rark\u0259n deyib.<\/p>\n<p>\u201cBiz q\u0259ti \u0259minik ki, ist\u0259nil\u0259n halda KTMT Avrasiyada t\u0259hl\u00fck\u0259sizliyin, el\u0259c\u0259 d\u0259 ona \u00fczv olan d\u00f6vl\u0259tl\u0259rin t\u0259hl\u00fck\u0259sizliyinin t\u0259min edilm\u0259sin\u0259 cavabdeh olan effektiv strukturdur v\u0259 bel\u0259 d\u0259 qalacaq\u201d, &#8211; diplomat bildirib.<\/p>\n<p>Eyni zamanda Zaxarova qeyd edib ki, t\u0259\u015fkilatdan \u00e7\u0131xma m\u0259s\u0259l\u0259sin\u0259 dair suallar r\u0259smi \u0130r\u0259vana \u00fcnvanlanmal\u0131d\u0131r.<\/p>\n<p>Diplomat h\u0259m\u00e7inin vur\u011fulay\u0131b ki, Moskva \u0130r\u0259van\u0131n \u00f6z xarici siyas\u0259t kursunu m\u00fc\u0259yy\u0259nl\u0259dirm\u0259k, o c\u00fcml\u0259d\u0259n t\u0259\u015fkilatdak\u0131 g\u0259l\u0259c\u0259yi il\u0259 ba\u011fl\u0131 q\u0259rar verm\u0259k kimi suveren h\u00fcququna \u015f\u00fcbh\u0259 etmir.<\/p>\n<p>\u201cXat\u0131rlad\u0131ram ki, t\u0259\u015fkilat\u0131n nizamnam\u0259sinin 19-cu madd\u0259sind\u0259 qurumdan \u00e7\u0131xmaq imkan\u0131 t\u0259sbit olunub ki, bu halda d\u00f6vl\u0259t KTMT \u00e7\u0259r\u00e7iv\u0259sind\u0259 \u00f6z \u00f6hd\u0259likl\u0259rini h\u0259ll etdikd\u0259n sonra \u0259n geci 6 ay \u0259vv\u0259l r\u0259smi bildiri\u015f g\u00f6nd\u0259rm\u0259lidir. Bildiyimiz\u0259 g\u00f6r\u0259, t\u0259\u015fkilata qar\u015f\u0131 h\u0259r hans\u0131 ittihamlar s\u0259sl\u0259ndirils\u0259 d\u0259, t\u0259r\u0259fda\u015flar t\u0259r\u0259find\u0259n \u00fczvl\u00fckl\u0259 ba\u011fl\u0131 yeni add\u0131mlar at\u0131lmay\u0131b. N\u0259tic\u0259d\u0259 Erm\u0259nistan KTMT-nin tamh\u00fcquqlu i\u015ftirak\u00e7\u0131s\u0131 olaraq qalmaqda davam edir v\u0259 m\u00fcvafiq \u00f6hd\u0259likl\u0259ri, o c\u00fcml\u0259d\u0259n 1992-ci il Kollektiv T\u0259hl\u00fck\u0259sizlik M\u00fcqavil\u0259si v\u0259 t\u0259\u015fkilat\u0131n 2002-ci il nizamnam\u0259sind\u0259 n\u0259z\u0259rd\u0259 tutulmu\u015f \u00f6hd\u0259likl\u0259ri da\u015f\u0131y\u0131r\u201d, &#8211; Zaxarova izah edib.<\/p>\n<p>M\u0259nb\u0259: TASS<\/p>\n","protected":false},"excerpt":{"rendered":"<p>Kollektiv T\u0259hl\u00fck\u0259sizlik M\u00fcqavil\u0259si T\u0259\u015fkilat\u0131 (KTMT) ist\u0259nil\u0259n halda Avrasiyada t\u0259hl\u00fck\u0259sizliyin t\u0259min edilm\u0259si \u00fc\u00e7\u00fcn effektiv struktur olaraq qalacaq. Bunu Rusiya Xarici \u0130\u015fl\u0259r Nazirliyinin r\u0259smi n\u00fcmay\u0259nd\u0259si Mariya Zaxarova brifinqd\u0259 Erm\u0259nistan\u0131n qurumu t\u0259rk etm\u0259sinin m\u00fcmk\u00fcnl\u00fcy\u00fc il\u0259 ba\u011fl\u0131 sual\u0131 cavabland\u0131rark\u0259n deyib. \u201cBiz q\u0259ti \u0259minik ki, ist\u0259nil\u0259n halda KTMT Avrasiyada t\u0259hl\u00fck\u0259sizliyin, el\u0259c\u0259 d\u0259 ona \u00fczv olan d\u00f6vl\u0259tl\u0259rin t\u0259hl\u00fck\u0259sizliyinin t\u0259min edilm\u0259sin\u0259 cavabdeh olan effektiv strukturdur v\u0259 bel\u0259 d\u0259 qalacaq\u201d, &#8211; diplomat bildirib. Eyni zamanda Zaxarova qeyd edib ki, t\u0259\u015fkilatdan \u00e7\u0131xma m\u0259s\u0259l\u0259sin\u0259 dair suallar r\u0259smi \u0130r\u0259vana \u00fcnvanlanmal\u0131d\u0131r. Diplomat h\u0259m\u00e7inin vur\u011fulay\u0131b ki, Moskva \u0130r\u0259van\u0131n \u00f6z xarici siyas\u0259t kursunu m\u00fc\u0259yy\u0259nl\u0259dirm\u0259k,&hellip;<\/p>\n","protected":false},"author":2,"featured_media":718380,"comment_status":"closed","ping_status":"closed","sticky":false,"template":"","format":"standard","meta":{"om_disable_all_campaigns":false,"_monsterinsights_skip_tracking":false,"_monsterinsights_sitenote_active":false,"_monsterinsights_sitenote_note":"","_monsterinsights_sitenote_category":0},"categories":[7],"tags":[],"aioseo_notices":[],"gutentor_comment":0,"rttpg_featured_image_url":{"full":["https:\/\/arantv.az\/wp-content\/uploads\/2024\/05\/6405ef9dc32876405ef9dc328816781106216405ef9dc32836405ef9dc3285.jpg",620,413,false],"landscape":["https:\/\/arantv.az\/wp-content\/uploads\/2024\/05\/6405ef9dc32876405ef9dc328816781106216405ef9dc32836405ef9dc3285.jpg",620,413,false],"portraits":["https:\/\/arantv.az\/wp-content\/uploads\/2024\/05\/6405ef9dc32876405ef9dc328816781106216405ef9dc32836405ef9dc3285.jpg",620,413,false],"thumbnail":["https:\/\/arantv.az\/wp-content\/uploads\/2024\/05\/6405ef9dc32876405ef9dc328816781106216405ef9dc32836405ef9dc3285-500x280.jpg",500,280,true],"medium":["https:\/\/arantv.az\/wp-content\/uploads\/2024\/05\/6405ef9dc32876405ef9dc328816781106216405ef9dc32836405ef9dc3285-548x365.jpg",548,365,true],"large":["https:\/\/arantv.az\/wp-content\/uploads\/2024\/05\/6405ef9dc32876405ef9dc328816781106216405ef9dc32836405ef9dc3285.jpg",620,413,false],"1536x1536":["https:\/\/arantv.az\/wp-content\/uploads\/2024\/05\/6405ef9dc32876405ef9dc328816781106216405ef9dc32836405ef9dc3285.jpg",620,413,false],"2048x2048":["https:\/\/arantv.az\/wp-content\/uploads\/2024\/05\/6405ef9dc32876405ef9dc328816781106216405ef9dc32836405ef9dc3285.jpg",620,413,false],"post-thumbnail":["https:\/\/arantv.az\/wp-content\/uploads\/2024\/05\/6405ef9dc32876405ef9dc328816781106216405ef9dc32836405ef9dc3285-240x172.jpg",240,172,true],"advps-thumb-one":["https:\/\/arantv.az\/wp-content\/uploads\/2024\/05\/6405ef9dc32876405ef9dc328816781106216405ef9dc32836405ef9dc3285.jpg",620,413,false]},"rttpg_author":{"display_name":"V\u00fcsal Rafiqo\u011flu","author_link":"https:\/\/arantv.az\/?author=2"},"rttpg_comment":0,"rttpg_category":"<a href=\"https:\/\/arantv.az\/?cat=7\" rel=\"category\">D\u00fcnya<\/a>","rttpg_excerpt":"Kollektiv T\u0259hl\u00fck\u0259sizlik M\u00fcqavil\u0259si T\u0259\u015fkilat\u0131 (KTMT) ist\u0259nil\u0259n halda Avrasiyada t\u0259hl\u00fck\u0259sizliyin t\u0259min edilm\u0259si \u00fc\u00e7\u00fcn effektiv struktur olaraq qalacaq. Bunu Rusiya Xarici \u0130\u015fl\u0259r Nazirliyinin r\u0259smi n\u00fcmay\u0259nd\u0259si Mariya Zaxarova brifinqd\u0259 Erm\u0259nistan\u0131n qurumu t\u0259rk etm\u0259sinin m\u00fcmk\u00fcnl\u00fcy\u00fc il\u0259 ba\u011fl\u0131 sual\u0131 cavabland\u0131rark\u0259n deyib. \u201cBiz q\u0259ti \u0259minik ki, ist\u0259nil\u0259n halda KTMT Avrasiyada t\u0259hl\u00fck\u0259sizliyin, el\u0259c\u0259 d\u0259 ona \u00fczv olan d\u00f6vl\u0259tl\u0259rin t\u0259hl\u00fck\u0259sizliyinin t\u0259min edilm\u0259sin\u0259 cavabdeh&hellip;","_links":{"self":[{"href":"https:\/\/arantv.az\/index.php?rest_route=\/wp\/v2\/posts\/718379"}],"collection":[{"href":"https:\/\/arantv.az\/index.php?rest_route=\/wp\/v2\/posts"}],"about":[{"href":"https:\/\/arantv.az\/index.php?rest_route=\/wp\/v2\/types\/post"}],"author":[{"embeddable":true,"href":"https:\/\/arantv.az\/index.php?rest_route=\/wp\/v2\/users\/2"}],"replies":[{"embeddable":true,"href":"https:\/\/arantv.az\/index.php?rest_route=%2Fwp%2Fv2%2Fcomments&post=718379"}],"version-history":[{"count":0,"href":"https:\/\/arantv.az\/index.php?rest_route=\/wp\/v2\/posts\/718379\/revisions"}],"wp:featuredmedia":[{"embeddable":true,"href":"https:\/\/arantv.az\/index.php?rest_route=\/wp\/v2\/media\/718380"}],"wp:attachment":[{"href":"https:\/\/arantv.az\/index.php?rest_route=%2Fwp%2Fv2%2Fmedia&parent=718379"}],"wp:term":[{"taxonomy":"category","embeddable":true,"href":"https:\/\/arantv.az\/index.php?rest_route=%2Fwp%2Fv2%2Fcategories&post=718379"},{"taxonomy":"post_tag","embeddable":true,"href":"https:\/\/arantv.az\/index.php?rest_route=%2Fwp%2Fv2%2Ftags&post=718379"}],"curies":[{"name":"wp","href":"https:\/\/api.w.org\/{rel}","templated":true}]}}