{"id":718386,"date":"2024-05-03T19:55:01","date_gmt":"2024-05-03T15:55:01","guid":{"rendered":"https:\/\/arantv.az\/?p=718386"},"modified":"2024-05-03T19:55:01","modified_gmt":"2024-05-03T15:55:01","slug":"rusiya-v%c9%99-az%c9%99rbaycan-simal-c%c9%99nub-n%c9%99qliyyat-d%c9%99hlizi-il%c9%99-bagli-prioritetl%c9%99ri-muzakir%c9%99-edibl%c9%99r","status":"publish","type":"post","link":"https:\/\/arantv.az\/?p=718386","title":{"rendered":"Rusiya v\u0259 Az\u0259rbaycan \u201c\u015eimal-C\u0259nub\u201d n\u0259qliyyat d\u0259hlizi il\u0259 ba\u011fl\u0131 prioritetl\u0259ri m\u00fczakir\u0259 edibl\u0259r"},"content":{"rendered":"<p>Rusiya v\u0259 Az\u0259rbaycan iki \u00f6lk\u0259 aras\u0131nda y\u00fckl\u0259rin stabil da\u015f\u0131nmas\u0131n\u0131 t\u0259min etm\u0259k \u00fc\u00e7\u00fcn z\u0259ruri t\u0259dbirl\u0259r kompleksinin h\u0259yata ke\u00e7irilm\u0259sind\u0259 maraql\u0131 olduqlar\u0131n\u0131 v\u0259 \u201c\u015eimal-C\u0259nub\u201d n\u0259qliyyat d\u0259hlizinin prioritetl\u0259rini t\u0259sdiql\u0259yibl\u0259r.<\/p>\n<p>\u201cReport\u201dun yerli b\u00fcrosunun m\u0259lumat\u0131na g\u00f6r\u0259, bu m\u0259s\u0259l\u0259 Rusiya Ba\u015f nazirinin birinci m\u00fcavini Andrey Belousovla Az\u0259rbaycan Ba\u015f nazirinin m\u00fcavini \u015eahin Mustafayev aras\u0131nda dan\u0131\u015f\u0131qlar zaman\u0131 m\u00fczakir\u0259 olunub.<\/p>\n<p>T\u0259r\u0259fl\u0259r \u201c\u015eimal-C\u0259nub\u201d Beyn\u0259lxalq N\u0259qliyyat D\u0259hlizi \u00e7\u0259r\u00e7iv\u0259sind\u0259 d\u0259mir yolu infrastrukturunun modernl\u0259\u015fdirilm\u0259si \u00fczr\u0259 prioritet v\u0259zif\u0259l\u0259ri n\u0259z\u0259rd\u0259n ke\u00e7iribl\u0259r.<\/p>\n<p>A.Belousovla \u015e.Mustafayev Rusiya v\u0259 Az\u0259rbaycan d\u0259mir yollar\u0131 il\u0259 y\u00fckl\u0259rin stabil da\u015f\u0131nmas\u0131n\u0131 t\u0259min etm\u0259k \u00fc\u00e7\u00fcn z\u0259ruri t\u0259dbirl\u0259r kompleksinin h\u0259yata ke\u00e7irilm\u0259sind\u0259 maraql\u0131 olduqlar\u0131n\u0131 t\u0259sdiql\u0259yibl\u0259r.<\/p>\n<p>H\u0259m\u00e7inin dan\u0131\u015f\u0131qlar\u0131n yekunu olaraq d\u0259mir yolu da\u015f\u0131malar\u0131n\u0131n v\u0259 \u201c\u015eimal-C\u0259nub\u201d n\u0259qliyyat d\u0259hlizinin infrastrukturunun inki\u015faf\u0131 \u00fc\u00e7\u00fcn z\u0259ruri olan normativ h\u00fcquqi bazan\u0131n yarad\u0131lmas\u0131 \u00fczr\u0259 birg\u0259 t\u0259dbirl\u0259r plan\u0131 t\u0259sdiq edilib.<\/p>\n","protected":false},"excerpt":{"rendered":"<p>Rusiya v\u0259 Az\u0259rbaycan iki \u00f6lk\u0259 aras\u0131nda y\u00fckl\u0259rin stabil da\u015f\u0131nmas\u0131n\u0131 t\u0259min etm\u0259k \u00fc\u00e7\u00fcn z\u0259ruri t\u0259dbirl\u0259r kompleksinin h\u0259yata ke\u00e7irilm\u0259sind\u0259 maraql\u0131 olduqlar\u0131n\u0131 v\u0259 \u201c\u015eimal-C\u0259nub\u201d n\u0259qliyyat d\u0259hlizinin prioritetl\u0259rini t\u0259sdiql\u0259yibl\u0259r. \u201cReport\u201dun yerli b\u00fcrosunun m\u0259lumat\u0131na g\u00f6r\u0259, bu m\u0259s\u0259l\u0259 Rusiya Ba\u015f nazirinin birinci m\u00fcavini Andrey Belousovla Az\u0259rbaycan Ba\u015f nazirinin m\u00fcavini \u015eahin Mustafayev aras\u0131nda dan\u0131\u015f\u0131qlar zaman\u0131 m\u00fczakir\u0259 olunub. T\u0259r\u0259fl\u0259r \u201c\u015eimal-C\u0259nub\u201d Beyn\u0259lxalq N\u0259qliyyat D\u0259hlizi \u00e7\u0259r\u00e7iv\u0259sind\u0259 d\u0259mir yolu infrastrukturunun modernl\u0259\u015fdirilm\u0259si \u00fczr\u0259 prioritet v\u0259zif\u0259l\u0259ri n\u0259z\u0259rd\u0259n ke\u00e7iribl\u0259r. A.Belousovla \u015e.Mustafayev Rusiya v\u0259 Az\u0259rbaycan d\u0259mir yollar\u0131 il\u0259 y\u00fckl\u0259rin stabil da\u015f\u0131nmas\u0131n\u0131 t\u0259min etm\u0259k \u00fc\u00e7\u00fcn z\u0259ruri t\u0259dbirl\u0259r kompleksinin h\u0259yata ke\u00e7irilm\u0259sind\u0259 maraql\u0131 olduqlar\u0131n\u0131 t\u0259sdiql\u0259yibl\u0259r. H\u0259m\u00e7inin dan\u0131\u015f\u0131qlar\u0131n yekunu&hellip;<\/p>\n","protected":false},"author":2,"featured_media":718387,"comment_status":"closed","ping_status":"closed","sticky":false,"template":"","format":"standard","meta":{"om_disable_all_campaigns":false,"_monsterinsights_skip_tracking":false,"_monsterinsights_sitenote_active":false,"_monsterinsights_sitenote_note":"","_monsterinsights_sitenote_category":0},"categories":[7],"tags":[],"aioseo_notices":[],"gutentor_comment":0,"rttpg_featured_image_url":{"full":["https:\/\/arantv.az\/wp-content\/uploads\/2024\/05\/da64562b7420e1ec51f7e0ad340d88c6.jpg",850,500,false],"landscape":["https:\/\/arantv.az\/wp-content\/uploads\/2024\/05\/da64562b7420e1ec51f7e0ad340d88c6.jpg",850,500,false],"portraits":["https:\/\/arantv.az\/wp-content\/uploads\/2024\/05\/da64562b7420e1ec51f7e0ad340d88c6.jpg",850,500,false],"thumbnail":["https:\/\/arantv.az\/wp-content\/uploads\/2024\/05\/da64562b7420e1ec51f7e0ad340d88c6-500x280.jpg",500,280,true],"medium":["https:\/\/arantv.az\/wp-content\/uploads\/2024\/05\/da64562b7420e1ec51f7e0ad340d88c6-621x365.jpg",621,365,true],"large":["https:\/\/arantv.az\/wp-content\/uploads\/2024\/05\/da64562b7420e1ec51f7e0ad340d88c6-840x494.jpg",640,376,true],"1536x1536":["https:\/\/arantv.az\/wp-content\/uploads\/2024\/05\/da64562b7420e1ec51f7e0ad340d88c6.jpg",850,500,false],"2048x2048":["https:\/\/arantv.az\/wp-content\/uploads\/2024\/05\/da64562b7420e1ec51f7e0ad340d88c6.jpg",850,500,false],"post-thumbnail":["https:\/\/arantv.az\/wp-content\/uploads\/2024\/05\/da64562b7420e1ec51f7e0ad340d88c6-240x172.jpg",240,172,true],"advps-thumb-one":["https:\/\/arantv.az\/wp-content\/uploads\/2024\/05\/da64562b7420e1ec51f7e0ad340d88c6.jpg",850,500,false]},"rttpg_author":{"display_name":"V\u00fcsal Rafiqo\u011flu","author_link":"https:\/\/arantv.az\/?author=2"},"rttpg_comment":0,"rttpg_category":"<a href=\"https:\/\/arantv.az\/?cat=7\" rel=\"category\">D\u00fcnya<\/a>","rttpg_excerpt":"Rusiya v\u0259 Az\u0259rbaycan iki \u00f6lk\u0259 aras\u0131nda y\u00fckl\u0259rin stabil da\u015f\u0131nmas\u0131n\u0131 t\u0259min etm\u0259k \u00fc\u00e7\u00fcn z\u0259ruri t\u0259dbirl\u0259r kompleksinin h\u0259yata ke\u00e7irilm\u0259sind\u0259 maraql\u0131 olduqlar\u0131n\u0131 v\u0259 \u201c\u015eimal-C\u0259nub\u201d n\u0259qliyyat d\u0259hlizinin prioritetl\u0259rini t\u0259sdiql\u0259yibl\u0259r. \u201cReport\u201dun yerli b\u00fcrosunun m\u0259lumat\u0131na g\u00f6r\u0259, bu m\u0259s\u0259l\u0259 Rusiya Ba\u015f nazirinin birinci m\u00fcavini Andrey Belousovla Az\u0259rbaycan Ba\u015f nazirinin m\u00fcavini \u015eahin Mustafayev aras\u0131nda dan\u0131\u015f\u0131qlar zaman\u0131 m\u00fczakir\u0259 olunub. T\u0259r\u0259fl\u0259r \u201c\u015eimal-C\u0259nub\u201d Beyn\u0259lxalq N\u0259qliyyat D\u0259hlizi&hellip;","_links":{"self":[{"href":"https:\/\/arantv.az\/index.php?rest_route=\/wp\/v2\/posts\/718386"}],"collection":[{"href":"https:\/\/arantv.az\/index.php?rest_route=\/wp\/v2\/posts"}],"about":[{"href":"https:\/\/arantv.az\/index.php?rest_route=\/wp\/v2\/types\/post"}],"author":[{"embeddable":true,"href":"https:\/\/arantv.az\/index.php?rest_route=\/wp\/v2\/users\/2"}],"replies":[{"embeddable":true,"href":"https:\/\/arantv.az\/index.php?rest_route=%2Fwp%2Fv2%2Fcomments&post=718386"}],"version-history":[{"count":0,"href":"https:\/\/arantv.az\/index.php?rest_route=\/wp\/v2\/posts\/718386\/revisions"}],"wp:featuredmedia":[{"embeddable":true,"href":"https:\/\/arantv.az\/index.php?rest_route=\/wp\/v2\/media\/718387"}],"wp:attachment":[{"href":"https:\/\/arantv.az\/index.php?rest_route=%2Fwp%2Fv2%2Fmedia&parent=718386"}],"wp:term":[{"taxonomy":"category","embeddable":true,"href":"https:\/\/arantv.az\/index.php?rest_route=%2Fwp%2Fv2%2Fcategories&post=718386"},{"taxonomy":"post_tag","embeddable":true,"href":"https:\/\/arantv.az\/index.php?rest_route=%2Fwp%2Fv2%2Ftags&post=718386"}],"curies":[{"name":"wp","href":"https:\/\/api.w.org\/{rel}","templated":true}]}}