{"id":718623,"date":"2024-05-04T19:03:04","date_gmt":"2024-05-04T15:03:04","guid":{"rendered":"https:\/\/arantv.az\/?p=718623"},"modified":"2024-05-04T19:03:04","modified_gmt":"2024-05-04T15:03:04","slug":"az%c9%99rbaycanda-iki-n%c9%99f%c9%99r-gull%c9%99l%c9%99n%c9%99r%c9%99k-olduruldu","status":"publish","type":"post","link":"https:\/\/arantv.az\/?p=718623","title":{"rendered":"Az\u0259rbaycanda iki n\u0259f\u0259r g\u00fcll\u0259l\u0259n\u0259r\u0259k \u00f6ld\u00fcr\u00fcld\u00fc"},"content":{"rendered":"<p>\u015e\u0259kid\u0259 iki n\u0259f\u0259r odlu silahla q\u0259tl\u0259 yetirilib.<\/p>\n<p>May\u0131n 4-d\u0259 saat 16 rad\u0259l\u0259rind\u0259 \u015e\u0259ki rayonu Ba\u015f \u015eabal\u0131d k\u0259ndind\u0259 1966-c\u0131 il t\u0259v\u0259ll\u00fcdl\u00fc Az\u0259r S\u0259di o\u011flu S\u0259diyev\u00a0v\u0259 1957-ci il t\u0259v\u0259ll\u00fcdl\u00fc \u0130srafil \u018fhm\u0259diyy\u0259 o\u011flu\u00a0M\u0259mm\u0259dsoyun\u00a0ov silah\u0131 il\u0259 q\u0259tl\u0259 yetirilm\u0259l\u0259ri bar\u0259d\u0259 polis\u0259 m\u0259lumat daxil olub.<\/p>\n<p>D\u0130N-in m\u0259tbuat xidm\u0259tinin \u015e\u0259ki regional qrupundan\u00a0<strong>Oxu.Az<\/strong>-a bildirilib ki, cinay\u0259t \u0259m\u0259lini t\u00f6r\u0259tm\u0259kd\u0259 \u015f\u00fcbh\u0259li bilin\u0259n 1965-ci il t\u0259v\u0259ll\u00fcdl\u00fc Namik M\u0259mm\u0259dov hadis\u0259d\u0259n sonra \u00f6z\u00fcn\u0259 x\u0259sar\u0259t yetirib. O, x\u0259st\u0259xanaya yerl\u0259\u015fdirilib.<\/p>\n<p>Faktla ba\u011fl\u0131 ara\u015fd\u0131rma apar\u0131l\u0131r.<\/p>\n","protected":false},"excerpt":{"rendered":"<p>\u015e\u0259kid\u0259 iki n\u0259f\u0259r odlu silahla q\u0259tl\u0259 yetirilib. May\u0131n 4-d\u0259 saat 16 rad\u0259l\u0259rind\u0259 \u015e\u0259ki rayonu Ba\u015f \u015eabal\u0131d k\u0259ndind\u0259 1966-c\u0131 il t\u0259v\u0259ll\u00fcdl\u00fc Az\u0259r S\u0259di o\u011flu S\u0259diyev\u00a0v\u0259 1957-ci il t\u0259v\u0259ll\u00fcdl\u00fc \u0130srafil \u018fhm\u0259diyy\u0259 o\u011flu\u00a0M\u0259mm\u0259dsoyun\u00a0ov silah\u0131 il\u0259 q\u0259tl\u0259 yetirilm\u0259l\u0259ri bar\u0259d\u0259 polis\u0259 m\u0259lumat daxil olub. D\u0130N-in m\u0259tbuat xidm\u0259tinin \u015e\u0259ki regional qrupundan\u00a0Oxu.Az-a bildirilib ki, cinay\u0259t \u0259m\u0259lini t\u00f6r\u0259tm\u0259kd\u0259 \u015f\u00fcbh\u0259li bilin\u0259n 1965-ci il t\u0259v\u0259ll\u00fcdl\u00fc Namik M\u0259mm\u0259dov hadis\u0259d\u0259n sonra \u00f6z\u00fcn\u0259 x\u0259sar\u0259t yetirib. O, x\u0259st\u0259xanaya yerl\u0259\u015fdirilib. Faktla ba\u011fl\u0131 ara\u015fd\u0131rma apar\u0131l\u0131r.<\/p>\n","protected":false},"author":2,"featured_media":718624,"comment_status":"closed","ping_status":"closed","sticky":false,"template":"","format":"standard","meta":{"om_disable_all_campaigns":false,"_monsterinsights_skip_tracking":false,"_monsterinsights_sitenote_active":false,"_monsterinsights_sitenote_note":"","_monsterinsights_sitenote_category":0},"categories":[3],"tags":[],"aioseo_notices":[],"gutentor_comment":0,"rttpg_featured_image_url":{"full":["https:\/\/arantv.az\/wp-content\/uploads\/2024\/05\/silah-1.jpg",620,413,false],"landscape":["https:\/\/arantv.az\/wp-content\/uploads\/2024\/05\/silah-1.jpg",620,413,false],"portraits":["https:\/\/arantv.az\/wp-content\/uploads\/2024\/05\/silah-1.jpg",620,413,false],"thumbnail":["https:\/\/arantv.az\/wp-content\/uploads\/2024\/05\/silah-1-500x280.jpg",500,280,true],"medium":["https:\/\/arantv.az\/wp-content\/uploads\/2024\/05\/silah-1-548x365.jpg",548,365,true],"large":["https:\/\/arantv.az\/wp-content\/uploads\/2024\/05\/silah-1.jpg",620,413,false],"1536x1536":["https:\/\/arantv.az\/wp-content\/uploads\/2024\/05\/silah-1.jpg",620,413,false],"2048x2048":["https:\/\/arantv.az\/wp-content\/uploads\/2024\/05\/silah-1.jpg",620,413,false],"post-thumbnail":["https:\/\/arantv.az\/wp-content\/uploads\/2024\/05\/silah-1-240x172.jpg",240,172,true],"advps-thumb-one":["https:\/\/arantv.az\/wp-content\/uploads\/2024\/05\/silah-1.jpg",620,413,false]},"rttpg_author":{"display_name":"V\u00fcsal Rafiqo\u011flu","author_link":"https:\/\/arantv.az\/?author=2"},"rttpg_comment":0,"rttpg_category":"<a href=\"https:\/\/arantv.az\/?cat=3\" rel=\"category\">Kriminal<\/a>","rttpg_excerpt":"\u015e\u0259kid\u0259 iki n\u0259f\u0259r odlu silahla q\u0259tl\u0259 yetirilib. May\u0131n 4-d\u0259 saat 16 rad\u0259l\u0259rind\u0259 \u015e\u0259ki rayonu Ba\u015f \u015eabal\u0131d k\u0259ndind\u0259 1966-c\u0131 il t\u0259v\u0259ll\u00fcdl\u00fc Az\u0259r S\u0259di o\u011flu S\u0259diyev\u00a0v\u0259 1957-ci il t\u0259v\u0259ll\u00fcdl\u00fc \u0130srafil \u018fhm\u0259diyy\u0259 o\u011flu\u00a0M\u0259mm\u0259dsoyun\u00a0ov silah\u0131 il\u0259 q\u0259tl\u0259 yetirilm\u0259l\u0259ri bar\u0259d\u0259 polis\u0259 m\u0259lumat daxil olub. D\u0130N-in m\u0259tbuat xidm\u0259tinin \u015e\u0259ki regional qrupundan\u00a0Oxu.Az-a bildirilib ki, cinay\u0259t \u0259m\u0259lini t\u00f6r\u0259tm\u0259kd\u0259 \u015f\u00fcbh\u0259li bilin\u0259n 1965-ci il t\u0259v\u0259ll\u00fcdl\u00fc&hellip;","_links":{"self":[{"href":"https:\/\/arantv.az\/index.php?rest_route=\/wp\/v2\/posts\/718623"}],"collection":[{"href":"https:\/\/arantv.az\/index.php?rest_route=\/wp\/v2\/posts"}],"about":[{"href":"https:\/\/arantv.az\/index.php?rest_route=\/wp\/v2\/types\/post"}],"author":[{"embeddable":true,"href":"https:\/\/arantv.az\/index.php?rest_route=\/wp\/v2\/users\/2"}],"replies":[{"embeddable":true,"href":"https:\/\/arantv.az\/index.php?rest_route=%2Fwp%2Fv2%2Fcomments&post=718623"}],"version-history":[{"count":0,"href":"https:\/\/arantv.az\/index.php?rest_route=\/wp\/v2\/posts\/718623\/revisions"}],"wp:featuredmedia":[{"embeddable":true,"href":"https:\/\/arantv.az\/index.php?rest_route=\/wp\/v2\/media\/718624"}],"wp:attachment":[{"href":"https:\/\/arantv.az\/index.php?rest_route=%2Fwp%2Fv2%2Fmedia&parent=718623"}],"wp:term":[{"taxonomy":"category","embeddable":true,"href":"https:\/\/arantv.az\/index.php?rest_route=%2Fwp%2Fv2%2Fcategories&post=718623"},{"taxonomy":"post_tag","embeddable":true,"href":"https:\/\/arantv.az\/index.php?rest_route=%2Fwp%2Fv2%2Ftags&post=718623"}],"curies":[{"name":"wp","href":"https:\/\/api.w.org\/{rel}","templated":true}]}}