{"id":718844,"date":"2024-05-06T10:13:45","date_gmt":"2024-05-06T06:13:45","guid":{"rendered":"https:\/\/arantv.az\/?p=718844"},"modified":"2024-05-06T10:13:45","modified_gmt":"2024-05-06T06:13:45","slug":"az%c9%99rbaycan-v%c9%99-erm%c9%99nistan-arasinda-bolun%c9%99c%c9%99k-bu-k%c9%99ndd%c9%99-olcm%c9%99-isl%c9%99ri-basladi-foto","status":"publish","type":"post","link":"https:\/\/arantv.az\/?p=718844","title":{"rendered":"Az\u0259rbaycan v\u0259 Erm\u0259nistan aras\u0131nda b\u00f6l\u00fcn\u0259c\u0259k bu k\u0259ndd\u0259 \u00f6l\u00e7m\u0259 i\u015fl\u0259ri ba\u015flad\u0131 &#8211; FOTO"},"content":{"rendered":"<div id=\"mvp-content-main\" class=\"left relative\">\n<p><strong>Az\u0259rbaycan-Erm\u0259nistan s\u0259rh\u0259dinin Qazax-Tavu\u015f istiqam\u0259tind\u0259 demarkasiyas\u0131 Kirants k\u0259ndin\u0259 \u00e7at\u0131b.<\/p>\n<p><\/strong>Erm\u0259nistan medias\u0131 Kirantsda bu g\u00fcn s\u0259h\u0259r saatlar\u0131nda \u00f6l\u00e7m\u0259 i\u015fl\u0259rinin ba\u015fland\u0131\u011f\u0131n\u0131 yaz\u0131r.<\/p>\n<p>\u201cHraparak\u201d n\u0259\u015fri yaz\u0131r ki, k\u0259nd sakinl\u0259rinin h\u0259min \u0259raziy\u0259 yax\u0131nla\u015fmas\u0131 qada\u011fan edilib. Kirants icmas\u0131n\u0131n r\u0259hb\u0259ri Kamo \u015eahinyan bildirib ki, neytral zonada i\u015fl\u0259r davam etdirilir.<\/p>\n<p>\u201cDaha sonra ya\u015fay\u0131\u015f sah\u0259l\u0259rinin \u00f6l\u00e7\u00fclm\u0259sin\u0259 ba\u015flan\u0131lacaq. Bel\u0259 ba\u015fa d\u00fc\u015f\u00fcr\u00fck ki, m\u00fcbahis\u0259li \u0259razil\u0259r var\u201d, &#8211; o deyib.<\/p>\n<p>Qeyd ed\u0259k ki, demarkasiya n\u0259tic\u0259sind\u0259 Kirants k\u0259ndinin iki hiss\u0259y\u0259 b\u00f6l\u00fcn\u0259c\u0259yi g\u00f6zl\u0259nilir.\/\/<strong>Publika.az<\/strong><\/p>\n<\/div>\n<div id=\"mvp-content-bot\" class=\"left\">\n<div class=\"news-gallery\"><img loading=\"lazy\" class=\"\" src=\"https:\/\/publika.az\/storage\/2024\/05\/06\/kkkk.jpg\" alt=\"\" width=\"1116\" height=\"1116\" \/><img loading=\"lazy\" class=\"\" src=\"https:\/\/publika.az\/storage\/2024\/05\/06\/kki.jpg\" alt=\"\" width=\"1005\" height=\"1005\" \/><\/div>\n<\/div>\n","protected":false},"excerpt":{"rendered":"<p>Az\u0259rbaycan-Erm\u0259nistan s\u0259rh\u0259dinin Qazax-Tavu\u015f istiqam\u0259tind\u0259 demarkasiyas\u0131 Kirants k\u0259ndin\u0259 \u00e7at\u0131b. Erm\u0259nistan medias\u0131 Kirantsda bu g\u00fcn s\u0259h\u0259r saatlar\u0131nda \u00f6l\u00e7m\u0259 i\u015fl\u0259rinin ba\u015fland\u0131\u011f\u0131n\u0131 yaz\u0131r. \u201cHraparak\u201d n\u0259\u015fri yaz\u0131r ki, k\u0259nd sakinl\u0259rinin h\u0259min \u0259raziy\u0259 yax\u0131nla\u015fmas\u0131 qada\u011fan edilib. Kirants icmas\u0131n\u0131n r\u0259hb\u0259ri Kamo \u015eahinyan bildirib ki, neytral zonada i\u015fl\u0259r davam etdirilir. \u201cDaha sonra ya\u015fay\u0131\u015f sah\u0259l\u0259rinin \u00f6l\u00e7\u00fclm\u0259sin\u0259 ba\u015flan\u0131lacaq. Bel\u0259 ba\u015fa d\u00fc\u015f\u00fcr\u00fck ki, m\u00fcbahis\u0259li \u0259razil\u0259r var\u201d, &#8211; o deyib. Qeyd ed\u0259k ki, demarkasiya n\u0259tic\u0259sind\u0259 Kirants k\u0259ndinin iki hiss\u0259y\u0259 b\u00f6l\u00fcn\u0259c\u0259yi g\u00f6zl\u0259nilir.\/\/Publika.az<\/p>\n","protected":false},"author":2,"featured_media":718845,"comment_status":"closed","ping_status":"closed","sticky":false,"template":"","format":"standard","meta":{"om_disable_all_campaigns":false,"_monsterinsights_skip_tracking":false,"_monsterinsights_sitenote_active":false,"_monsterinsights_sitenote_note":"","_monsterinsights_sitenote_category":0},"categories":[19],"tags":[],"aioseo_notices":[],"gutentor_comment":0,"rttpg_featured_image_url":{"full":["https:\/\/arantv.az\/wp-content\/uploads\/2024\/05\/07a882d72db4dbeae56c6717785ea7f7.jpg",750,429,false],"landscape":["https:\/\/arantv.az\/wp-content\/uploads\/2024\/05\/07a882d72db4dbeae56c6717785ea7f7.jpg",750,429,false],"portraits":["https:\/\/arantv.az\/wp-content\/uploads\/2024\/05\/07a882d72db4dbeae56c6717785ea7f7.jpg",750,429,false],"thumbnail":["https:\/\/arantv.az\/wp-content\/uploads\/2024\/05\/07a882d72db4dbeae56c6717785ea7f7-500x280.jpg",500,280,true],"medium":["https:\/\/arantv.az\/wp-content\/uploads\/2024\/05\/07a882d72db4dbeae56c6717785ea7f7-638x365.jpg",638,365,true],"large":["https:\/\/arantv.az\/wp-content\/uploads\/2024\/05\/07a882d72db4dbeae56c6717785ea7f7.jpg",640,366,false],"1536x1536":["https:\/\/arantv.az\/wp-content\/uploads\/2024\/05\/07a882d72db4dbeae56c6717785ea7f7.jpg",750,429,false],"2048x2048":["https:\/\/arantv.az\/wp-content\/uploads\/2024\/05\/07a882d72db4dbeae56c6717785ea7f7.jpg",750,429,false],"post-thumbnail":["https:\/\/arantv.az\/wp-content\/uploads\/2024\/05\/07a882d72db4dbeae56c6717785ea7f7-240x172.jpg",240,172,true],"advps-thumb-one":["https:\/\/arantv.az\/wp-content\/uploads\/2024\/05\/07a882d72db4dbeae56c6717785ea7f7.jpg",750,429,false]},"rttpg_author":{"display_name":"V\u00fcsal Rafiqo\u011flu","author_link":"https:\/\/arantv.az\/?author=2"},"rttpg_comment":0,"rttpg_category":"<a href=\"https:\/\/arantv.az\/?cat=19\" rel=\"category\">G\u00fcnd\u0259m<\/a>","rttpg_excerpt":"Az\u0259rbaycan-Erm\u0259nistan s\u0259rh\u0259dinin Qazax-Tavu\u015f istiqam\u0259tind\u0259 demarkasiyas\u0131 Kirants k\u0259ndin\u0259 \u00e7at\u0131b. Erm\u0259nistan medias\u0131 Kirantsda bu g\u00fcn s\u0259h\u0259r saatlar\u0131nda \u00f6l\u00e7m\u0259 i\u015fl\u0259rinin ba\u015fland\u0131\u011f\u0131n\u0131 yaz\u0131r. \u201cHraparak\u201d n\u0259\u015fri yaz\u0131r ki, k\u0259nd sakinl\u0259rinin h\u0259min \u0259raziy\u0259 yax\u0131nla\u015fmas\u0131 qada\u011fan edilib. Kirants icmas\u0131n\u0131n r\u0259hb\u0259ri Kamo \u015eahinyan bildirib ki, neytral zonada i\u015fl\u0259r davam etdirilir. \u201cDaha sonra ya\u015fay\u0131\u015f sah\u0259l\u0259rinin \u00f6l\u00e7\u00fclm\u0259sin\u0259 ba\u015flan\u0131lacaq. Bel\u0259 ba\u015fa d\u00fc\u015f\u00fcr\u00fck ki, m\u00fcbahis\u0259li \u0259razil\u0259r var\u201d,&hellip;","_links":{"self":[{"href":"https:\/\/arantv.az\/index.php?rest_route=\/wp\/v2\/posts\/718844"}],"collection":[{"href":"https:\/\/arantv.az\/index.php?rest_route=\/wp\/v2\/posts"}],"about":[{"href":"https:\/\/arantv.az\/index.php?rest_route=\/wp\/v2\/types\/post"}],"author":[{"embeddable":true,"href":"https:\/\/arantv.az\/index.php?rest_route=\/wp\/v2\/users\/2"}],"replies":[{"embeddable":true,"href":"https:\/\/arantv.az\/index.php?rest_route=%2Fwp%2Fv2%2Fcomments&post=718844"}],"version-history":[{"count":0,"href":"https:\/\/arantv.az\/index.php?rest_route=\/wp\/v2\/posts\/718844\/revisions"}],"wp:featuredmedia":[{"embeddable":true,"href":"https:\/\/arantv.az\/index.php?rest_route=\/wp\/v2\/media\/718845"}],"wp:attachment":[{"href":"https:\/\/arantv.az\/index.php?rest_route=%2Fwp%2Fv2%2Fmedia&parent=718844"}],"wp:term":[{"taxonomy":"category","embeddable":true,"href":"https:\/\/arantv.az\/index.php?rest_route=%2Fwp%2Fv2%2Fcategories&post=718844"},{"taxonomy":"post_tag","embeddable":true,"href":"https:\/\/arantv.az\/index.php?rest_route=%2Fwp%2Fv2%2Ftags&post=718844"}],"curies":[{"name":"wp","href":"https:\/\/api.w.org\/{rel}","templated":true}]}}