{"id":718851,"date":"2024-05-06T10:16:45","date_gmt":"2024-05-06T06:16:45","guid":{"rendered":"https:\/\/arantv.az\/?p=718851"},"modified":"2024-05-06T10:16:45","modified_gmt":"2024-05-06T06:16:45","slug":"az%c9%99rbaycanin-m%c9%99d%c9%99niyy%c9%99tl%c9%99rin-qovusdugu-m%c9%99kandir","status":"publish","type":"post","link":"https:\/\/arantv.az\/?p=718851","title":{"rendered":"Az\u0259rbaycan\u0131n m\u0259d\u0259niyy\u0259tl\u0259rin qovu\u015fdu\u011fu m\u0259kand\u0131r"},"content":{"rendered":"<section>\n<div class=\"content lead font-weight-normal\">\n<p><em><strong>May\u0131n 1-d\u0259 Bak\u0131 Konqres M\u0259rk\u0259zind\u0259 \u201cm\u00f6vzusunda VI \u00dcmumd\u00fcnya M\u0259d\u0259niyy\u0259tl\u0259raras\u0131 Dialoq\u201dforumunun a\u00e7\u0131l\u0131\u015f m\u0259rasimi ke\u00e7irildi. H\u00f6rm\u0259tli Prezidentimiz \u0130lham \u018fliyev bu t\u0259dbird\u0259 i\u015ftirak etdi. Forum-\u00e7ox m\u00fch\u00fcm beyn\u0259lxalq platformad\u0131r ki, burada m\u0259d\u0259niyy\u0259tl\u0259raras\u0131 dialoq m\u0259s\u0259l\u0259l\u0259ri m\u00fczakir\u0259 olunur.110 \u00f6lk\u0259d\u0259n 100-d\u0259n \u00e7ox n\u00fcmay\u0259nd\u0259nin i\u015ftirak etdi bu t\u0259dbirin \u0259sas m\u0259qs\u0259di t\u0259hl\u00fck\u0259siz d\u00fcnyada m\u0259d\u0259niyy\u0259tl\u0259raras\u0131 m\u00fcnasib\u0259tl\u0259rinin qurulmas\u0131d\u0131r. C\u0259nab Prezidentimiz \u0130lham \u018fliyev 2008-ci ild\u0259 m\u00fcxt\u0259lif m\u0259d\u0259niyy\u0259tl\u0259r v\u0259 sivilizasiyalar aras\u0131nda dialoqun v\u0259 \u0259m\u0259kda\u015fl\u0131\u011f\u0131n g\u00fccl\u0259ndirilm\u0259si \u00fc\u00e7\u00fcn m\u0259xsusi olaraq t\u0259\u015f\u0259bb\u00fcs g\u00f6st\u0259rmi\u015f v\u0259 \u201cBak\u0131 Prosesini\u201d ir\u0259li s\u00fcrm\u00fc\u015fd\u00fcr.Burada \u0259sas m\u0259qs\u0259dimizin dialoq vasit\u0259sil\u0259 s\u00fclh\u00fc t\u0259\u015fviq etm\u0259k,qolbaq t\u0259hl\u00fck\u0259sizliyi g\u00fccl\u0259ndirm\u0259k v\u0259 \u0259m\u0259kda\u015fl\u0131\u011f\u0131 m\u00f6hk\u0259ml\u0259ndirm\u0259k oldu\u011funu h\u0259r k\u0259s\u0259 b\u0259yan etmi\u015fdir.<\/strong><\/em><\/p>\n<p>Do\u011frudan da \u0259srl\u0259r boyu Az\u0259rbaycan\u0131n m\u0259d\u0259niyy\u0259tl\u0259rin qovu\u015fdu\u011fu m\u0259kan olmas\u0131,\u00e7ox m\u0259d\u0259niyy\u0259tli v\u0259 b\u00f6y\u00fck etnik m\u00fcxt\u0259lifliy\u0259 malik olan az\u0259rbaycan c\u0259miyy\u0259tinin \u0259n m\u00fch\u00fcm d\u0259y\u0259rl\u0259rintolerantl\u0131\u011f\u0131,qar\u015f\u0131l\u0131ql\u0131 h\u00f6rm\u0259ti,dostluq v\u0259 t\u0259r\u0259fda\u015fl\u0131q kimi d\u0259y\u0259rl\u0259ri qoruyub saxlamas\u0131 Az\u0259rbaycan\u0131n u\u011furlu inki\u015faf\u0131n\u0131 \u015f\u0259rtl\u0259ndir\u0259n amill\u0259rd\u0259n biridir. C\u0259nab Prezidentimiz forumda \u00e7\u0131x\u0131\u015f\u0131 zaman\u0131,g\u00fcnd\u0259likd\u0259 olan m\u0259s\u0259l\u0259l\u0259rin m\u00fczakir\u0259sind\u0259 Az\u0259rbaycan t\u0259cr\u00fcb\u0259sind\u0259n dan\u0131\u015fd\u0131.Az\u0259rbaycanda ya\u015fayan insanlar\u0131n,m\u00fcxt\u0259lif etnik qruplar\u0131n v\u0259 dinl\u0259rin t\u0259msil\u00e7il\u0259rinin bir ail\u0259 kimi ya\u015fad\u0131qlar\u0131n\u0131,bunun is\u0259 \u0259srl\u0259rd\u0259n g\u0259l\u0259n bir \u0259n\u0259n\u0259 nem\u0259t oldu\u011funu bildirdi. Forumun \u201cBak\u0131 Prosesi\u201d-nin ba\u015flanmas\u0131na \u0259sas s\u0259b\u0259b kimi Az\u0259rbaycan daxilind\u0259 h\u0259r zaman m\u00fcsb\u0259t m\u0259d\u0259niyy\u0259tl\u0259raras\u0131 dialoqun olmas\u0131,multikulturalizmin is\u0259 bizim h\u0259yat t\u0259rzimiz oldu\u011funu a\u00e7\u0131qlad\u0131. \u201dBiz,h\u0259m\u00e7ini f\u0259r\u0259hl\u0259nirik ki,bu d\u0259y\u0259rl\u0259ri \u0259srl\u0259r boyu qoruyub saxlaya bilmi\u015fik v\u0259 \u00e7ox ke\u015fm\u0259ke\u015fli vaxtlarda-toqqu\u015fmalar,m\u00fcnaqi\u015f\u0259l\u0259r m\u00fcharib\u0259l\u0259r vaxt\u0131nda qoruyub saxlaya bilmi\u015fik!\u201d<\/p>\n<p>Bu g\u00fcn d\u00fcnyada \u0259fsuslar olsun ki, yeni m\u00fcnaqi\u015f\u0259l\u0259r,yeni qeyri-sabitlik m\u0259kanlar\u0131 v\u0259 t\u0259hdidl\u0259ri g\u00f6r\u00fcr\u00fck. Planetimizd\u0259 ba\u015f ver\u0259n siyasi v\u0259 h\u0259rbi kataklizml\u0259r iddialar\u0131ndan qaynaqlan\u0131r.N\u0259tic\u0259d\u0259 on minl\u0259rl\u0259 insan m\u00fcharib\u0259l\u0259rin v\u0259 onlar\u0131n do\u011furdu\u011fu a\u011f\u0131r f\u0259sadlar\u0131n qurban\u0131na \u00e7evrilir. Etiraf ed\u0259k ki,d\u00fcnya he\u00e7 vaxt \u0259dal\u0259tli olmay\u0131b.H\u0259mi\u015f\u0259 g\u00fcc\u0259 v\u0259 zora tabe olur. Qaraba\u011fda dair 4 q\u0259tnam\u0259 q\u0259bul etm\u0259sin\u0259 baxmayaraq onun icra olunmas\u0131 \u00fc\u00e7\u00fcn he\u00e7 bir \u015fey etm\u0259dil\u0259r. K\u00fctl\u0259vi q\u0131r\u011f\u0131n silahlar\u0131 b\u0259\u015f\u0259riyy\u0259t \u00fc\u00e7\u00fcn b\u00f6y\u00fck t\u0259hl\u00fck\u0259dir. Ani bir a\u011f\u0131ls\u0131zl\u0131q Yer k\u00fcr\u0259si m\u0259h\u0259\u0259rind\u0259n \u00e7\u0131xara bil\u0259r.\u00dcst\u0259lik,m\u00fcasir texnologiyalar\u0131n \u201c\u00f6vlad\u0131\u201d olan s\u00fcni intellekt n\u0259zar\u0259td\u0259n \u00e7\u0131xarsa,bu,b\u00f6y\u00fck bir f\u0259lak\u0259t\u0259 yol a\u00e7ar. Bu g\u00fcn \u00f6lk\u0259mizin missiyas\u0131 m\u00fct\u0259r\u0259qqi ruhludur v\u0259 beyn\u0259lxalq h\u00fcquqa \u0259saslan\u0131r. C\u0259nab Prezidentimiz m\u0259hz\u00a0Forumdak\u0131 \u00e7\u0131x\u0131\u015f\u0131nda \u00f6lk\u0259mizin s\u00fclh\u00fc m\u00fcharib\u0259 yolu il\u0259 t\u0259min etdiyini bildirdi. Az\u0259rbaycan\u0131n t\u0259min etdiyi s\u00fclh \u0259dal\u0259ti \u0259sas g\u00f6t\u00fcr\u00fcr. Az\u0259rbaycan\u0131n \u0259dal\u0259ti t\u0259min etm\u0259k \u00fc\u00e7\u00fcn otuz il\u0259 yax\u0131n m\u00fcdd\u0259td\u0259 t\u0259kc\u0259 g\u00fccl\u0259nm\u0259di,eyni zamanda s\u0259brl\u0259 g\u00f6zl\u0259di. Eyni zamanla,regionda s\u00fclh\u00fcn yarad\u0131lmas\u0131 C\u0259nubi Qafqaz co\u011frafiyas\u0131 bax\u0131m\u0131ndan \u00e7ox \u0259h\u0259miyy\u0259tli hadis\u0259 oldu. Bu g\u00fcn Az\u0259rbaycan z\u0259ngin m\u0259d\u0259niyy\u0259ti etnik v\u0259 dini m\u00fcxt\u0259lifliyi,tolerantl\u0131\u011f\u0131n tarixi il\u0259 \u00f6z m\u0259d\u0259niyy\u0259tini d\u00fcnyaya \u00fcmid m\u0259\u015f\u0259li kimi \u00fcr\u0259kd\u0259n t\u0259klif edir.<\/p>\n<p><strong>\u0130lham\u0259 Xur\u015fudova,<\/strong><br \/>\n<em>X\u0259tai rayonu, 269 n\u00f6mr\u0259li m\u0259kt\u0259bin Tarix m\u00fc\u0259llimi,<br \/>\nYAP X\u0259tai rayon t\u0259\u015fkilat\u0131n\u0131n \u00fczv\u00fc<\/em><\/p>\n<div class=\"clearfix\"><\/div>\n<\/div>\n<div class=\"sharing my-2 row no-gutters d-print-none\"><\/div>\n<div class=\"d-none d-sm-block\"><\/div>\n<\/section>\n<section id=\"new_block_2\" class=\"mt-3 d-print-none\">\n<div class=\"row\">\n<div class=\"col-md-12\"><\/div>\n<\/div>\n<\/section>\n","protected":false},"excerpt":{"rendered":"<p>May\u0131n 1-d\u0259 Bak\u0131 Konqres M\u0259rk\u0259zind\u0259 \u201cm\u00f6vzusunda VI \u00dcmumd\u00fcnya M\u0259d\u0259niyy\u0259tl\u0259raras\u0131 Dialoq\u201dforumunun a\u00e7\u0131l\u0131\u015f m\u0259rasimi ke\u00e7irildi. H\u00f6rm\u0259tli Prezidentimiz \u0130lham \u018fliyev bu t\u0259dbird\u0259 i\u015ftirak etdi. Forum-\u00e7ox m\u00fch\u00fcm beyn\u0259lxalq platformad\u0131r ki, burada m\u0259d\u0259niyy\u0259tl\u0259raras\u0131 dialoq m\u0259s\u0259l\u0259l\u0259ri m\u00fczakir\u0259 olunur.110 \u00f6lk\u0259d\u0259n 100-d\u0259n \u00e7ox n\u00fcmay\u0259nd\u0259nin i\u015ftirak etdi bu t\u0259dbirin \u0259sas m\u0259qs\u0259di t\u0259hl\u00fck\u0259siz d\u00fcnyada m\u0259d\u0259niyy\u0259tl\u0259raras\u0131 m\u00fcnasib\u0259tl\u0259rinin qurulmas\u0131d\u0131r. C\u0259nab Prezidentimiz \u0130lham \u018fliyev 2008-ci ild\u0259 m\u00fcxt\u0259lif m\u0259d\u0259niyy\u0259tl\u0259r v\u0259 sivilizasiyalar aras\u0131nda dialoqun v\u0259 \u0259m\u0259kda\u015fl\u0131\u011f\u0131n g\u00fccl\u0259ndirilm\u0259si \u00fc\u00e7\u00fcn m\u0259xsusi olaraq t\u0259\u015f\u0259bb\u00fcs g\u00f6st\u0259rmi\u015f v\u0259 \u201cBak\u0131 Prosesini\u201d ir\u0259li s\u00fcrm\u00fc\u015fd\u00fcr.Burada \u0259sas m\u0259qs\u0259dimizin dialoq vasit\u0259sil\u0259 s\u00fclh\u00fc t\u0259\u015fviq etm\u0259k,qolbaq t\u0259hl\u00fck\u0259sizliyi g\u00fccl\u0259ndirm\u0259k v\u0259 \u0259m\u0259kda\u015fl\u0131\u011f\u0131 m\u00f6hk\u0259ml\u0259ndirm\u0259k oldu\u011funu h\u0259r k\u0259s\u0259 b\u0259yan etmi\u015fdir. Do\u011frudan&hellip;<\/p>\n","protected":false},"author":2,"featured_media":718852,"comment_status":"closed","ping_status":"closed","sticky":false,"template":"","format":"standard","meta":{"om_disable_all_campaigns":false,"_monsterinsights_skip_tracking":false,"_monsterinsights_sitenote_active":false,"_monsterinsights_sitenote_note":"","_monsterinsights_sitenote_category":0},"categories":[1],"tags":[],"aioseo_notices":[],"gutentor_comment":0,"rttpg_featured_image_url":{"full":["https:\/\/arantv.az\/wp-content\/uploads\/2024\/05\/c0f52c66170002938466299857410943201.jpg",975,540,false],"landscape":["https:\/\/arantv.az\/wp-content\/uploads\/2024\/05\/c0f52c66170002938466299857410943201.jpg",975,540,false],"portraits":["https:\/\/arantv.az\/wp-content\/uploads\/2024\/05\/c0f52c66170002938466299857410943201.jpg",975,540,false],"thumbnail":["https:\/\/arantv.az\/wp-content\/uploads\/2024\/05\/c0f52c66170002938466299857410943201-500x280.jpg",500,280,true],"medium":["https:\/\/arantv.az\/wp-content\/uploads\/2024\/05\/c0f52c66170002938466299857410943201-660x365.jpg",660,365,true],"large":["https:\/\/arantv.az\/wp-content\/uploads\/2024\/05\/c0f52c66170002938466299857410943201-840x465.jpg",640,354,true],"1536x1536":["https:\/\/arantv.az\/wp-content\/uploads\/2024\/05\/c0f52c66170002938466299857410943201.jpg",975,540,false],"2048x2048":["https:\/\/arantv.az\/wp-content\/uploads\/2024\/05\/c0f52c66170002938466299857410943201.jpg",975,540,false],"post-thumbnail":["https:\/\/arantv.az\/wp-content\/uploads\/2024\/05\/c0f52c66170002938466299857410943201-240x172.jpg",240,172,true],"advps-thumb-one":["https:\/\/arantv.az\/wp-content\/uploads\/2024\/05\/c0f52c66170002938466299857410943201.jpg",975,540,false]},"rttpg_author":{"display_name":"V\u00fcsal Rafiqo\u011flu","author_link":"https:\/\/arantv.az\/?author=2"},"rttpg_comment":0,"rttpg_category":"<a href=\"https:\/\/arantv.az\/?cat=1\" rel=\"category\">C\u0259miyy\u0259t<\/a>","rttpg_excerpt":"May\u0131n 1-d\u0259 Bak\u0131 Konqres M\u0259rk\u0259zind\u0259 \u201cm\u00f6vzusunda VI \u00dcmumd\u00fcnya M\u0259d\u0259niyy\u0259tl\u0259raras\u0131 Dialoq\u201dforumunun a\u00e7\u0131l\u0131\u015f m\u0259rasimi ke\u00e7irildi. H\u00f6rm\u0259tli Prezidentimiz \u0130lham \u018fliyev bu t\u0259dbird\u0259 i\u015ftirak etdi. Forum-\u00e7ox m\u00fch\u00fcm beyn\u0259lxalq platformad\u0131r ki, burada m\u0259d\u0259niyy\u0259tl\u0259raras\u0131 dialoq m\u0259s\u0259l\u0259l\u0259ri m\u00fczakir\u0259 olunur.110 \u00f6lk\u0259d\u0259n 100-d\u0259n \u00e7ox n\u00fcmay\u0259nd\u0259nin i\u015ftirak etdi bu t\u0259dbirin \u0259sas m\u0259qs\u0259di t\u0259hl\u00fck\u0259siz d\u00fcnyada m\u0259d\u0259niyy\u0259tl\u0259raras\u0131 m\u00fcnasib\u0259tl\u0259rinin qurulmas\u0131d\u0131r. C\u0259nab Prezidentimiz \u0130lham \u018fliyev 2008-ci ild\u0259 m\u00fcxt\u0259lif m\u0259d\u0259niyy\u0259tl\u0259r&hellip;","_links":{"self":[{"href":"https:\/\/arantv.az\/index.php?rest_route=\/wp\/v2\/posts\/718851"}],"collection":[{"href":"https:\/\/arantv.az\/index.php?rest_route=\/wp\/v2\/posts"}],"about":[{"href":"https:\/\/arantv.az\/index.php?rest_route=\/wp\/v2\/types\/post"}],"author":[{"embeddable":true,"href":"https:\/\/arantv.az\/index.php?rest_route=\/wp\/v2\/users\/2"}],"replies":[{"embeddable":true,"href":"https:\/\/arantv.az\/index.php?rest_route=%2Fwp%2Fv2%2Fcomments&post=718851"}],"version-history":[{"count":0,"href":"https:\/\/arantv.az\/index.php?rest_route=\/wp\/v2\/posts\/718851\/revisions"}],"wp:featuredmedia":[{"embeddable":true,"href":"https:\/\/arantv.az\/index.php?rest_route=\/wp\/v2\/media\/718852"}],"wp:attachment":[{"href":"https:\/\/arantv.az\/index.php?rest_route=%2Fwp%2Fv2%2Fmedia&parent=718851"}],"wp:term":[{"taxonomy":"category","embeddable":true,"href":"https:\/\/arantv.az\/index.php?rest_route=%2Fwp%2Fv2%2Fcategories&post=718851"},{"taxonomy":"post_tag","embeddable":true,"href":"https:\/\/arantv.az\/index.php?rest_route=%2Fwp%2Fv2%2Ftags&post=718851"}],"curies":[{"name":"wp","href":"https:\/\/api.w.org\/{rel}","templated":true}]}}