{"id":718854,"date":"2024-05-06T10:17:29","date_gmt":"2024-05-06T06:17:29","guid":{"rendered":"https:\/\/arantv.az\/?p=718854"},"modified":"2024-05-06T10:17:29","modified_gmt":"2024-05-06T06:17:29","slug":"b%c9%99s%c9%99riyy%c9%99ti-narahat-ed%c9%99n-qlobal-cagirislar-bakida-muzakir%c9%99-edilir-s%c9%99rh","status":"publish","type":"post","link":"https:\/\/arantv.az\/?p=718854","title":{"rendered":"B\u0259\u015f\u0259riyy\u0259ti narahat ed\u0259n qlobal \u00e7a\u011f\u0131r\u0131\u015flar Bak\u0131da m\u00fczakir\u0259 edilir &#8211; \u015e\u018fRH"},"content":{"rendered":"<p><em><strong>Bak\u0131 Konqres M\u0259rk\u0259zind\u0259 may\u0131n 1-d\u0259 \u00f6z i\u015fin\u0259 ba\u015flayan \u201cS\u00fclh v\u0259 qlobal t\u0259hl\u00fck\u0259sizlik namin\u0259 dialoq\u201d m\u00f6vzusunda VI \u00dcmumd\u00fcnya M\u0259d\u0259niyy\u0259tl\u0259raras\u0131 Dialoq Forumu ba\u015f tutdu. Forum \u00e7\u0259r\u00e7iv\u0259sind\u0259 12 panel m\u00fczakir\u0259 v\u0259 d\u00f6rd plenar sessiya ke\u00e7irilib. T\u0259dbird\u0259 m\u00fczakir\u0259 olunan m\u00f6vzular t\u0259hsil, g\u0259ncl\u0259r, x\u00fcsusil\u0259 d\u0259 iqlim d\u0259yi\u015fikliyi fonunda m\u0259d\u0259ni irsin m\u00fchafiz\u0259si m\u0259s\u0259l\u0259sinin aktuall\u0131\u011f\u0131, ksenofobiya, s\u00fcni intellekt, m\u0259d\u0259ni irsin m\u00fchafiz\u0259si, qanunsuz miqrasiya v\u0259 dig\u0259r vacib sah\u0259l\u0259ri \u0259hat\u0259 edib.\u00a0<\/strong><\/em><\/p>\n<p>Qeyd etm\u0259k laz\u0131md\u0131r ki, Forum Az\u0259rbaycan h\u00f6kum\u0259tinin t\u0259\u015fkilat\u00e7\u0131l\u0131\u011f\u0131, UNESCO-nun, BMT-nin Sivilizasiyalar Alyans\u0131n\u0131n, D\u00fcnya Turizm T\u0259\u015fkilat\u0131 v\u0259 ICESCO-nun t\u0259r\u0259fda\u015fl\u0131\u011f\u0131 il\u0259 ke\u00e7irilir. T\u0259dbird\u0259 100-d\u0259n \u00e7ox \u00f6lk\u0259ni t\u0259msil ed\u0259n 700 m\u00f6t\u0259b\u0259r qonaq i\u015ftirak edir.\u00a0 M\u0259lumata g\u00f6r\u0259, y\u00fcks\u0259k s\u0259viyy\u0259li d\u00f6vl\u0259t xadiml\u0259ri, parlament r\u0259hb\u0259rl\u0259ri, dini liderl\u0259r, aliml\u0259r, jurnalistl\u0259r v\u0259 m\u00fcxt\u0259lif etnik v\u0259 m\u0259d\u0259ni qrupa daxil olan \u015f\u0259xsl\u0259rd\u0259n ibar\u0259t i\u015ftirak\u00e7\u0131lar Az\u0259rbaycan\u0131n 30 illik i\u015f\u011faldan azad edilmi\u015f \u0259razil\u0259ri il\u0259 tan\u0131\u015fl\u0131q m\u0259qs\u0259dil\u0259 may\u0131n 3-d\u0259 \u015eu\u015fa v\u0259 A\u011fdama s\u0259f\u0259r ed\u0259c\u0259kl\u0259r. T\u0259dbir \u00e7\u0259r\u00e7iv\u0259sind\u0259 A\u011fdam v\u0259 \u015eu\u015fada x\u00fcsusi panel sessiyalar\u0131n ke\u00e7irilm\u0259si d\u0259 n\u0259z\u0259rd\u0259 tutulub. Bu, eyni zamanda, Az\u0259rbaycan\u0131n i\u015f\u011faldan azad etdiyi \u0259razil\u0259rd\u0259n beyn\u0259lxalq ictimaiyy\u0259t\u0259 m\u00fcraci\u0259t \u00fc\u00e7\u00fcn bir platforma yaratmaq f\u00fcrs\u0259tidir. Forumun a\u00e7\u0131l\u0131\u015f m\u0259rasimind\u0259 \u00e7\u0131x\u0131\u015f ed\u0259n Az\u0259rbaycan Prezidenti \u0130lham \u018fliyev ke\u00e7iril\u0259n t\u0259dbiri m\u0259d\u0259niyy\u0259tl\u0259raras\u0131 dialoq m\u0259s\u0259l\u0259l\u0259rinin m\u00fczakir\u0259 olundu\u011fu \u00e7ox m\u00fch\u00fcm beyn\u0259lxalq platforma kimi qiym\u0259tl\u0259ndirib: \u201cM\u0259n burada Forumun proqram\u0131na baxd\u0131m. G\u00f6r\u00fcr\u0259m, o, \u00e7ox geni\u015f proqramd\u0131r, bir \u00e7ox sah\u0259l\u0259ri \u0259hat\u0259 edir. G\u00fcnd\u0259lik h\u0259qiq\u0259t\u0259n geni\u015fdir \u2013 m\u0259d\u0259niyy\u0259tl\u0259raras\u0131 dialoq, m\u00fcxt\u0259liflik, iqlim d\u0259yi\u015fm\u0259l\u0259ri, miqrasiya, s\u00fclh v\u0259 t\u0259hl\u00fck\u0259sizlik, postm\u00fcnaqi\u015f\u0259 v\u0259ziyy\u0259ti, turizm, s\u00fcni z\u0259ka. M\u0259n m\u0259hsuldar m\u00fczakir\u0259l\u0259r arzu edir\u0259m. \u018fmin\u0259m ki, bu m\u00fczakir\u0259l\u0259r v\u0259 o c\u00fcml\u0259d\u0259n Forum zaman\u0131 ir\u0259li s\u00fcr\u00fcl\u0259n ideyalar biz\u0259 yana\u015fmalar\u0131 formala\u015fd\u0131rma\u011fa imkan ver\u0259c\u0259k ki, m\u0259d\u0259niyy\u0259tl\u0259raras\u0131 dialoqu nec\u0259 g\u00fccl\u0259ndir\u0259k, biz nec\u0259 ed\u0259k ki, m\u00f6vcud v\u0259 potensial h\u0259d\u0259l\u0259ri aradan qald\u0131raq?\u201d<\/p>\n<p>\u018fsas m\u0259qs\u0259dl\u0259rimiz dialoq vasit\u0259sil\u0259 s\u00fclh\u00fc t\u0259\u015fviq etm\u0259k, qlobal t\u0259hl\u00fck\u0259sizliyi g\u00fccl\u0259ndirm\u0259k v\u0259 \u0259m\u0259kda\u015fl\u0131\u011f\u0131 m\u00f6hk\u0259ml\u0259ndirm\u0259kdir. Forumun m\u0259qs\u0259di yeni siyas\u0259t, s\u0259n\u0259dl\u0259r v\u0259 raz\u0131la\u015fmalar formala\u015fd\u0131rmaqd\u0131r v\u0259 onlar t\u0259xir\u0259sal\u0131nmaz m\u0259s\u0259l\u0259l\u0259rd\u0259 d\u00fcnya h\u00f6kum\u0259tl\u0259rin\u0259 t\u0259sir g\u00f6st\u0259rm\u0259k q\u00fcvv\u0259sin\u0259 malik olacaq.<\/p>\n<p>Prezident \u0130lham \u018fliyrv \u00f6z nitqi il\u0259 b\u0259yan edir ki, \u00e7oxm\u0259d\u0259niyy\u0259tli v\u0259 b\u00f6y\u00fck etnik m\u00fcxt\u0259lifliy\u0259 malik olan Az\u0259rbaycan c\u0259miyy\u0259ti \u0259srl\u0259r boyu \u0259n m\u00fch\u00fcm d\u0259y\u0259rl\u0259ri \u2013 tolerantl\u0131\u011f\u0131, qar\u015f\u0131l\u0131ql\u0131 h\u00f6rm\u0259ti, dostluq v\u0259 t\u0259r\u0259fda\u015fl\u0131q kimi d\u0259y\u0259rl\u0259ri qoruyub. \u018fmindir ki, bir m\u00fcst\u0259qil \u00f6lk\u0259 kimi Az\u0259rbaycan\u0131n u\u011furlu inki\u015faf\u0131n\u0131 \u015f\u0259rtl\u0259ndir\u0259n m\u0259s\u0259l\u0259 m\u0259hz bunlardan ibar\u0259tdir. Az\u0259rbaycanda ya\u015fayan insanlar, m\u00fcxt\u0259lif etnik qruplar\u0131n v\u0259 dinl\u0259rin t\u0259msil\u00e7il\u0259ri bir ail\u0259 kimi ya\u015fay\u0131rlar. Onlar Az\u0259rbaycan\u0131n d\u0259y\u0259rli v\u0259t\u0259nda\u015flar\u0131d\u0131r, d\u00f6vl\u0259timizin, d\u00f6vl\u0259t\u00e7iliyimizin \u0259sl v\u0259t\u0259np\u0259rv\u0259r insanlar\u0131d\u0131r. Biz bu m\u00fcsb\u0259t tendensiyalar\u0131, bu m\u0259d\u0259ni dialoqu, m\u0259d\u0259ni m\u00fcxt\u0259lifliyi g\u00fccl\u0259ndirm\u0259liyik v\u0259 \u0259lb\u0259tt\u0259 ki, b\u00fct\u00fcn bunlar bir \u00e7ox \u0259srl\u0259rd\u0259n g\u0259l\u0259n nem\u0259tdir.<br \/>\nM\u00fczakir\u0259 olunacaq m\u0259s\u0259l\u0259l\u0259rd\u0259n biri d\u0259 \u00e7oxt\u0259r\u0259flilikdir. \u0130lham \u018fliyev qeyd edir ki, Az\u0259rbaycan \u00f6z t\u0259cr\u00fcb\u0259sini g\u00f6st\u0259rib. Biz q\u0259ti \u015f\u0259kild\u0259 \u00e7oxt\u0259r\u0259fliliy\u0259 sadiqik. Biz \u00e7oxt\u0259r\u0259flilik d\u0259y\u0259rl\u0259rini 120 \u00f6lk\u0259nin \u00fczv oldu\u011fu Qo\u015fulmama H\u0259r\u0259kat\u0131nda 2019-cu ild\u0259n bu ilin \u0259vv\u0259lin\u0259 q\u0259d\u0259r t\u0259\u015fviq etmi\u015fik. O, BMT-d\u0259n sonra ikinci \u0259n b\u00f6y\u00fck t\u0259\u015fkilatd\u0131r v\u0259 h\u0259m\u00e7inin bununla ba\u011fl\u0131 yekdil q\u0259rar\u0131m\u0131z oldu, s\u0259drliyimiz yekdil q\u0259rarla \u0259lav\u0259 bir il d\u0259 art\u0131r\u0131ld\u0131. T\u0259bii ki, Qo\u015fulmama H\u0259r\u0259kat\u0131n\u0131n vacib t\u0259m\u0259l d\u0259y\u0259rl\u0259ri m\u0259hz suverenlik, \u00f6lk\u0259l\u0259rin \u0259razi b\u00fct\u00f6vl\u00fcy\u00fc, daxili i\u015fl\u0259r\u0259 qar\u0131\u015fmamaqd\u0131r. Biz h\u0259min H\u0259r\u0259kat\u0131n t\u0259sisatlanmas\u0131 seqmentinin g\u00fccl\u0259ndirilm\u0259sin\u0259 \u00e7al\u0131\u015fd\u0131q v\u0259 bununla ba\u011fl\u0131 daxild\u0259 \u015f\u0259b\u0259k\u0259 yaratd\u0131q, qad\u0131nlar\u0131n v\u0259 g\u0259ncl\u0259rin t\u0259\u015fkilatlar\u0131n\u0131 t\u0259sis etdik. B\u00fct\u00fcn bunlar m\u0259hz Az\u0259rbaycan t\u0259r\u0259find\u0259n yarad\u0131l\u0131b.<br \/>\nDig\u0259r m\u00fczakir\u0259 m\u00f6vzusu Az\u0259rbaycan COP29-a yekdil q\u0259rarla ev sahibliyi ed\u0259n \u00f6lk\u0259 olmas\u0131 haqdad\u0131r. \u0130lham \u018fliyev qeyd edir ki, biz indi \u00f6z rolumuzu k\u00f6rp\u00fcl\u0259rin sal\u0131nmas\u0131nda g\u00f6r\u00fcr\u00fck. Tariximiz, co\u011frafiyam\u0131z, qar\u015f\u0131l\u0131ql\u0131 \u0259laq\u0259l\u0259rimiz, Avropa t\u0259sisatlar\u0131 il\u0259 olan m\u00fcnasib\u0259tl\u0259rimiz, eyni zamanda, co\u011frafi bax\u0131mdan Q\u0259rb il\u0259 \u015e\u0259rq aras\u0131nda yerl\u0259\u015fm\u0259yimiz bar\u0259d\u0259 s\u00f6yl\u0259di ki, biz bu amill\u0259rl\u0259 \u00e7ox i\u015f g\u00f6r\u0259 bil\u0259rik. Qeyd edirik ki, haz\u0131rda biz \u0259vv\u0259lki s\u0259drliyimiz zaman\u0131 oldu\u011fu kimi k\u00f6rp\u00fcl\u0259r salma\u011fa \u00e7al\u0131\u015faca\u011f\u0131q.<br \/>\nXat\u0131rladaq ki, Prezident \u0130lham \u018fliyev t\u0259r\u0259find\u0259n 2008-ci ild\u0259 ir\u0259li s\u00fcr\u00fclm\u00fc\u015f m\u0259d\u0259niyy\u0259tl\u0259raras\u0131 dialoqa dair \u201cBak\u0131 Prosesi\u201dnin t\u0259rkib hiss\u0259si say\u0131lan \u00dcmumd\u00fcnya M\u0259d\u0259niyy\u0259tl\u0259raras\u0131 Dialoq Forumu ilk d\u0259f\u0259 Bak\u0131da 2011-ci ild\u0259, sonra is\u0259 2013-c\u00fc, 2015-ci, 2017-ci v\u0259 2019-cu ill\u0259rd\u0259 t\u0259\u015fkil olunub. \u00d6t\u0259n m\u00fcdd\u0259t \u0259rzind\u0259 Forumun co\u011frafiyas\u0131 \u00e7ox geni\u015fl\u0259nib, t\u0259dbir\u0259 qo\u015fulan \u00f6lk\u0259l\u0259rin v\u0259 qurumlar\u0131n say\u0131 xeyli art\u0131b. Forumlara \u00fcmumilikd\u0259 10 mind\u0259n \u00e7ox i\u015ftirak\u00e7\u0131 \u2013 h\u00f6kum\u0259t r\u0259smil\u0259ri, beyn\u0259lxalq t\u0259\u015fkilat v\u0259 institutlardan r\u0259hb\u0259r v\u0259 n\u00fcmay\u0259nd\u0259l\u0259r qat\u0131l\u0131blar. Eyni zamanda, forumlar \u00e7\u0259r\u00e7iv\u0259sind\u0259 200-d\u0259n art\u0131q m\u00fcxt\u0259lif formatl\u0131 v\u0259 miqyasl\u0131 t\u0259dbirl\u0259r, plenar v\u0259 panel m\u00fczakir\u0259l\u0259r, t\u0259qdimatlar t\u0259\u015fkil olunub. B\u0259\u015f\u0259riyy\u0259ti narahat ed\u0259n qlobal \u00e7a\u011f\u0131r\u0131\u015flar\u0131n diqq\u0259t m\u0259rk\u0259zin\u0259 \u00e7evrildiyi \u00f6t\u0259n be\u015f Forum \u00e7\u0259r\u00e7iv\u0259sind\u0259 apar\u0131lan m\u00fczakir\u0259l\u0259r, t\u0259rtib edil\u0259n s\u0259n\u0259dl\u0259r beyn\u0259lxalq t\u0259\u015fkilatlar \u00fc\u00e7\u00fcn \u0259sas istinad rolunu oynay\u0131b v\u0259 \u201cBak\u0131 Prosesi\u201d m\u0259d\u0259niyy\u0259tl\u0259raras\u0131 dialoqa dair vacib platforma kimi q\u0259bul edilib.<\/p>\n<p><strong>Ruhiyy\u0259 Orucova ,<\/strong><br \/>\n<em>269 sayl\u0131 m\u0259kt\u0259bin tarix m\u00fc\u0259llimi,<br \/>\nYAP X\u0259tai rayon t\u0259\u015fkilat\u0131n\u0131n \u00fczv\u00fc<\/em><\/p>\n","protected":false},"excerpt":{"rendered":"<p>Bak\u0131 Konqres M\u0259rk\u0259zind\u0259 may\u0131n 1-d\u0259 \u00f6z i\u015fin\u0259 ba\u015flayan \u201cS\u00fclh v\u0259 qlobal t\u0259hl\u00fck\u0259sizlik namin\u0259 dialoq\u201d m\u00f6vzusunda VI \u00dcmumd\u00fcnya M\u0259d\u0259niyy\u0259tl\u0259raras\u0131 Dialoq Forumu ba\u015f tutdu. Forum \u00e7\u0259r\u00e7iv\u0259sind\u0259 12 panel m\u00fczakir\u0259 v\u0259 d\u00f6rd plenar sessiya ke\u00e7irilib. T\u0259dbird\u0259 m\u00fczakir\u0259 olunan m\u00f6vzular t\u0259hsil, g\u0259ncl\u0259r, x\u00fcsusil\u0259 d\u0259 iqlim d\u0259yi\u015fikliyi fonunda m\u0259d\u0259ni irsin m\u00fchafiz\u0259si m\u0259s\u0259l\u0259sinin aktuall\u0131\u011f\u0131, ksenofobiya, s\u00fcni intellekt, m\u0259d\u0259ni irsin m\u00fchafiz\u0259si, qanunsuz miqrasiya v\u0259 dig\u0259r vacib sah\u0259l\u0259ri \u0259hat\u0259 edib.\u00a0 Qeyd etm\u0259k laz\u0131md\u0131r ki, Forum Az\u0259rbaycan h\u00f6kum\u0259tinin t\u0259\u015fkilat\u00e7\u0131l\u0131\u011f\u0131, UNESCO-nun, BMT-nin Sivilizasiyalar Alyans\u0131n\u0131n, D\u00fcnya Turizm T\u0259\u015fkilat\u0131 v\u0259 ICESCO-nun t\u0259r\u0259fda\u015fl\u0131\u011f\u0131 il\u0259 ke\u00e7irilir. T\u0259dbird\u0259 100-d\u0259n \u00e7ox \u00f6lk\u0259ni t\u0259msil ed\u0259n 700 m\u00f6t\u0259b\u0259r&hellip;<\/p>\n","protected":false},"author":2,"featured_media":718855,"comment_status":"closed","ping_status":"closed","sticky":false,"template":"","format":"standard","meta":{"om_disable_all_campaigns":false,"_monsterinsights_skip_tracking":false,"_monsterinsights_sitenote_active":false,"_monsterinsights_sitenote_note":"","_monsterinsights_sitenote_category":0},"categories":[19],"tags":[],"aioseo_notices":[],"gutentor_comment":0,"rttpg_featured_image_url":{"full":["https:\/\/arantv.az\/wp-content\/uploads\/2024\/05\/645e6bfd171491347223267572910148528.jpg",975,540,false],"landscape":["https:\/\/arantv.az\/wp-content\/uploads\/2024\/05\/645e6bfd171491347223267572910148528.jpg",975,540,false],"portraits":["https:\/\/arantv.az\/wp-content\/uploads\/2024\/05\/645e6bfd171491347223267572910148528.jpg",975,540,false],"thumbnail":["https:\/\/arantv.az\/wp-content\/uploads\/2024\/05\/645e6bfd171491347223267572910148528-500x280.jpg",500,280,true],"medium":["https:\/\/arantv.az\/wp-content\/uploads\/2024\/05\/645e6bfd171491347223267572910148528-660x365.jpg",660,365,true],"large":["https:\/\/arantv.az\/wp-content\/uploads\/2024\/05\/645e6bfd171491347223267572910148528-840x465.jpg",640,354,true],"1536x1536":["https:\/\/arantv.az\/wp-content\/uploads\/2024\/05\/645e6bfd171491347223267572910148528.jpg",975,540,false],"2048x2048":["https:\/\/arantv.az\/wp-content\/uploads\/2024\/05\/645e6bfd171491347223267572910148528.jpg",975,540,false],"post-thumbnail":["https:\/\/arantv.az\/wp-content\/uploads\/2024\/05\/645e6bfd171491347223267572910148528-240x172.jpg",240,172,true],"advps-thumb-one":["https:\/\/arantv.az\/wp-content\/uploads\/2024\/05\/645e6bfd171491347223267572910148528.jpg",975,540,false]},"rttpg_author":{"display_name":"V\u00fcsal Rafiqo\u011flu","author_link":"https:\/\/arantv.az\/?author=2"},"rttpg_comment":0,"rttpg_category":"<a href=\"https:\/\/arantv.az\/?cat=19\" rel=\"category\">G\u00fcnd\u0259m<\/a>","rttpg_excerpt":"Bak\u0131 Konqres M\u0259rk\u0259zind\u0259 may\u0131n 1-d\u0259 \u00f6z i\u015fin\u0259 ba\u015flayan \u201cS\u00fclh v\u0259 qlobal t\u0259hl\u00fck\u0259sizlik namin\u0259 dialoq\u201d m\u00f6vzusunda VI \u00dcmumd\u00fcnya M\u0259d\u0259niyy\u0259tl\u0259raras\u0131 Dialoq Forumu ba\u015f tutdu. Forum \u00e7\u0259r\u00e7iv\u0259sind\u0259 12 panel m\u00fczakir\u0259 v\u0259 d\u00f6rd plenar sessiya ke\u00e7irilib. T\u0259dbird\u0259 m\u00fczakir\u0259 olunan m\u00f6vzular t\u0259hsil, g\u0259ncl\u0259r, x\u00fcsusil\u0259 d\u0259 iqlim d\u0259yi\u015fikliyi fonunda m\u0259d\u0259ni irsin m\u00fchafiz\u0259si m\u0259s\u0259l\u0259sinin aktuall\u0131\u011f\u0131, ksenofobiya, s\u00fcni intellekt, m\u0259d\u0259ni irsin m\u00fchafiz\u0259si, qanunsuz&hellip;","_links":{"self":[{"href":"https:\/\/arantv.az\/index.php?rest_route=\/wp\/v2\/posts\/718854"}],"collection":[{"href":"https:\/\/arantv.az\/index.php?rest_route=\/wp\/v2\/posts"}],"about":[{"href":"https:\/\/arantv.az\/index.php?rest_route=\/wp\/v2\/types\/post"}],"author":[{"embeddable":true,"href":"https:\/\/arantv.az\/index.php?rest_route=\/wp\/v2\/users\/2"}],"replies":[{"embeddable":true,"href":"https:\/\/arantv.az\/index.php?rest_route=%2Fwp%2Fv2%2Fcomments&post=718854"}],"version-history":[{"count":0,"href":"https:\/\/arantv.az\/index.php?rest_route=\/wp\/v2\/posts\/718854\/revisions"}],"wp:featuredmedia":[{"embeddable":true,"href":"https:\/\/arantv.az\/index.php?rest_route=\/wp\/v2\/media\/718855"}],"wp:attachment":[{"href":"https:\/\/arantv.az\/index.php?rest_route=%2Fwp%2Fv2%2Fmedia&parent=718854"}],"wp:term":[{"taxonomy":"category","embeddable":true,"href":"https:\/\/arantv.az\/index.php?rest_route=%2Fwp%2Fv2%2Fcategories&post=718854"},{"taxonomy":"post_tag","embeddable":true,"href":"https:\/\/arantv.az\/index.php?rest_route=%2Fwp%2Fv2%2Ftags&post=718854"}],"curies":[{"name":"wp","href":"https:\/\/api.w.org\/{rel}","templated":true}]}}