{"id":718857,"date":"2024-05-06T10:18:31","date_gmt":"2024-05-06T06:18:31","guid":{"rendered":"https:\/\/arantv.az\/?p=718857"},"modified":"2024-05-06T10:18:31","modified_gmt":"2024-05-06T06:18:31","slug":"saglamliq-v%c9%99-%c9%99traf-muhitin-qorunmasi","status":"publish","type":"post","link":"https:\/\/arantv.az\/?p=718857","title":{"rendered":"Sa\u011flaml\u0131q v\u0259 \u0259traf m\u00fchitin qorunmas\u0131"},"content":{"rendered":"<p>3-4 may tarixl\u0259rind\u0259 \u201cSa\u011flaml\u0131\u011fa Xidm\u0259t\u201d\u0130ctimai Birliyinin v\u0259 V\u0259r\u0259m \u018fleyhin\u0259 QHT Koalisiyas\u0131n\u0131n t\u0259\u015f\u0259bb\u00fcs\u00fc il\u0259 bir qrup s\u0259hiyy\u0259 v\u0259 ekologiya \u00fczr\u0259 qeyri-h\u00f6kum\u0259t t\u0259\u015fkilat\u0131 \u015eu\u015fada sa\u011flaml\u0131q v\u0259 \u0259traf m\u00fchitin qorunmas\u0131 il\u0259 \u0259laq\u0259dar t\u0259dbir ke\u00e7irib.<\/p>\n<p><strong>ARANTV.AZ x\u0259b\u0259r verir ki,<\/strong>\u00a0t\u0259dbirin m\u0259qs\u0259di 2024-c\u00fc ild\u0259 BMT-nin \u0130qlim D\u0259yi\u015fikliyi \u00fczr\u0259 \u00c7\u0259r\u00e7iv\u0259 Konvensiyas\u0131n\u0131n T\u0259r\u0259fl\u0259r Konfrans\u0131- COP29-un \u00f6lk\u0259mizd\u0259 ke\u00e7irilm\u0259si il\u0259 \u0259laq\u0259dar qeyri-h\u00f6kum\u0259t t\u0259\u015fkilatlar\u0131n\u0131n i\u015ftirak\u0131n\u0131n t\u0259min edilm\u0259si v\u0259 \u201cYa\u015f\u0131l D\u00fcnya namin\u0259 H\u0259mr\u0259ylik ili\u201d il\u0259 \u0259laq\u0259dar t\u0259\u015f\u0259bb\u00fcsl\u0259rin m\u00fczakir\u0259si il\u0259 ba\u011fl\u0131 olub. T\u0259dbird\u0259 eyni zamanda, s\u0259hiyy\u0259nin idar\u0259 edilm\u0259si sah\u0259sind\u0259 \u00f6lk\u0259mizd\u0259 ba\u015f ver\u0259n yenilikl\u0259r, o c\u00fcml\u0259d\u0259n \u00f6lk\u0259d\u0259 v\u0259r\u0259ml\u0259 m\u00fcbariz\u0259 istiqam\u0259tind\u0259 g\u00f6r\u00fclm\u0259si planla\u015fd\u0131r\u0131lan g\u0259l\u0259c\u0259k f\u0259aliyy\u0259tl\u0259rl\u0259 ba\u011fl\u0131 fikir m\u00fcbadil\u0259si apar\u0131l\u0131b, \u00f6lk\u0259mizd\u0259 2023-2024-c\u00fc ill\u0259ri \u0259hat\u0259 ed\u0259n Qlobal Fond t\u0259r\u0259find\u0259n maliyy\u0259l\u0259\u015fdiril\u0259n v\u0259 S\u0259hiyy\u0259 Nazirliyi il\u0259 birg\u0259 \u0259m\u0259kda\u015fl\u0131q \u00e7\u0259r\u00e7iv\u0259sind\u0259 icra olunan \u201cAz\u0259rbaycanda V\u0259r\u0259m stiqmas\u0131n\u0131n qiym\u0259tl\u0259ndirilm\u0259si\u201d layih\u0259sinin n\u0259tic\u0259l\u0259ri t\u0259dbir i\u015ftirak\u00e7\u0131lar\u0131na t\u0259qdim olunub.<\/p>\n<p><img src=\"https:\/\/ikisahil.az\/upload\/\/2024\/05\/06\/\/-4b86ca48171497600190374847911006773.jpg\" alt=\"\" \/><\/p>\n<p>V\u0259r\u0259m \u018fleyhin\u0259 QHT Koalisiyas\u0131n\u0131n r\u0259hb\u0259ri, \u201cSa\u011flaml\u0131\u011fa Xidm\u0259t\u201d \u0130ctimai Birliyinin s\u0259dri El\u00e7in Muxtarl\u0131 t\u0259dbird\u0259 a\u00e7\u0131l\u0131\u015f nitqi il\u0259 \u00e7\u0131x\u0131\u015f edib v\u0259 t\u0259dbir i\u015ftirak\u00e7\u0131lar\u0131na u\u011furlar arzu edib.<\/p>\n<p>T\u0259dbird\u0259 \u201cSa\u011flaml\u0131\u011fa Xidm\u0259t\u201d \u0130ctimai Birliyinin \u0130cra\u00e7\u0131 direktoru, COP29 T\u0259\u015fkilat Komit\u0259sinin \u00fczv\u00fc P\u0259rvan\u0259 V\u0259liyeva QHT-l\u0259rin COP-da i\u015ftirak\u0131 il\u0259 ba\u011fl\u0131 olan mexanizm bar\u0259d\u0259 m\u0259lumat verib. Daha sonra \u201cQad\u0131n G\u0259l\u0259c\u0259k v\u0259 \u0130nki\u015faf\u201d \u0130ctimai Birliyinin s\u0259dri, COP29 T\u0259\u015fkilat Komit\u0259sinin \u00fczv\u00fc G\u00fcl\u015f\u0259n Axundova COP28-l\u0259 ba\u011fl\u0131 \u00f6z t\u0259\u0259ss\u00fcratlar\u0131n\u0131, o c\u00fcml\u0259d\u0259n COP29-dan QHT-l\u0259rin g\u00f6zl\u0259ntil\u0259ri bar\u0259d\u0259 t\u0259dbir i\u015ftirak\u00e7\u0131lar\u0131n\u0131 m\u0259lumatland\u0131r\u0131b.<\/p>\n<p>Az\u0259rbaycan H\u0259kiml\u0259ri T\u0259kmill\u0259\u015fdirm\u0259 \u0130nstitutunun dosenti, Az\u0259rbaycan Q\u0131z\u0131l Aypara C\u0259miyy\u0259tinin n\u00fcmay\u0259nd\u0259si M\u0259tan\u0259t Qaraxanova \u201c\u018ftraf m\u00fchit v\u0259 Sa\u011flaml\u0131q\u201d m\u00f6vzusunda t\u0259qdimatla \u00e7\u0131x\u0131\u015f edib. Daha sonra t\u0259dbir m\u00fcxt\u0259lif \u0259traf m\u00fchitin qorunmas\u0131 istiqam\u0259tind\u0259 m\u00fczakir\u0259l\u0259rl\u0259 davam edib.<\/p>\n","protected":false},"excerpt":{"rendered":"<p>3-4 may tarixl\u0259rind\u0259 \u201cSa\u011flaml\u0131\u011fa Xidm\u0259t\u201d\u0130ctimai Birliyinin v\u0259 V\u0259r\u0259m \u018fleyhin\u0259 QHT Koalisiyas\u0131n\u0131n t\u0259\u015f\u0259bb\u00fcs\u00fc il\u0259 bir qrup s\u0259hiyy\u0259 v\u0259 ekologiya \u00fczr\u0259 qeyri-h\u00f6kum\u0259t t\u0259\u015fkilat\u0131 \u015eu\u015fada sa\u011flaml\u0131q v\u0259 \u0259traf m\u00fchitin qorunmas\u0131 il\u0259 \u0259laq\u0259dar t\u0259dbir ke\u00e7irib. ARANTV.AZ x\u0259b\u0259r verir ki,\u00a0t\u0259dbirin m\u0259qs\u0259di 2024-c\u00fc ild\u0259 BMT-nin \u0130qlim D\u0259yi\u015fikliyi \u00fczr\u0259 \u00c7\u0259r\u00e7iv\u0259 Konvensiyas\u0131n\u0131n T\u0259r\u0259fl\u0259r Konfrans\u0131- COP29-un \u00f6lk\u0259mizd\u0259 ke\u00e7irilm\u0259si il\u0259 \u0259laq\u0259dar qeyri-h\u00f6kum\u0259t t\u0259\u015fkilatlar\u0131n\u0131n i\u015ftirak\u0131n\u0131n t\u0259min edilm\u0259si v\u0259 \u201cYa\u015f\u0131l D\u00fcnya namin\u0259 H\u0259mr\u0259ylik ili\u201d il\u0259 \u0259laq\u0259dar t\u0259\u015f\u0259bb\u00fcsl\u0259rin m\u00fczakir\u0259si il\u0259 ba\u011fl\u0131 olub. T\u0259dbird\u0259 eyni zamanda, s\u0259hiyy\u0259nin idar\u0259 edilm\u0259si sah\u0259sind\u0259 \u00f6lk\u0259mizd\u0259 ba\u015f ver\u0259n yenilikl\u0259r, o c\u00fcml\u0259d\u0259n \u00f6lk\u0259d\u0259 v\u0259r\u0259ml\u0259 m\u00fcbariz\u0259 istiqam\u0259tind\u0259 g\u00f6r\u00fclm\u0259si planla\u015fd\u0131r\u0131lan g\u0259l\u0259c\u0259k f\u0259aliyy\u0259tl\u0259rl\u0259&hellip;<\/p>\n","protected":false},"author":2,"featured_media":718858,"comment_status":"closed","ping_status":"closed","sticky":false,"template":"","format":"standard","meta":{"om_disable_all_campaigns":false,"_monsterinsights_skip_tracking":false,"_monsterinsights_sitenote_active":false,"_monsterinsights_sitenote_note":"","_monsterinsights_sitenote_category":0},"categories":[1],"tags":[],"aioseo_notices":[],"gutentor_comment":0,"rttpg_featured_image_url":{"full":["https:\/\/arantv.az\/wp-content\/uploads\/2024\/05\/151de84c171497592393986819710207887.jpg",975,540,false],"landscape":["https:\/\/arantv.az\/wp-content\/uploads\/2024\/05\/151de84c171497592393986819710207887.jpg",975,540,false],"portraits":["https:\/\/arantv.az\/wp-content\/uploads\/2024\/05\/151de84c171497592393986819710207887.jpg",975,540,false],"thumbnail":["https:\/\/arantv.az\/wp-content\/uploads\/2024\/05\/151de84c171497592393986819710207887-500x280.jpg",500,280,true],"medium":["https:\/\/arantv.az\/wp-content\/uploads\/2024\/05\/151de84c171497592393986819710207887-660x365.jpg",660,365,true],"large":["https:\/\/arantv.az\/wp-content\/uploads\/2024\/05\/151de84c171497592393986819710207887-840x465.jpg",640,354,true],"1536x1536":["https:\/\/arantv.az\/wp-content\/uploads\/2024\/05\/151de84c171497592393986819710207887.jpg",975,540,false],"2048x2048":["https:\/\/arantv.az\/wp-content\/uploads\/2024\/05\/151de84c171497592393986819710207887.jpg",975,540,false],"post-thumbnail":["https:\/\/arantv.az\/wp-content\/uploads\/2024\/05\/151de84c171497592393986819710207887-240x172.jpg",240,172,true],"advps-thumb-one":["https:\/\/arantv.az\/wp-content\/uploads\/2024\/05\/151de84c171497592393986819710207887.jpg",975,540,false]},"rttpg_author":{"display_name":"V\u00fcsal Rafiqo\u011flu","author_link":"https:\/\/arantv.az\/?author=2"},"rttpg_comment":0,"rttpg_category":"<a href=\"https:\/\/arantv.az\/?cat=1\" rel=\"category\">C\u0259miyy\u0259t<\/a>","rttpg_excerpt":"3-4 may tarixl\u0259rind\u0259 \u201cSa\u011flaml\u0131\u011fa Xidm\u0259t\u201d\u0130ctimai Birliyinin v\u0259 V\u0259r\u0259m \u018fleyhin\u0259 QHT Koalisiyas\u0131n\u0131n t\u0259\u015f\u0259bb\u00fcs\u00fc il\u0259 bir qrup s\u0259hiyy\u0259 v\u0259 ekologiya \u00fczr\u0259 qeyri-h\u00f6kum\u0259t t\u0259\u015fkilat\u0131 \u015eu\u015fada sa\u011flaml\u0131q v\u0259 \u0259traf m\u00fchitin qorunmas\u0131 il\u0259 \u0259laq\u0259dar t\u0259dbir ke\u00e7irib. ARANTV.AZ x\u0259b\u0259r verir ki,\u00a0t\u0259dbirin m\u0259qs\u0259di 2024-c\u00fc ild\u0259 BMT-nin \u0130qlim D\u0259yi\u015fikliyi \u00fczr\u0259 \u00c7\u0259r\u00e7iv\u0259 Konvensiyas\u0131n\u0131n T\u0259r\u0259fl\u0259r Konfrans\u0131- COP29-un \u00f6lk\u0259mizd\u0259 ke\u00e7irilm\u0259si il\u0259 \u0259laq\u0259dar qeyri-h\u00f6kum\u0259t t\u0259\u015fkilatlar\u0131n\u0131n i\u015ftirak\u0131n\u0131n t\u0259min&hellip;","_links":{"self":[{"href":"https:\/\/arantv.az\/index.php?rest_route=\/wp\/v2\/posts\/718857"}],"collection":[{"href":"https:\/\/arantv.az\/index.php?rest_route=\/wp\/v2\/posts"}],"about":[{"href":"https:\/\/arantv.az\/index.php?rest_route=\/wp\/v2\/types\/post"}],"author":[{"embeddable":true,"href":"https:\/\/arantv.az\/index.php?rest_route=\/wp\/v2\/users\/2"}],"replies":[{"embeddable":true,"href":"https:\/\/arantv.az\/index.php?rest_route=%2Fwp%2Fv2%2Fcomments&post=718857"}],"version-history":[{"count":0,"href":"https:\/\/arantv.az\/index.php?rest_route=\/wp\/v2\/posts\/718857\/revisions"}],"wp:featuredmedia":[{"embeddable":true,"href":"https:\/\/arantv.az\/index.php?rest_route=\/wp\/v2\/media\/718858"}],"wp:attachment":[{"href":"https:\/\/arantv.az\/index.php?rest_route=%2Fwp%2Fv2%2Fmedia&parent=718857"}],"wp:term":[{"taxonomy":"category","embeddable":true,"href":"https:\/\/arantv.az\/index.php?rest_route=%2Fwp%2Fv2%2Fcategories&post=718857"},{"taxonomy":"post_tag","embeddable":true,"href":"https:\/\/arantv.az\/index.php?rest_route=%2Fwp%2Fv2%2Ftags&post=718857"}],"curies":[{"name":"wp","href":"https:\/\/api.w.org\/{rel}","templated":true}]}}