{"id":718872,"date":"2024-05-06T10:27:02","date_gmt":"2024-05-06T06:27:02","guid":{"rendered":"https:\/\/arantv.az\/?p=718872"},"modified":"2024-05-06T10:27:02","modified_gmt":"2024-05-06T06:27:02","slug":"az%c9%99rbaycan-coxt%c9%99r%c9%99fliliy%c9%99-sadiqdir","status":"publish","type":"post","link":"https:\/\/arantv.az\/?p=718872","title":{"rendered":"Az\u0259rbaycan \u00e7oxt\u0259r\u0259fliliy\u0259 sadiqdir"},"content":{"rendered":"<p><strong>F\u0259q\u0259t \u015eadlinskaya<\/strong><\/p>\n<p><strong>YAP B\u0259rd\u0259 rayon t\u0259\u015fkilat\u0131n\u0131n s\u0259dri<\/strong><\/p>\n<p>Az\u0259rbaycan\u0131n beyn\u0259lxalq t\u0259dbirl\u0259r \u00fc\u00e7\u00fcn ideal m\u0259kan kimi q\u0259bul olunmas\u0131 xarici siyas\u0259t u\u011furlar\u0131m\u0131z\u0131n \u0259sas t\u0259rkib hiss\u0259sidir. VI \u00dcmumd\u00fcnya M\u0259d\u0259niyy\u0259tl\u0259raras\u0131 Dialoq Forumu \u00a0\u00a0ba\u015fa \u00e7atsa da m\u00fczakir\u0259 edil\u0259n m\u0259s\u0259l\u0259l\u0259r, s\u0259sl\u0259ndiril\u0259n \u00e7a\u011f\u0131r\u0131\u015flar, \u00fcmidl\u0259r \u00f6lk\u0259 v\u0259 d\u00fcnya m\u0259tbuat\u0131nda geni\u015f \u015f\u0259rh olunur, Az\u0259rbaycan\u0131n artan n\u00fcfuzu t\u0259qdir edilir. Foruma bir \u00e7ox \u00f6lk\u0259l\u0259rin, el\u0259c\u0259 d\u0259 n\u00fcfuzlu beyn\u0259lxalq t\u0259\u015fkilatlar\u0131n n\u00fcmay\u0259nd\u0259l\u0259ri qat\u0131ld\u0131. 100-d\u0259n \u00e7ox \u00f6lk\u0259d\u0259n 700 qonaq i\u015ftirak etdi.<\/p>\n<p>T\u0259dbird\u0259 COP29-a haz\u0131rl\u0131q m\u0259qs\u0259dil\u0259 qlobal m\u00fczakir\u0259l\u0259r apar\u0131ld\u0131, yeni d\u00fcnya nizam\u0131na t\u0259hdid yaradan amill\u0259r\u0259, o c\u00fcml\u0259d\u0259n t\u0259hl\u00fck\u0259sizlik m\u0259s\u0259l\u0259sin\u0259 v\u0259 s\u00fclh\u00fcn t\u0259min olunmas\u0131 \u00fc\u00e7\u00fcn perspektivl\u0259r\u0259, par\u00e7alanm\u0131\u015f d\u00fcnyada dayan\u0131ql\u0131l\u0131\u011f\u0131n qurulmas\u0131na, qar\u015f\u0131da duran \u00e7a\u011f\u0131r\u0131\u015flar\u0131n h\u0259lli yollar\u0131 m\u00fczakir\u0259 olundu, d\u00fcnyan\u0131 sars\u0131dan m\u00fcnaqi\u015f\u0259l\u0259r\u0259, o c\u00fcml\u0259d\u0259n iqlim t\u0259hl\u00fck\u0259sizliyi probleml\u0259rin\u0259 diqq\u0259t y\u00f6n\u0259ldildi.<\/p>\n<p>Bu m\u00fch\u00fcm m\u0259qam x\u00fcsusi qeyd edildi ki, 2024-c\u00fc ild\u0259 d\u00fcnyam\u0131z daha \u00e7ox \u0259laq\u0259li g\u00f6r\u00fcn\u00fcr, lakin he\u00e7 vaxt olmad\u0131\u011f\u0131 q\u0259d\u0259r par\u00e7alanm\u0131\u015f qal\u0131r. B\u00fct\u00fcn \u00e7a\u011f\u0131r\u0131\u015flar qar\u015f\u0131s\u0131nda\u00a0 bir araya g\u0259lm\u0259k, par\u00e7alanman\u0131 d\u0259f etm\u0259k v\u0259 daha parlaq \u00fcmumi g\u0259l\u0259c\u0259y\u0259 do\u011fru yol a\u00e7maq \u00fc\u00e7\u00fcn nadir f\u00fcrs\u0259timiz var. Bu, \u201cBak\u0131 Prosesi\u201dnin \u00f6z\u0259yidir. Az\u0259rbaycanda \u00a0\u015e\u0259rq il\u0259 Q\u0259rb, \u0259n\u0259n\u0259 il\u0259 m\u00fcasirlik qovu\u015fur. \u00dcmumd\u00fcnya M\u0259d\u0259niyy\u0259tl\u0259raras\u0131 Dialoq Forumu \u201cBak\u0131 Prosesi\u201dnin hiss\u0259si olaraq m\u0259d\u0259niyy\u0259tl\u0259raras\u0131 dialoqu qlobal \u015f\u0259kild\u0259 t\u0259\u015fviq edir. Forum f\u0259rqli etnik, m\u0259d\u0259ni, dini v\u0259 dil m\u0259n\u015f\u0259yi olan insanlar\u0131 bir araya g\u0259tirir, qar\u015f\u0131l\u0131ql\u0131 anla\u015fmaya do\u011fru a\u00e7\u0131q\u00a0 platforma yarad\u0131r. O da vur\u011fuland\u0131 ki, bu yola birg\u0259 \u00e7\u0131xaraq\u00a0 qar\u015f\u0131m\u0131zdak\u0131 f\u00fcrs\u0259td\u0259n yararlanaq, birl\u0259\u015f\u0259k, m\u00fcxt\u0259lifliyi bayram ed\u0259k! S\u00fclh, qar\u015f\u0131l\u0131ql\u0131 h\u00f6rm\u0259t v\u0259 anla\u015fma d\u00fcnyas\u0131n\u0131n yarad\u0131lmas\u0131na \u00a0\u00fcmumi s\u0259yl\u0259r, bax\u0131\u015flar v\u0259 bilikl\u0259r il\u0259 t\u00f6hf\u0259 ver\u0259k.<\/p>\n<p>D\u00f6vl\u0259t ba\u015f\u00e7\u0131s\u0131 \u0130lham \u018fliyev Forumdak\u0131 \u00e7\u0131x\u0131\u015f\u0131nda diqq\u0259ti haz\u0131rk\u0131 d\u00f6vr\u00fcn \u0259sas \u00e7a\u011f\u0131r\u0131\u015flar\u0131na y\u00f6n\u0259ld\u0259r\u0259k bildirdi ki, g\u00fcnd\u0259likd\u0259 olan m\u0259s\u0259l\u0259l\u0259rin m\u00fczakir\u0259sind\u0259 Az\u0259rbaycan\u0131n \u00f6z t\u0259cr\u00fcb\u0259si var. \u018fsrl\u0259r boyu Az\u0259rbaycan m\u0259d\u0259niyy\u0259tl\u0259rin qovu\u015fdu\u011fu m\u0259kan olub. \u00c7oxm\u0259d\u0259niyy\u0259tli v\u0259 b\u00f6y\u00fck etnik m\u00fcxt\u0259lifliy\u0259 malik olan Az\u0259rbaycan c\u0259miyy\u0259ti \u0259srl\u0259r boyu \u0259n m\u00fch\u00fcm d\u0259y\u0259rl\u0259ri &#8211; tolerantl\u0131\u011f\u0131, qar\u015f\u0131l\u0131ql\u0131 h\u00f6rm\u0259ti, dostluq v\u0259 t\u0259r\u0259fda\u015fl\u0131\u011f\u0131 qoruyub. Bir m\u00fcst\u0259qil \u00f6lk\u0259 kimi Az\u0259rbaycan\u0131n u\u011furlu inki\u015faf\u0131n\u0131 \u015f\u0259rtl\u0259ndir\u0259n m\u0259s\u0259l\u0259 m\u0259hz bunlardan ibar\u0259tdir. Az\u0259rbaycanda m\u00fcxt\u0259lif etnik qruplar\u0131n v\u0259 dinl\u0259rin t\u0259msil\u00e7il\u0259ri bir ail\u0259 kimi ya\u015fay\u0131rlar. Onlar Az\u0259rbaycan\u0131n d\u0259y\u0259rli v\u0259t\u0259nda\u015flar\u0131, d\u00f6vl\u0259timizin, d\u00f6vl\u0259t\u00e7iliyimizin \u0259sl v\u0259t\u0259np\u0259rv\u0259r insanlar\u0131d\u0131r. M\u0259d\u0259ni m\u00fcxt\u0259lifliyi g\u00fccl\u0259ndirm\u0259liyik. B\u00fct\u00fcn bunlar bir \u00e7ox \u0259srl\u0259rd\u0259n g\u0259l\u0259n nem\u0259tdir. Az\u0259rbaycan daxilind\u0259 h\u0259r zaman m\u00fcsb\u0259t m\u0259d\u0259niyy\u0259tl\u0259raras\u0131 dialoq olub. Bunu g\u00fcnd\u0259lik h\u0259yat\u0131m\u0131zda n\u00fcmayi\u015f etdirmi\u015fik. C\u0259nab \u0130lham \u018fliyev bildirdi: \u201cBiz multikulturalizm haqq\u0131nda s\u00f6hb\u0259t a\u00e7anda n\u0259z\u0259rd\u0259 tuturuq ki, bu, Az\u0259rbaycan v\u0259t\u0259nda\u015flar\u0131 \u00fc\u00e7\u00fcn n\u0259 is\u0259 bir abstrakt m\u0259fhum deyil, n\u0259 is\u0259 bir \u015feyi \u00f6yr\u0259nm\u0259k kimi deyil, bu, m\u0259hz bizim h\u0259yat t\u0259rzimizdir v\u0259 biz bundan f\u0259r\u0259hl\u0259nirik.\u201d<\/p>\n<p>Az\u0259rbaycan\u0131n s\u00fclh quruculu\u011fu prosesind\u0259 t\u0259cr\u00fcb\u0259sind\u0259n b\u0259hs ed\u0259n c\u0259nab \u0130lham \u018fliyev bildirdi ki, \u00f6lk\u0259miz m\u00fcnaqi\u015f\u0259nin s\u00fclh yolu il\u0259 h\u0259llin\u0259 s\u0259y g\u00f6st\u0259rdi. Lakin m\u00fcmk\u00fcn olmad\u0131. Erm\u0259nistan BMT q\u0259tnam\u0259l\u0259rinin icras\u0131na m\u0259h\u0259l qoymad\u0131,\u00a0 konstruktiv yana\u015fma g\u00f6st\u0259rm\u0259di. Biz s\u00fclh\u00fc m\u00fcharib\u0259 vasit\u0259sil\u0259 t\u0259min etdik. \u00a0\u0130ndi is\u0259 m\u00fcnaqi\u015f\u0259d\u0259n sonrak\u0131 m\u0259rh\u0259l\u0259d\u0259yik: \u201cM\u00fcnaqi\u015f\u0259d\u0259n sonrak\u0131 v\u0259ziyy\u0259t\u0259 g\u0259ldikd\u0259, bir daha deyir\u0259m, Az\u0259rbaycan \u00e7ox f\u0259al \u00e7al\u0131\u015f\u0131r, Az\u0259rbaycan m\u0259hz Erm\u0259nistana s\u00fclh sazi\u015fi il\u0259 ba\u011fl\u0131 dan\u0131\u015f\u0131qlara ba\u015flamaq t\u0259\u015f\u0259bb\u00fcs\u00fcn\u00fc ir\u0259li s\u00fcrd\u00fc. Az\u0259rbaycan m\u0259hz o \u00f6lk\u0259dir ki, baza prinsipl\u0259rini, h\u0259tta s\u00fclh sazi\u015finin layih\u0259sini haz\u0131rlad\u0131. \u0130ndi iki \u00f6lk\u0259 aras\u0131nda dan\u0131\u015f\u0131qlar gedir v\u0259 bu dan\u0131\u015f\u0131qlar bizim t\u0259klifl\u0259rin layih\u0259si \u00fcz\u0259rind\u0259 apar\u0131l\u0131r. Dem\u0259k olar ki, 30 il insanlar \u0259ziyy\u0259t \u00e7\u0259kib, beyn\u0259lxalq h\u00fcquq pozulub, bizim b\u00fct\u00fcn m\u0259d\u0259ni, tarixi m\u0259kanlar\u0131m\u0131z, o c\u00fcml\u0259d\u0259n 67 m\u0259scidd\u0259n 65-i erm\u0259ni vandallar\u0131 t\u0259r\u0259find\u0259n tamamil\u0259 m\u0259hv edilib. Qeyd edir\u0259m ki, b\u0259zi \u00f6lk\u0259l\u0259r Erm\u0259nistana d\u0259st\u0259k verirdi.\u201d<\/p>\n<p>\u00dc\u00e7 ild\u0259n art\u0131qd\u0131r ki, Qaraba\u011f m\u00fcnaqi\u015f\u0259si tarix\u0259 qovu\u015fub. Az\u0259rbaycan 44 g\u00fcnd\u0259 30 ilin i\u015f\u011fal\u0131na son qoymaqla g\u00fcc\u00fcn\u00fc, b\u00fct\u00fcn imkanlar\u0131n\u0131 n\u00fcmayi\u015f etdirdi. Haz\u0131rda i\u015f\u011faldan azad edilmi\u015f \u0259razil\u0259rimizd\u0259 geni\u015fmiqyasl\u0131 b\u0259rpa-quruculuq i\u015fl\u0259ri h\u0259yata ke\u00e7irilir. Bu torpaqlar\u0131m\u0131z erm\u0259ni v\u0259h\u015filikl\u0259rinin t\u0259qdimat\u0131nda m\u00fch\u00fcm rol oynay\u0131r. \u00a0Az\u0259rbaycan \u00f6t\u0259n il \u0259razi b\u00fct\u00f6vl\u00fcy\u00fcn\u00fc v\u0259 suverenliyini tam b\u0259rpa etm\u0259kl\u0259 yeni reall\u0131qlar yaratd\u0131. Erm\u0259nistana v\u0259 ona havadarl\u0131q ed\u0259nl\u0259r\u0259 s\u00fcbut olundu ki, \u0259dal\u0259t v\u0259 beyn\u0259lxalq h\u00fcquq m\u00f6vcuddur v\u0259 onlar\u0131n icras\u0131na nail olmaq \u00fc\u00e7\u00fcn s\u0259yl\u0259r g\u00f6st\u0259rm\u0259k, sonad\u0259k m\u00fcbariz\u0259 aparmaq laz\u0131md\u0131r. Az\u0259rbaycan h\u0259r zaman \u0259dal\u0259tin v\u0259 beyn\u0259lxalq h\u00fcququn yan\u0131ndad\u0131r. Bu g\u00fcn d\u00fcnyan\u0131n g\u0259l\u0259c\u0259yinin Az\u0259rbaycanda m\u00fczakir\u0259 olunmas\u0131 m\u0259hz \u00f6lk\u0259mizin xarici siyas\u0259tinin d\u0259yi\u015fm\u0259z prinsipl\u0259rin\u0259 \u0259saslan\u0131r. Az\u0259rbaycan b\u00fct\u00fcn d\u00f6vl\u0259tl\u0259rl\u0259 b\u0259rab\u0259rh\u00fcquqlu, qar\u015f\u0131l\u0131ql\u0131 maraq v\u0259 h\u00f6rm\u0259t prinsipl\u0259ri \u0259sas\u0131nda \u0259laq\u0259l\u0259r qurur. He\u00e7 bir d\u00f6vl\u0259tin daxili i\u015fin\u0259 m\u00fcdaxil\u0259 etmir, \u00f6z daxili i\u015fin\u0259 d\u0259 m\u00fcdaxil\u0259ni yolverilm\u0259z hesab edir. U\u011furlar\u0131m\u0131z, h\u0259m\u00e7inin m\u00f6hk\u0259m t\u0259m\u0259l\u0259, d\u00fc\u015f\u00fcn\u00fclm\u00fc\u015f siyas\u0259t\u0259, eyni zamanda, h\u0259r d\u00f6vr\u00fcn \u00e7a\u011f\u0131r\u0131\u015flar\u0131n\u0131n d\u00fczg\u00fcn d\u0259y\u0259rl\u0259ndiril\u0259r\u0259k reall\u0131qda \u0259ksini tapmas\u0131na \u0259saslan\u0131r.<\/p>\n","protected":false},"excerpt":{"rendered":"<p>F\u0259q\u0259t \u015eadlinskaya YAP B\u0259rd\u0259 rayon t\u0259\u015fkilat\u0131n\u0131n s\u0259dri Az\u0259rbaycan\u0131n beyn\u0259lxalq t\u0259dbirl\u0259r \u00fc\u00e7\u00fcn ideal m\u0259kan kimi q\u0259bul olunmas\u0131 xarici siyas\u0259t u\u011furlar\u0131m\u0131z\u0131n \u0259sas t\u0259rkib hiss\u0259sidir. VI \u00dcmumd\u00fcnya M\u0259d\u0259niyy\u0259tl\u0259raras\u0131 Dialoq Forumu \u00a0\u00a0ba\u015fa \u00e7atsa da m\u00fczakir\u0259 edil\u0259n m\u0259s\u0259l\u0259l\u0259r, s\u0259sl\u0259ndiril\u0259n \u00e7a\u011f\u0131r\u0131\u015flar, \u00fcmidl\u0259r \u00f6lk\u0259 v\u0259 d\u00fcnya m\u0259tbuat\u0131nda geni\u015f \u015f\u0259rh olunur, Az\u0259rbaycan\u0131n artan n\u00fcfuzu t\u0259qdir edilir. Foruma bir \u00e7ox \u00f6lk\u0259l\u0259rin, el\u0259c\u0259 d\u0259 n\u00fcfuzlu beyn\u0259lxalq t\u0259\u015fkilatlar\u0131n n\u00fcmay\u0259nd\u0259l\u0259ri qat\u0131ld\u0131. 100-d\u0259n \u00e7ox \u00f6lk\u0259d\u0259n 700 qonaq i\u015ftirak etdi. T\u0259dbird\u0259 COP29-a haz\u0131rl\u0131q m\u0259qs\u0259dil\u0259 qlobal m\u00fczakir\u0259l\u0259r apar\u0131ld\u0131, yeni d\u00fcnya nizam\u0131na t\u0259hdid yaradan amill\u0259r\u0259, o c\u00fcml\u0259d\u0259n t\u0259hl\u00fck\u0259sizlik m\u0259s\u0259l\u0259sin\u0259 v\u0259 s\u00fclh\u00fcn t\u0259min olunmas\u0131 \u00fc\u00e7\u00fcn perspektivl\u0259r\u0259, par\u00e7alanm\u0131\u015f&hellip;<\/p>\n","protected":false},"author":2,"featured_media":519015,"comment_status":"closed","ping_status":"closed","sticky":false,"template":"","format":"standard","meta":{"om_disable_all_campaigns":false,"_monsterinsights_skip_tracking":false,"_monsterinsights_sitenote_active":false,"_monsterinsights_sitenote_note":"","_monsterinsights_sitenote_category":0},"categories":[2],"tags":[],"aioseo_notices":[],"gutentor_comment":0,"rttpg_featured_image_url":{"full":["https:\/\/arantv.az\/wp-content\/uploads\/2022\/10\/thumb.jpg",360,300,false],"landscape":["https:\/\/arantv.az\/wp-content\/uploads\/2022\/10\/thumb.jpg",360,300,false],"portraits":["https:\/\/arantv.az\/wp-content\/uploads\/2022\/10\/thumb.jpg",360,300,false],"thumbnail":["https:\/\/arantv.az\/wp-content\/uploads\/2022\/10\/thumb-360x280.jpg",360,280,true],"medium":["https:\/\/arantv.az\/wp-content\/uploads\/2022\/10\/thumb.jpg",360,300,false],"large":["https:\/\/arantv.az\/wp-content\/uploads\/2022\/10\/thumb.jpg",360,300,false],"1536x1536":["https:\/\/arantv.az\/wp-content\/uploads\/2022\/10\/thumb.jpg",360,300,false],"2048x2048":["https:\/\/arantv.az\/wp-content\/uploads\/2022\/10\/thumb.jpg",360,300,false],"post-thumbnail":["https:\/\/arantv.az\/wp-content\/uploads\/2022\/10\/thumb-240x172.jpg",240,172,true],"advps-thumb-one":["https:\/\/arantv.az\/wp-content\/uploads\/2022\/10\/thumb.jpg",360,300,false]},"rttpg_author":{"display_name":"V\u00fcsal Rafiqo\u011flu","author_link":"https:\/\/arantv.az\/?author=2"},"rttpg_comment":0,"rttpg_category":"<a href=\"https:\/\/arantv.az\/?cat=2\" rel=\"category\">Region X\u0259b\u0259rl\u0259ri<\/a>","rttpg_excerpt":"F\u0259q\u0259t \u015eadlinskaya YAP B\u0259rd\u0259 rayon t\u0259\u015fkilat\u0131n\u0131n s\u0259dri Az\u0259rbaycan\u0131n beyn\u0259lxalq t\u0259dbirl\u0259r \u00fc\u00e7\u00fcn ideal m\u0259kan kimi q\u0259bul olunmas\u0131 xarici siyas\u0259t u\u011furlar\u0131m\u0131z\u0131n \u0259sas t\u0259rkib hiss\u0259sidir. VI \u00dcmumd\u00fcnya M\u0259d\u0259niyy\u0259tl\u0259raras\u0131 Dialoq Forumu \u00a0\u00a0ba\u015fa \u00e7atsa da m\u00fczakir\u0259 edil\u0259n m\u0259s\u0259l\u0259l\u0259r, s\u0259sl\u0259ndiril\u0259n \u00e7a\u011f\u0131r\u0131\u015flar, \u00fcmidl\u0259r \u00f6lk\u0259 v\u0259 d\u00fcnya m\u0259tbuat\u0131nda geni\u015f \u015f\u0259rh olunur, Az\u0259rbaycan\u0131n artan n\u00fcfuzu t\u0259qdir edilir. Foruma bir \u00e7ox \u00f6lk\u0259l\u0259rin, el\u0259c\u0259 d\u0259 n\u00fcfuzlu&hellip;","_links":{"self":[{"href":"https:\/\/arantv.az\/index.php?rest_route=\/wp\/v2\/posts\/718872"}],"collection":[{"href":"https:\/\/arantv.az\/index.php?rest_route=\/wp\/v2\/posts"}],"about":[{"href":"https:\/\/arantv.az\/index.php?rest_route=\/wp\/v2\/types\/post"}],"author":[{"embeddable":true,"href":"https:\/\/arantv.az\/index.php?rest_route=\/wp\/v2\/users\/2"}],"replies":[{"embeddable":true,"href":"https:\/\/arantv.az\/index.php?rest_route=%2Fwp%2Fv2%2Fcomments&post=718872"}],"version-history":[{"count":0,"href":"https:\/\/arantv.az\/index.php?rest_route=\/wp\/v2\/posts\/718872\/revisions"}],"wp:featuredmedia":[{"embeddable":true,"href":"https:\/\/arantv.az\/index.php?rest_route=\/wp\/v2\/media\/519015"}],"wp:attachment":[{"href":"https:\/\/arantv.az\/index.php?rest_route=%2Fwp%2Fv2%2Fmedia&parent=718872"}],"wp:term":[{"taxonomy":"category","embeddable":true,"href":"https:\/\/arantv.az\/index.php?rest_route=%2Fwp%2Fv2%2Fcategories&post=718872"},{"taxonomy":"post_tag","embeddable":true,"href":"https:\/\/arantv.az\/index.php?rest_route=%2Fwp%2Fv2%2Ftags&post=718872"}],"curies":[{"name":"wp","href":"https:\/\/api.w.org\/{rel}","templated":true}]}}