{"id":718895,"date":"2024-05-06T11:07:50","date_gmt":"2024-05-06T07:07:50","guid":{"rendered":"https:\/\/arantv.az\/?p=718895"},"modified":"2024-05-06T11:07:50","modified_gmt":"2024-05-06T07:07:50","slug":"erm%c9%99ni-h%c9%99rbci-s%c9%99rti-s%c9%99rh%c9%99dd%c9%99-ozl%c9%99rinin-basdirdigi-minaya-dusdu","status":"publish","type":"post","link":"https:\/\/arantv.az\/?p=718895","title":{"rendered":"Erm\u0259ni h\u0259rb\u00e7i \u015f\u0259rti s\u0259rh\u0259dd\u0259 \u00f6zl\u0259rinin basd\u0131rd\u0131\u011f\u0131 minaya d\u00fc\u015fd\u00fc"},"content":{"rendered":"<p>Erm\u0259nistan ordusunun h\u0259rb\u00e7isi Tavu\u015f rayonunun Kirants (G\u00fcn\u0259n) k\u0259ndi istiqam\u0259tind\u0259 minaya d\u00fc\u015f\u00fcb.<\/p>\n<p><strong>ARANTV.AZ <\/strong>\u00a0x\u0259b\u0259r verir ki, m\u0259lumat\u0131 Erm\u0259nistan M\u00fcdafi\u0259 Nazirliyi\u00a0t\u0259sdiql\u0259yib.<\/p>\n<p>\u201cH\u0259rb\u00e7i mina partlamas\u0131 n\u0259tic\u0259sind\u0259 x\u0259sar\u0259t al\u0131b\u201d, &#8211; Erm\u0259nistan M\u00fcdafi\u0259 Nazirliyinin m\u0259tbuat katibi Aram Torosyan bildirib.<\/p>\n<p>M\u0259lumatda h\u0259m\u00e7inin bildirilir ki, minaya d\u00fc\u015f\u0259n h\u0259rb\u00e7i istehkam\u00e7\u0131 olub.<\/p>\n","protected":false},"excerpt":{"rendered":"<p>Erm\u0259nistan ordusunun h\u0259rb\u00e7isi Tavu\u015f rayonunun Kirants (G\u00fcn\u0259n) k\u0259ndi istiqam\u0259tind\u0259 minaya d\u00fc\u015f\u00fcb. ARANTV.AZ \u00a0x\u0259b\u0259r verir ki, m\u0259lumat\u0131 Erm\u0259nistan M\u00fcdafi\u0259 Nazirliyi\u00a0t\u0259sdiql\u0259yib. \u201cH\u0259rb\u00e7i mina partlamas\u0131 n\u0259tic\u0259sind\u0259 x\u0259sar\u0259t al\u0131b\u201d, &#8211; Erm\u0259nistan M\u00fcdafi\u0259 Nazirliyinin m\u0259tbuat katibi Aram Torosyan bildirib. M\u0259lumatda h\u0259m\u00e7inin bildirilir ki, minaya d\u00fc\u015f\u0259n h\u0259rb\u00e7i istehkam\u00e7\u0131 olub.<\/p>\n","protected":false},"author":2,"featured_media":348410,"comment_status":"closed","ping_status":"closed","sticky":false,"template":"","format":"standard","meta":{"om_disable_all_campaigns":false,"_monsterinsights_skip_tracking":false,"_monsterinsights_sitenote_active":false,"_monsterinsights_sitenote_note":"","_monsterinsights_sitenote_category":0},"categories":[7],"tags":[],"aioseo_notices":[],"gutentor_comment":0,"rttpg_featured_image_url":{"full":["https:\/\/arantv.az\/wp-content\/uploads\/2021\/06\/mina_0985.jpg",800,600,false],"landscape":["https:\/\/arantv.az\/wp-content\/uploads\/2021\/06\/mina_0985.jpg",800,600,false],"portraits":["https:\/\/arantv.az\/wp-content\/uploads\/2021\/06\/mina_0985.jpg",800,600,false],"thumbnail":["https:\/\/arantv.az\/wp-content\/uploads\/2021\/06\/mina_0985-500x280.jpg",500,280,true],"medium":["https:\/\/arantv.az\/wp-content\/uploads\/2021\/06\/mina_0985-487x365.jpg",487,365,true],"large":["https:\/\/arantv.az\/wp-content\/uploads\/2021\/06\/mina_0985.jpg",640,480,false],"1536x1536":["https:\/\/arantv.az\/wp-content\/uploads\/2021\/06\/mina_0985.jpg",800,600,false],"2048x2048":["https:\/\/arantv.az\/wp-content\/uploads\/2021\/06\/mina_0985.jpg",800,600,false],"post-thumbnail":["https:\/\/arantv.az\/wp-content\/uploads\/2021\/06\/mina_0985-240x172.jpg",240,172,true],"advps-thumb-one":["https:\/\/arantv.az\/wp-content\/uploads\/2021\/06\/mina_0985.jpg",800,600,false]},"rttpg_author":{"display_name":"V\u00fcsal Rafiqo\u011flu","author_link":"https:\/\/arantv.az\/?author=2"},"rttpg_comment":0,"rttpg_category":"<a href=\"https:\/\/arantv.az\/?cat=7\" rel=\"category\">D\u00fcnya<\/a>","rttpg_excerpt":"Erm\u0259nistan ordusunun h\u0259rb\u00e7isi Tavu\u015f rayonunun Kirants (G\u00fcn\u0259n) k\u0259ndi istiqam\u0259tind\u0259 minaya d\u00fc\u015f\u00fcb. ARANTV.AZ \u00a0x\u0259b\u0259r verir ki, m\u0259lumat\u0131 Erm\u0259nistan M\u00fcdafi\u0259 Nazirliyi\u00a0t\u0259sdiql\u0259yib. \u201cH\u0259rb\u00e7i mina partlamas\u0131 n\u0259tic\u0259sind\u0259 x\u0259sar\u0259t al\u0131b\u201d, &#8211; Erm\u0259nistan M\u00fcdafi\u0259 Nazirliyinin m\u0259tbuat katibi Aram Torosyan bildirib. M\u0259lumatda h\u0259m\u00e7inin bildirilir ki, minaya d\u00fc\u015f\u0259n h\u0259rb\u00e7i istehkam\u00e7\u0131 olub.","_links":{"self":[{"href":"https:\/\/arantv.az\/index.php?rest_route=\/wp\/v2\/posts\/718895"}],"collection":[{"href":"https:\/\/arantv.az\/index.php?rest_route=\/wp\/v2\/posts"}],"about":[{"href":"https:\/\/arantv.az\/index.php?rest_route=\/wp\/v2\/types\/post"}],"author":[{"embeddable":true,"href":"https:\/\/arantv.az\/index.php?rest_route=\/wp\/v2\/users\/2"}],"replies":[{"embeddable":true,"href":"https:\/\/arantv.az\/index.php?rest_route=%2Fwp%2Fv2%2Fcomments&post=718895"}],"version-history":[{"count":0,"href":"https:\/\/arantv.az\/index.php?rest_route=\/wp\/v2\/posts\/718895\/revisions"}],"wp:featuredmedia":[{"embeddable":true,"href":"https:\/\/arantv.az\/index.php?rest_route=\/wp\/v2\/media\/348410"}],"wp:attachment":[{"href":"https:\/\/arantv.az\/index.php?rest_route=%2Fwp%2Fv2%2Fmedia&parent=718895"}],"wp:term":[{"taxonomy":"category","embeddable":true,"href":"https:\/\/arantv.az\/index.php?rest_route=%2Fwp%2Fv2%2Fcategories&post=718895"},{"taxonomy":"post_tag","embeddable":true,"href":"https:\/\/arantv.az\/index.php?rest_route=%2Fwp%2Fv2%2Ftags&post=718895"}],"curies":[{"name":"wp","href":"https:\/\/api.w.org\/{rel}","templated":true}]}}