{"id":719104,"date":"2024-05-06T19:08:00","date_gmt":"2024-05-06T15:08:00","guid":{"rendered":"https:\/\/arantv.az\/?p=719104"},"modified":"2024-05-06T19:08:00","modified_gmt":"2024-05-06T15:08:00","slug":"bu-il-xaribulbul-festivali-susa-v%c9%99-lacinda-keciril%c9%99c%c9%99k","status":"publish","type":"post","link":"https:\/\/arantv.az\/?p=719104","title":{"rendered":"Bu il \u201cXar\u0131b\u00fclb\u00fcl\u201d festival\u0131 \u015eu\u015fa v\u0259 La\u00e7\u0131nda ke\u00e7iril\u0259c\u0259k"},"content":{"rendered":"<p>Bu il \u201cXar\u0131b\u00fclb\u00fcl\u201d festival\u0131 \u015eu\u015fa v\u0259 La\u00e7\u0131nda ke\u00e7iril\u0259c\u0259k.<\/p>\n<p><b>ARANTV.AZ <\/b>x\u0259b\u0259r verir ki, May\u0131n 11-13-d\u0259 Heyd\u0259r \u018fliyev Fondu v\u0259 M\u0259d\u0259niyy\u0259t Nazirliyinin t\u0259\u015fkilat\u00e7\u0131l\u0131\u011f\u0131 il\u0259 \u201cXar\u0131b\u00fclb\u00fcl\u201d VII Beyn\u0259lxalq Musiqi Festival\u0131 ke\u00e7iril\u0259c\u0259k. Bu il 35 ya\u015f\u0131n\u0131 qeyd ed\u0259n festival \u015eu\u015fa v\u0259 La\u00e7\u0131n \u015f\u0259h\u0259rl\u0259rind\u0259 ba\u015f tutacaq.<\/p>\n<p>Qeyd ed\u0259k ki, \u015eu\u015fa \u015f\u0259h\u0259ri 2024-c\u00fc il \u00fc\u00e7\u00fcn \u201c\u0130slam d\u00fcnyas\u0131n\u0131n m\u0259d\u0259niyy\u0259t paytaxt\u0131\u201d elan olunub. Az\u0259rbaycan Respublikas\u0131n\u0131n Prezidenti\u00a0<strong>\u0130lham \u018fliyev<\/strong>\u00a0\u00f6t\u0259n ilin noyabr\u0131nda bununla ba\u011fl\u0131 t\u0259dbirl\u0259r haqq\u0131nda S\u0259r\u0259ncam imzalay\u0131b. \u00d6z n\u00f6vb\u0259sind\u0259 \u201cXar\u0131b\u00fclb\u00fcl\u201d Beyn\u0259lxalq Musiqi Festival\u0131 da islam d\u00fcnyas\u0131 \u00f6lk\u0259l\u0259ri aras\u0131nda m\u0259d\u0259ni \u0259laq\u0259l\u0259rin inki\u015faf\u0131na t\u00f6hf\u0259 ver\u0259c\u0259k. Builki festival i\u015ftirak\u00e7\u0131lar\u0131 aras\u0131nda h\u0259m d\u0259 ICESCO-ya \u00fczv \u00f6lk\u0259l\u0259rd\u0259n ifa\u00e7\u0131lar v\u0259 yarad\u0131c\u0131 kollektivl\u0259r yer alacaq.<\/p>\n<p>Festival\u0131n proqram\u0131 i\u015ftirak ed\u0259c\u0259k ifa\u00e7\u0131lar\u0131n z\u0259nginliyi il\u0259 yana\u015f\u0131, h\u0259m d\u0259 repertuar v\u0259 f\u0259rqli t\u0259qdimatlarla yadda qalacaq.<\/p>\n<p>May\u0131n 11-d\u0259 C\u0131d\u0131r d\u00fcz\u00fcnd\u0259 \u201c\u015eu\u015fa &#8211; \u0130slam d\u00fcnyas\u0131n\u0131n m\u0259d\u0259niyy\u0259t paytaxt\u0131 2024\u201d ilinin v\u0259 \u201cXar\u0131b\u00fclb\u00fcl\u201d VII Beyn\u0259lxalq Musiqi Festival\u0131n\u0131n a\u00e7\u0131l\u0131\u015f konserti ke\u00e7iril\u0259c\u0259k.<\/p>\n<p>Festival may\u0131n 13-d\u0259 La\u00e7\u0131nda davam ed\u0259c\u0259k. H\u0259k\u0259ri \u00e7ay\u0131 \u0259traf\u0131nda qonaqlara f\u0259rqli \u00f6lk\u0259l\u0259rd\u0259n g\u0259l\u0259n ifa\u00e7\u0131lar\u0131n t\u0259qdimat\u0131nda konsert t\u0259qdim olunacaq.<\/p>\n<p>\u015eu\u015fan\u0131n r\u0259mzi olan g\u00fcl\u00fcn ad\u0131n\u0131 da\u015f\u0131yan \u201cXar\u0131b\u00fclb\u00fcl\u201d Musiqi Festival\u0131 1989-cu ild\u0259n ke\u00e7irilir. Festival h\u0259min il may ay\u0131nda m\u0259\u015fhur xan\u0259nd\u0259, pedaqoq, Xalq artisti Seyid \u015eu\u015finskinin 100 illik yubileyi il\u0259 \u0259laq\u0259dar A\u011fdam rayonunun Abdal G\u00fclabl\u0131 k\u0259ndind\u0259 ba\u015flay\u0131b, \u015eu\u015fada davam edib v\u0259 A\u011fdamda yekun konsertl\u0259 ba\u015fa \u00e7atm\u0131\u015fd\u0131. 1990-c\u0131 ild\u0259n is\u0259 \u201cXar\u0131b\u00fclb\u00fcl\u201d festival\u0131 beyn\u0259lxalq status al\u0131b.<\/p>\n<p>Qaraba\u011f m\u00fcnaqi\u015f\u0259si d\u00f6vr\u00fcnd\u0259 \u00a0\u0259sas konsertl\u0259r A\u011fdamda t\u0259\u015fkil edilib. Festival\u0131n bir s\u0131ra konsertl\u0259ri B\u0259rd\u0259 v\u0259 A\u011fcab\u0259did\u0259 d\u0259 ke\u00e7irilib.<\/p>\n<p>V\u0259t\u0259n m\u00fcharib\u0259sind\u0259ki tarixi z\u0259f\u0259rimizl\u0259 torpaqlar\u0131m\u0131z i\u015f\u011faldan azad olunduqdan sonra festival yenid\u0259n \u015eu\u015faya qay\u0131d\u0131b. Bu il is\u0259 festival\u0131n m\u0259kan\u0131 geni\u015fl\u0259n\u0259r\u0259k La\u00e7\u0131n \u015f\u0259h\u0259rini d\u0259 \u0259hat\u0259 edir.<\/p>\n","protected":false},"excerpt":{"rendered":"<p>Bu il \u201cXar\u0131b\u00fclb\u00fcl\u201d festival\u0131 \u015eu\u015fa v\u0259 La\u00e7\u0131nda ke\u00e7iril\u0259c\u0259k. ARANTV.AZ x\u0259b\u0259r verir ki, May\u0131n 11-13-d\u0259 Heyd\u0259r \u018fliyev Fondu v\u0259 M\u0259d\u0259niyy\u0259t Nazirliyinin t\u0259\u015fkilat\u00e7\u0131l\u0131\u011f\u0131 il\u0259 \u201cXar\u0131b\u00fclb\u00fcl\u201d VII Beyn\u0259lxalq Musiqi Festival\u0131 ke\u00e7iril\u0259c\u0259k. Bu il 35 ya\u015f\u0131n\u0131 qeyd ed\u0259n festival \u015eu\u015fa v\u0259 La\u00e7\u0131n \u015f\u0259h\u0259rl\u0259rind\u0259 ba\u015f tutacaq. Qeyd ed\u0259k ki, \u015eu\u015fa \u015f\u0259h\u0259ri 2024-c\u00fc il \u00fc\u00e7\u00fcn \u201c\u0130slam d\u00fcnyas\u0131n\u0131n m\u0259d\u0259niyy\u0259t paytaxt\u0131\u201d elan olunub. Az\u0259rbaycan Respublikas\u0131n\u0131n Prezidenti\u00a0\u0130lham \u018fliyev\u00a0\u00f6t\u0259n ilin noyabr\u0131nda bununla ba\u011fl\u0131 t\u0259dbirl\u0259r haqq\u0131nda S\u0259r\u0259ncam imzalay\u0131b. \u00d6z n\u00f6vb\u0259sind\u0259 \u201cXar\u0131b\u00fclb\u00fcl\u201d Beyn\u0259lxalq Musiqi Festival\u0131 da islam d\u00fcnyas\u0131 \u00f6lk\u0259l\u0259ri aras\u0131nda m\u0259d\u0259ni \u0259laq\u0259l\u0259rin inki\u015faf\u0131na t\u00f6hf\u0259 ver\u0259c\u0259k. Builki festival i\u015ftirak\u00e7\u0131lar\u0131 aras\u0131nda h\u0259m d\u0259 ICESCO-ya&hellip;<\/p>\n","protected":false},"author":2,"featured_media":719105,"comment_status":"closed","ping_status":"closed","sticky":false,"template":"","format":"standard","meta":{"om_disable_all_campaigns":false,"_monsterinsights_skip_tracking":false,"_monsterinsights_sitenote_active":false,"_monsterinsights_sitenote_note":"","_monsterinsights_sitenote_category":0},"categories":[19],"tags":[],"aioseo_notices":[],"gutentor_comment":0,"rttpg_featured_image_url":{"full":["https:\/\/arantv.az\/wp-content\/uploads\/2024\/05\/FotoJet-8.jpg",620,413,false],"landscape":["https:\/\/arantv.az\/wp-content\/uploads\/2024\/05\/FotoJet-8.jpg",620,413,false],"portraits":["https:\/\/arantv.az\/wp-content\/uploads\/2024\/05\/FotoJet-8.jpg",620,413,false],"thumbnail":["https:\/\/arantv.az\/wp-content\/uploads\/2024\/05\/FotoJet-8-500x280.jpg",500,280,true],"medium":["https:\/\/arantv.az\/wp-content\/uploads\/2024\/05\/FotoJet-8-548x365.jpg",548,365,true],"large":["https:\/\/arantv.az\/wp-content\/uploads\/2024\/05\/FotoJet-8.jpg",620,413,false],"1536x1536":["https:\/\/arantv.az\/wp-content\/uploads\/2024\/05\/FotoJet-8.jpg",620,413,false],"2048x2048":["https:\/\/arantv.az\/wp-content\/uploads\/2024\/05\/FotoJet-8.jpg",620,413,false],"post-thumbnail":["https:\/\/arantv.az\/wp-content\/uploads\/2024\/05\/FotoJet-8-240x172.jpg",240,172,true],"advps-thumb-one":["https:\/\/arantv.az\/wp-content\/uploads\/2024\/05\/FotoJet-8.jpg",620,413,false]},"rttpg_author":{"display_name":"V\u00fcsal Rafiqo\u011flu","author_link":"https:\/\/arantv.az\/?author=2"},"rttpg_comment":0,"rttpg_category":"<a href=\"https:\/\/arantv.az\/?cat=19\" rel=\"category\">G\u00fcnd\u0259m<\/a>","rttpg_excerpt":"Bu il \u201cXar\u0131b\u00fclb\u00fcl\u201d festival\u0131 \u015eu\u015fa v\u0259 La\u00e7\u0131nda ke\u00e7iril\u0259c\u0259k. ARANTV.AZ x\u0259b\u0259r verir ki, May\u0131n 11-13-d\u0259 Heyd\u0259r \u018fliyev Fondu v\u0259 M\u0259d\u0259niyy\u0259t Nazirliyinin t\u0259\u015fkilat\u00e7\u0131l\u0131\u011f\u0131 il\u0259 \u201cXar\u0131b\u00fclb\u00fcl\u201d VII Beyn\u0259lxalq Musiqi Festival\u0131 ke\u00e7iril\u0259c\u0259k. Bu il 35 ya\u015f\u0131n\u0131 qeyd ed\u0259n festival \u015eu\u015fa v\u0259 La\u00e7\u0131n \u015f\u0259h\u0259rl\u0259rind\u0259 ba\u015f tutacaq. Qeyd ed\u0259k ki, \u015eu\u015fa \u015f\u0259h\u0259ri 2024-c\u00fc il \u00fc\u00e7\u00fcn \u201c\u0130slam d\u00fcnyas\u0131n\u0131n m\u0259d\u0259niyy\u0259t paytaxt\u0131\u201d elan olunub.&hellip;","_links":{"self":[{"href":"https:\/\/arantv.az\/index.php?rest_route=\/wp\/v2\/posts\/719104"}],"collection":[{"href":"https:\/\/arantv.az\/index.php?rest_route=\/wp\/v2\/posts"}],"about":[{"href":"https:\/\/arantv.az\/index.php?rest_route=\/wp\/v2\/types\/post"}],"author":[{"embeddable":true,"href":"https:\/\/arantv.az\/index.php?rest_route=\/wp\/v2\/users\/2"}],"replies":[{"embeddable":true,"href":"https:\/\/arantv.az\/index.php?rest_route=%2Fwp%2Fv2%2Fcomments&post=719104"}],"version-history":[{"count":0,"href":"https:\/\/arantv.az\/index.php?rest_route=\/wp\/v2\/posts\/719104\/revisions"}],"wp:featuredmedia":[{"embeddable":true,"href":"https:\/\/arantv.az\/index.php?rest_route=\/wp\/v2\/media\/719105"}],"wp:attachment":[{"href":"https:\/\/arantv.az\/index.php?rest_route=%2Fwp%2Fv2%2Fmedia&parent=719104"}],"wp:term":[{"taxonomy":"category","embeddable":true,"href":"https:\/\/arantv.az\/index.php?rest_route=%2Fwp%2Fv2%2Fcategories&post=719104"},{"taxonomy":"post_tag","embeddable":true,"href":"https:\/\/arantv.az\/index.php?rest_route=%2Fwp%2Fv2%2Ftags&post=719104"}],"curies":[{"name":"wp","href":"https:\/\/api.w.org\/{rel}","templated":true}]}}