{"id":719118,"date":"2024-05-06T19:11:08","date_gmt":"2024-05-06T15:11:08","guid":{"rendered":"https:\/\/arantv.az\/?p=719118"},"modified":"2024-05-06T19:11:08","modified_gmt":"2024-05-06T15:11:08","slug":"dtx-nin-%c9%99m%c9%99kdaslari-heyd%c9%99r-zirv%c9%99sin%c9%99-yurus-edibl%c9%99r-foto","status":"publish","type":"post","link":"https:\/\/arantv.az\/?p=719118","title":{"rendered":"DTX-nin \u0259m\u0259kda\u015flar\u0131 \u201cHeyd\u0259r zirv\u0259si\u201dn\u0259 y\u00fcr\u00fc\u015f edibl\u0259r &#8211; FOTO"},"content":{"rendered":"<p>D\u00f6vl\u0259t T\u0259hl\u00fck\u0259sizliyi Xidm\u0259tinin (DTX) bir qrup \u0259m\u0259kda\u015f\u0131 t\u0259r\u0259find\u0259n \u00fcmummilli lider\u00a0<strong>Heyd\u0259r \u018fliyevin<\/strong>\u00a0anadan olmas\u0131n\u0131n 101-ci ild\u00f6n\u00fcm\u00fc m\u00fcnasib\u0259til\u0259 ulu \u00f6nd\u0259rin ad\u0131n\u0131 da\u015f\u0131yan, B\u00f6y\u00fck Qafqaz s\u0131ra da\u011flar\u0131n\u0131n Ba\u015fda\u011f silsil\u0259sinin d\u0259niz s\u0259viyy\u0259sind\u0259n 3751 metr h\u00fcnd\u00fcrl\u00fckd\u0259 yerl\u0259\u015f\u0259n \u201cHeyd\u0259r zirv\u0259si\u201dn\u0259 \u0259n\u0259n\u0259vi y\u00fcr\u00fc\u015f t\u0259\u015fkil olunub.<\/p>\n<p><strong>ARANTV.AZ <\/strong>\u00a0x\u0259b\u0259r verir ki, bu bar\u0259d\u0259 D\u00f6vl\u0259t T\u0259hl\u00fck\u0259sizliyi Xidm\u0259tinin (DTX) M\u0259tbuat Xidm\u0259tind\u0259n m\u0259lumat verilib.<\/p>\n<p>Bildirilib ki, y\u00fcr\u00fc\u015f i\u015ftirak\u00e7\u0131lar\u0131 m\u00fcr\u0259kk\u0259b relyef v\u0259 s\u0259rt iqlim \u015f\u0259raitind\u0259 qabaqcadan m\u00fc\u0259yy\u0259n olunmu\u015f mar\u015frut \u00fczr\u0259 h\u0259r\u0259k\u0259tl\u0259rini davam etdir\u0259r\u0259k t\u0259yin olunmu\u015f vaxtda \u201cHeyd\u0259r zirv\u0259si\u201dn\u0259 qalx\u0131b, \u00fcmummilli liderin barelyefi \u00f6n\u00fcnd\u0259 dahi \u015f\u0259xsiyy\u0259tin \u0259ziz xatir\u0259sini d\u0259rin ehtiramla yad etdikd\u0259n sonra orada Az\u0259rbaycan Respublikas\u0131n\u0131n D\u00f6vl\u0259t Bayra\u011f\u0131n\u0131 ucald\u0131b, DTX-nin ad\u0131 v\u0259 emblemi \u0259ks olunan plakat\u0131 yerl\u0259\u015fdiribl\u0259r.<\/p>\n<p>&nbsp;<\/p>\n<div class=\"gallery\">\n<div class=\"gallery-i\"><img src=\"https:\/\/cdn.oxu.az\/uploads\/W1siZiIsIjIwMjQvMDUvMDYvMTgvMzQvMjUvZWYxMWY0MTctZjFhNC00Nzc3LWFmYTgtOTc4MjYzZmJmMzI0LzMzMy5qcGciXSxbInAiLCJlbmNvZGUiLCJqcGciLCItcXVhbGl0eSA4MCJdLFsicCIsInRodW1iIiwiNTkweDU5MFx1MDAzZSJdXQ?sha=5839de9c748df5c2\" alt=\"\" \/><\/div>\n<\/div>\n","protected":false},"excerpt":{"rendered":"<p>D\u00f6vl\u0259t T\u0259hl\u00fck\u0259sizliyi Xidm\u0259tinin (DTX) bir qrup \u0259m\u0259kda\u015f\u0131 t\u0259r\u0259find\u0259n \u00fcmummilli lider\u00a0Heyd\u0259r \u018fliyevin\u00a0anadan olmas\u0131n\u0131n 101-ci ild\u00f6n\u00fcm\u00fc m\u00fcnasib\u0259til\u0259 ulu \u00f6nd\u0259rin ad\u0131n\u0131 da\u015f\u0131yan, B\u00f6y\u00fck Qafqaz s\u0131ra da\u011flar\u0131n\u0131n Ba\u015fda\u011f silsil\u0259sinin d\u0259niz s\u0259viyy\u0259sind\u0259n 3751 metr h\u00fcnd\u00fcrl\u00fckd\u0259 yerl\u0259\u015f\u0259n \u201cHeyd\u0259r zirv\u0259si\u201dn\u0259 \u0259n\u0259n\u0259vi y\u00fcr\u00fc\u015f t\u0259\u015fkil olunub. ARANTV.AZ \u00a0x\u0259b\u0259r verir ki, bu bar\u0259d\u0259 D\u00f6vl\u0259t T\u0259hl\u00fck\u0259sizliyi Xidm\u0259tinin (DTX) M\u0259tbuat Xidm\u0259tind\u0259n m\u0259lumat verilib. Bildirilib ki, y\u00fcr\u00fc\u015f i\u015ftirak\u00e7\u0131lar\u0131 m\u00fcr\u0259kk\u0259b relyef v\u0259 s\u0259rt iqlim \u015f\u0259raitind\u0259 qabaqcadan m\u00fc\u0259yy\u0259n olunmu\u015f mar\u015frut \u00fczr\u0259 h\u0259r\u0259k\u0259tl\u0259rini davam etdir\u0259r\u0259k t\u0259yin olunmu\u015f vaxtda \u201cHeyd\u0259r zirv\u0259si\u201dn\u0259 qalx\u0131b, \u00fcmummilli liderin barelyefi \u00f6n\u00fcnd\u0259 dahi \u015f\u0259xsiyy\u0259tin \u0259ziz xatir\u0259sini d\u0259rin ehtiramla yad etdikd\u0259n sonra orada Az\u0259rbaycan&hellip;<\/p>\n","protected":false},"author":2,"featured_media":719119,"comment_status":"closed","ping_status":"closed","sticky":false,"template":"","format":"standard","meta":{"om_disable_all_campaigns":false,"_monsterinsights_skip_tracking":false,"_monsterinsights_sitenote_active":false,"_monsterinsights_sitenote_note":"","_monsterinsights_sitenote_category":0},"categories":[4],"tags":[],"aioseo_notices":[],"gutentor_comment":0,"rttpg_featured_image_url":{"full":["https:\/\/arantv.az\/wp-content\/uploads\/2024\/05\/202c7549-6c66-3c3f-b626-4bf1389835b9_850.jpg",620,413,false],"landscape":["https:\/\/arantv.az\/wp-content\/uploads\/2024\/05\/202c7549-6c66-3c3f-b626-4bf1389835b9_850.jpg",620,413,false],"portraits":["https:\/\/arantv.az\/wp-content\/uploads\/2024\/05\/202c7549-6c66-3c3f-b626-4bf1389835b9_850.jpg",620,413,false],"thumbnail":["https:\/\/arantv.az\/wp-content\/uploads\/2024\/05\/202c7549-6c66-3c3f-b626-4bf1389835b9_850-500x280.jpg",500,280,true],"medium":["https:\/\/arantv.az\/wp-content\/uploads\/2024\/05\/202c7549-6c66-3c3f-b626-4bf1389835b9_850-548x365.jpg",548,365,true],"large":["https:\/\/arantv.az\/wp-content\/uploads\/2024\/05\/202c7549-6c66-3c3f-b626-4bf1389835b9_850.jpg",620,413,false],"1536x1536":["https:\/\/arantv.az\/wp-content\/uploads\/2024\/05\/202c7549-6c66-3c3f-b626-4bf1389835b9_850.jpg",620,413,false],"2048x2048":["https:\/\/arantv.az\/wp-content\/uploads\/2024\/05\/202c7549-6c66-3c3f-b626-4bf1389835b9_850.jpg",620,413,false],"post-thumbnail":["https:\/\/arantv.az\/wp-content\/uploads\/2024\/05\/202c7549-6c66-3c3f-b626-4bf1389835b9_850-240x172.jpg",240,172,true],"advps-thumb-one":["https:\/\/arantv.az\/wp-content\/uploads\/2024\/05\/202c7549-6c66-3c3f-b626-4bf1389835b9_850.jpg",620,413,false]},"rttpg_author":{"display_name":"V\u00fcsal Rafiqo\u011flu","author_link":"https:\/\/arantv.az\/?author=2"},"rttpg_comment":0,"rttpg_category":"<a href=\"https:\/\/arantv.az\/?cat=4\" rel=\"category\">Siyas\u0259t<\/a>","rttpg_excerpt":"D\u00f6vl\u0259t T\u0259hl\u00fck\u0259sizliyi Xidm\u0259tinin (DTX) bir qrup \u0259m\u0259kda\u015f\u0131 t\u0259r\u0259find\u0259n \u00fcmummilli lider\u00a0Heyd\u0259r \u018fliyevin\u00a0anadan olmas\u0131n\u0131n 101-ci ild\u00f6n\u00fcm\u00fc m\u00fcnasib\u0259til\u0259 ulu \u00f6nd\u0259rin ad\u0131n\u0131 da\u015f\u0131yan, B\u00f6y\u00fck Qafqaz s\u0131ra da\u011flar\u0131n\u0131n Ba\u015fda\u011f silsil\u0259sinin d\u0259niz s\u0259viyy\u0259sind\u0259n 3751 metr h\u00fcnd\u00fcrl\u00fckd\u0259 yerl\u0259\u015f\u0259n \u201cHeyd\u0259r zirv\u0259si\u201dn\u0259 \u0259n\u0259n\u0259vi y\u00fcr\u00fc\u015f t\u0259\u015fkil olunub. ARANTV.AZ \u00a0x\u0259b\u0259r verir ki, bu bar\u0259d\u0259 D\u00f6vl\u0259t T\u0259hl\u00fck\u0259sizliyi Xidm\u0259tinin (DTX) M\u0259tbuat Xidm\u0259tind\u0259n m\u0259lumat verilib. Bildirilib ki, y\u00fcr\u00fc\u015f i\u015ftirak\u00e7\u0131lar\u0131&hellip;","_links":{"self":[{"href":"https:\/\/arantv.az\/index.php?rest_route=\/wp\/v2\/posts\/719118"}],"collection":[{"href":"https:\/\/arantv.az\/index.php?rest_route=\/wp\/v2\/posts"}],"about":[{"href":"https:\/\/arantv.az\/index.php?rest_route=\/wp\/v2\/types\/post"}],"author":[{"embeddable":true,"href":"https:\/\/arantv.az\/index.php?rest_route=\/wp\/v2\/users\/2"}],"replies":[{"embeddable":true,"href":"https:\/\/arantv.az\/index.php?rest_route=%2Fwp%2Fv2%2Fcomments&post=719118"}],"version-history":[{"count":0,"href":"https:\/\/arantv.az\/index.php?rest_route=\/wp\/v2\/posts\/719118\/revisions"}],"wp:featuredmedia":[{"embeddable":true,"href":"https:\/\/arantv.az\/index.php?rest_route=\/wp\/v2\/media\/719119"}],"wp:attachment":[{"href":"https:\/\/arantv.az\/index.php?rest_route=%2Fwp%2Fv2%2Fmedia&parent=719118"}],"wp:term":[{"taxonomy":"category","embeddable":true,"href":"https:\/\/arantv.az\/index.php?rest_route=%2Fwp%2Fv2%2Fcategories&post=719118"},{"taxonomy":"post_tag","embeddable":true,"href":"https:\/\/arantv.az\/index.php?rest_route=%2Fwp%2Fv2%2Ftags&post=719118"}],"curies":[{"name":"wp","href":"https:\/\/api.w.org\/{rel}","templated":true}]}}