{"id":719141,"date":"2024-05-06T20:03:54","date_gmt":"2024-05-06T16:03:54","guid":{"rendered":"https:\/\/arantv.az\/?p=719141"},"modified":"2024-05-06T20:03:54","modified_gmt":"2024-05-06T16:03:54","slug":"rusiya-dovl%c9%99t-dumasindan-seckil%c9%99rl%c9%99-bagli-q%c9%99rar-kimin-namiz%c9%99dliyini-ir%c9%99li-surm%c9%99si-qadagan-edildi","status":"publish","type":"post","link":"https:\/\/arantv.az\/?p=719141","title":{"rendered":"Rusiya D\u00f6vl\u0259t Dumas\u0131ndan se\u00e7kil\u0259rl\u0259 ba\u011fl\u0131 q\u0259rar: Kimin namiz\u0259dliyini ir\u0259li s\u00fcrm\u0259si qada\u011fan edildi?"},"content":{"rendered":"<p>Rusiya D\u00f6vl\u0259t Dumas\u0131n\u0131n deputatlar\u0131 \u201cSe\u00e7ki h\u00fcquqlar\u0131n\u0131n \u0259sas t\u0259minatlar\u0131 haqq\u0131nda\u201d qanuna xarici agentl\u0259rin\u00a0se\u00e7kil\u0259rind\u0259 namiz\u0259d kimi i\u015ftirak\u0131n\u0131 qada\u011fan ed\u0259n d\u00fcz\u0259li\u015fl\u0259ri ikinci v\u0259 \u00fc\u00e7\u00fcnc\u00fc oxunu\u015fda q\u0259bul edibl\u0259r.<\/p>\n<p>Q\u0259bul edilmi\u015f d\u0259yi\u015fiklikl\u0259r\u0259 \u0259sas\u0259n, qanuna \u201cnamiz\u0259din qeydiyyat\u0131 \u00fc\u00e7\u00fcn t\u0259l\u0259b olunan s\u0259n\u0259dl\u0259rin, namiz\u0259dl\u0259rin siyah\u0131s\u0131n\u0131n t\u0259qdim edildiyi vaxta q\u0259d\u0259r namiz\u0259d xarici agent statusuna xitam verm\u0259y\u0259 borcludur\u201d m\u00fcdd\u0259as\u0131 \u0259lav\u0259 edilib.<\/p>\n<p>Qada\u011fa federal hakimiyy\u0259t orqanlar\u0131na, Rusiya Federasiyas\u0131n\u0131n t\u0259sis qurumlar\u0131n\u0131n hakimiyy\u0259t orqanlar\u0131na, federal \u0259razinin d\u00f6vl\u0259t orqanlar\u0131na, habel\u0259 yerli \u00f6z\u00fcn\u00fcidar\u0259etm\u0259 orqanlar\u0131na olan se\u00e7kil\u0259r\u0259 \u015famil edilir.<\/p>\n<p>D\u0259yi\u015fiklikl\u0259r, h\u0259m\u00e7inin qanunun q\u00fcvv\u0259y\u0259 minm\u0259sind\u0259n 180 g\u00fcn sonra xarici agentl\u0259rin\u00a0d\u00f6vl\u0259t orqanlar\u0131nda s\u0259lahiyy\u0259tl\u0259rin\u0259 vaxt\u0131ndan \u0259vv\u0259l xitam verilm\u0259sini n\u0259z\u0259rd\u0259 tutur.<\/p>\n<p>\u201cXarici agentl\u0259r\u201d v\u0259 \u201cekstremistl\u0259r v\u0259 terror\u00e7ular\u201d reyestrin\u0259 daxil edilmi\u015f \u015f\u0259xsl\u0259r, eyni zamanda, se\u00e7kil\u0259rd\u0259 m\u00fc\u015fahid\u0259\u00e7i, namiz\u0259dl\u0259rin v\u0259 se\u00e7ki birlikl\u0259rinin v\u0259kil t\u0259yin edilmi\u015f \u015f\u0259xsl\u0259ri v\u0259 s\u0259lahiyy\u0259tli n\u00fcmay\u0259nd\u0259l\u0259ri qismind\u0259 i\u015ftirak ed\u0259 bilm\u0259y\u0259c\u0259kl\u0259r.<\/p>\n<p>M\u0259nb\u0259: \u0130nterfaks.ru<\/p>\n","protected":false},"excerpt":{"rendered":"<p>Rusiya D\u00f6vl\u0259t Dumas\u0131n\u0131n deputatlar\u0131 \u201cSe\u00e7ki h\u00fcquqlar\u0131n\u0131n \u0259sas t\u0259minatlar\u0131 haqq\u0131nda\u201d qanuna xarici agentl\u0259rin\u00a0se\u00e7kil\u0259rind\u0259 namiz\u0259d kimi i\u015ftirak\u0131n\u0131 qada\u011fan ed\u0259n d\u00fcz\u0259li\u015fl\u0259ri ikinci v\u0259 \u00fc\u00e7\u00fcnc\u00fc oxunu\u015fda q\u0259bul edibl\u0259r. Q\u0259bul edilmi\u015f d\u0259yi\u015fiklikl\u0259r\u0259 \u0259sas\u0259n, qanuna \u201cnamiz\u0259din qeydiyyat\u0131 \u00fc\u00e7\u00fcn t\u0259l\u0259b olunan s\u0259n\u0259dl\u0259rin, namiz\u0259dl\u0259rin siyah\u0131s\u0131n\u0131n t\u0259qdim edildiyi vaxta q\u0259d\u0259r namiz\u0259d xarici agent statusuna xitam verm\u0259y\u0259 borcludur\u201d m\u00fcdd\u0259as\u0131 \u0259lav\u0259 edilib. Qada\u011fa federal hakimiyy\u0259t orqanlar\u0131na, Rusiya Federasiyas\u0131n\u0131n t\u0259sis qurumlar\u0131n\u0131n hakimiyy\u0259t orqanlar\u0131na, federal \u0259razinin d\u00f6vl\u0259t orqanlar\u0131na, habel\u0259 yerli \u00f6z\u00fcn\u00fcidar\u0259etm\u0259 orqanlar\u0131na olan se\u00e7kil\u0259r\u0259 \u015famil edilir. D\u0259yi\u015fiklikl\u0259r, h\u0259m\u00e7inin qanunun q\u00fcvv\u0259y\u0259 minm\u0259sind\u0259n 180 g\u00fcn sonra xarici agentl\u0259rin\u00a0d\u00f6vl\u0259t orqanlar\u0131nda s\u0259lahiyy\u0259tl\u0259rin\u0259 vaxt\u0131ndan \u0259vv\u0259l xitam verilm\u0259sini n\u0259z\u0259rd\u0259&hellip;<\/p>\n","protected":false},"author":2,"featured_media":719142,"comment_status":"closed","ping_status":"closed","sticky":false,"template":"","format":"standard","meta":{"om_disable_all_campaigns":false,"_monsterinsights_skip_tracking":false,"_monsterinsights_sitenote_active":false,"_monsterinsights_sitenote_note":"","_monsterinsights_sitenote_category":0},"categories":[7],"tags":[],"aioseo_notices":[],"gutentor_comment":0,"rttpg_featured_image_url":{"full":["https:\/\/arantv.az\/wp-content\/uploads\/2024\/05\/FotoJet-2024-05-06T142546.938.jpg",620,413,false],"landscape":["https:\/\/arantv.az\/wp-content\/uploads\/2024\/05\/FotoJet-2024-05-06T142546.938.jpg",620,413,false],"portraits":["https:\/\/arantv.az\/wp-content\/uploads\/2024\/05\/FotoJet-2024-05-06T142546.938.jpg",620,413,false],"thumbnail":["https:\/\/arantv.az\/wp-content\/uploads\/2024\/05\/FotoJet-2024-05-06T142546.938-500x280.jpg",500,280,true],"medium":["https:\/\/arantv.az\/wp-content\/uploads\/2024\/05\/FotoJet-2024-05-06T142546.938-548x365.jpg",548,365,true],"large":["https:\/\/arantv.az\/wp-content\/uploads\/2024\/05\/FotoJet-2024-05-06T142546.938.jpg",620,413,false],"1536x1536":["https:\/\/arantv.az\/wp-content\/uploads\/2024\/05\/FotoJet-2024-05-06T142546.938.jpg",620,413,false],"2048x2048":["https:\/\/arantv.az\/wp-content\/uploads\/2024\/05\/FotoJet-2024-05-06T142546.938.jpg",620,413,false],"post-thumbnail":["https:\/\/arantv.az\/wp-content\/uploads\/2024\/05\/FotoJet-2024-05-06T142546.938-240x172.jpg",240,172,true],"advps-thumb-one":["https:\/\/arantv.az\/wp-content\/uploads\/2024\/05\/FotoJet-2024-05-06T142546.938.jpg",620,413,false]},"rttpg_author":{"display_name":"V\u00fcsal Rafiqo\u011flu","author_link":"https:\/\/arantv.az\/?author=2"},"rttpg_comment":0,"rttpg_category":"<a href=\"https:\/\/arantv.az\/?cat=7\" rel=\"category\">D\u00fcnya<\/a>","rttpg_excerpt":"Rusiya D\u00f6vl\u0259t Dumas\u0131n\u0131n deputatlar\u0131 \u201cSe\u00e7ki h\u00fcquqlar\u0131n\u0131n \u0259sas t\u0259minatlar\u0131 haqq\u0131nda\u201d qanuna xarici agentl\u0259rin\u00a0se\u00e7kil\u0259rind\u0259 namiz\u0259d kimi i\u015ftirak\u0131n\u0131 qada\u011fan ed\u0259n d\u00fcz\u0259li\u015fl\u0259ri ikinci v\u0259 \u00fc\u00e7\u00fcnc\u00fc oxunu\u015fda q\u0259bul edibl\u0259r. Q\u0259bul edilmi\u015f d\u0259yi\u015fiklikl\u0259r\u0259 \u0259sas\u0259n, qanuna \u201cnamiz\u0259din qeydiyyat\u0131 \u00fc\u00e7\u00fcn t\u0259l\u0259b olunan s\u0259n\u0259dl\u0259rin, namiz\u0259dl\u0259rin siyah\u0131s\u0131n\u0131n t\u0259qdim edildiyi vaxta q\u0259d\u0259r namiz\u0259d xarici agent statusuna xitam verm\u0259y\u0259 borcludur\u201d m\u00fcdd\u0259as\u0131 \u0259lav\u0259 edilib. Qada\u011fa federal hakimiyy\u0259t orqanlar\u0131na,&hellip;","_links":{"self":[{"href":"https:\/\/arantv.az\/index.php?rest_route=\/wp\/v2\/posts\/719141"}],"collection":[{"href":"https:\/\/arantv.az\/index.php?rest_route=\/wp\/v2\/posts"}],"about":[{"href":"https:\/\/arantv.az\/index.php?rest_route=\/wp\/v2\/types\/post"}],"author":[{"embeddable":true,"href":"https:\/\/arantv.az\/index.php?rest_route=\/wp\/v2\/users\/2"}],"replies":[{"embeddable":true,"href":"https:\/\/arantv.az\/index.php?rest_route=%2Fwp%2Fv2%2Fcomments&post=719141"}],"version-history":[{"count":0,"href":"https:\/\/arantv.az\/index.php?rest_route=\/wp\/v2\/posts\/719141\/revisions"}],"wp:featuredmedia":[{"embeddable":true,"href":"https:\/\/arantv.az\/index.php?rest_route=\/wp\/v2\/media\/719142"}],"wp:attachment":[{"href":"https:\/\/arantv.az\/index.php?rest_route=%2Fwp%2Fv2%2Fmedia&parent=719141"}],"wp:term":[{"taxonomy":"category","embeddable":true,"href":"https:\/\/arantv.az\/index.php?rest_route=%2Fwp%2Fv2%2Fcategories&post=719141"},{"taxonomy":"post_tag","embeddable":true,"href":"https:\/\/arantv.az\/index.php?rest_route=%2Fwp%2Fv2%2Ftags&post=719141"}],"curies":[{"name":"wp","href":"https:\/\/api.w.org\/{rel}","templated":true}]}}