{"id":719149,"date":"2024-05-06T20:05:25","date_gmt":"2024-05-06T16:05:25","guid":{"rendered":"https:\/\/arantv.az\/?p=719149"},"modified":"2024-05-06T20:05:25","modified_gmt":"2024-05-06T16:05:25","slug":"slovakiyanin-bas-naziri-az%c9%99rbaycana-r%c9%99smi-s%c9%99f%c9%99r%c9%99-g%c9%99lib","status":"publish","type":"post","link":"https:\/\/arantv.az\/?p=719149","title":{"rendered":"Slovakiyan\u0131n ba\u015f naziri Az\u0259rbaycana r\u0259smi s\u0259f\u0259r\u0259 g\u0259lib"},"content":{"rendered":"<p>Slovakiya Respublikas\u0131n\u0131n Ba\u015f naziri Robert Fitso may\u0131n 6-da Az\u0259rbaycan Respublikas\u0131na r\u0259smi s\u0259f\u0259r\u0259 g\u0259lib.<\/p>\n<p><a href=\"https:\/\/azertag.az\/xeber\/slovakiyanin_bas_naziri_azerbaycana_resmi_sefere_gelib-2988442\" target=\"_blank\" rel=\"noopener\">AZ\u018fRTAC<\/a>\u00a0x\u0259b\u0259r verir ki, h\u0259r iki \u00f6lk\u0259nin D\u00f6vl\u0259t bayraqlar\u0131n\u0131n dal\u011faland\u0131\u011f\u0131 Heyd\u0259r \u018fliyev Beyn\u0259lxalq Aeroportunda ali qona\u011f\u0131n \u015f\u0259r\u0259fin\u0259 f\u0259xri qarovul d\u0259st\u0259si d\u00fcz\u00fcl\u00fcb.<\/p>\n<p>Slovakiyan\u0131n Ba\u015f naziri Robert Fitsonu hava liman\u0131nda Az\u0259rbaycan Respublikas\u0131 Ba\u015f nazirinin m\u00fcavini \u018fli \u018fhm\u0259dov, xarici i\u015fl\u0259r nazirinin m\u00fcavini Fariz Rzayev v\u0259 dig\u0259r r\u0259smi \u015f\u0259xsl\u0259r qar\u015f\u0131lay\u0131blar.<\/p>\n","protected":false},"excerpt":{"rendered":"<p>Slovakiya Respublikas\u0131n\u0131n Ba\u015f naziri Robert Fitso may\u0131n 6-da Az\u0259rbaycan Respublikas\u0131na r\u0259smi s\u0259f\u0259r\u0259 g\u0259lib. AZ\u018fRTAC\u00a0x\u0259b\u0259r verir ki, h\u0259r iki \u00f6lk\u0259nin D\u00f6vl\u0259t bayraqlar\u0131n\u0131n dal\u011faland\u0131\u011f\u0131 Heyd\u0259r \u018fliyev Beyn\u0259lxalq Aeroportunda ali qona\u011f\u0131n \u015f\u0259r\u0259fin\u0259 f\u0259xri qarovul d\u0259st\u0259si d\u00fcz\u00fcl\u00fcb. Slovakiyan\u0131n Ba\u015f naziri Robert Fitsonu hava liman\u0131nda Az\u0259rbaycan Respublikas\u0131 Ba\u015f nazirinin m\u00fcavini \u018fli \u018fhm\u0259dov, xarici i\u015fl\u0259r nazirinin m\u00fcavini Fariz Rzayev v\u0259 dig\u0259r r\u0259smi \u015f\u0259xsl\u0259r qar\u015f\u0131lay\u0131blar.<\/p>\n","protected":false},"author":2,"featured_media":719150,"comment_status":"closed","ping_status":"closed","sticky":false,"template":"","format":"standard","meta":{"om_disable_all_campaigns":false,"_monsterinsights_skip_tracking":false,"_monsterinsights_sitenote_active":false,"_monsterinsights_sitenote_note":"","_monsterinsights_sitenote_category":0},"categories":[4],"tags":[],"aioseo_notices":[],"gutentor_comment":0,"rttpg_featured_image_url":{"full":["https:\/\/arantv.az\/wp-content\/uploads\/2024\/05\/FotoJet-9.jpg",620,413,false],"landscape":["https:\/\/arantv.az\/wp-content\/uploads\/2024\/05\/FotoJet-9.jpg",620,413,false],"portraits":["https:\/\/arantv.az\/wp-content\/uploads\/2024\/05\/FotoJet-9.jpg",620,413,false],"thumbnail":["https:\/\/arantv.az\/wp-content\/uploads\/2024\/05\/FotoJet-9-500x280.jpg",500,280,true],"medium":["https:\/\/arantv.az\/wp-content\/uploads\/2024\/05\/FotoJet-9-548x365.jpg",548,365,true],"large":["https:\/\/arantv.az\/wp-content\/uploads\/2024\/05\/FotoJet-9.jpg",620,413,false],"1536x1536":["https:\/\/arantv.az\/wp-content\/uploads\/2024\/05\/FotoJet-9.jpg",620,413,false],"2048x2048":["https:\/\/arantv.az\/wp-content\/uploads\/2024\/05\/FotoJet-9.jpg",620,413,false],"post-thumbnail":["https:\/\/arantv.az\/wp-content\/uploads\/2024\/05\/FotoJet-9-240x172.jpg",240,172,true],"advps-thumb-one":["https:\/\/arantv.az\/wp-content\/uploads\/2024\/05\/FotoJet-9.jpg",620,413,false]},"rttpg_author":{"display_name":"V\u00fcsal Rafiqo\u011flu","author_link":"https:\/\/arantv.az\/?author=2"},"rttpg_comment":0,"rttpg_category":"<a href=\"https:\/\/arantv.az\/?cat=4\" rel=\"category\">Siyas\u0259t<\/a>","rttpg_excerpt":"Slovakiya Respublikas\u0131n\u0131n Ba\u015f naziri Robert Fitso may\u0131n 6-da Az\u0259rbaycan Respublikas\u0131na r\u0259smi s\u0259f\u0259r\u0259 g\u0259lib. AZ\u018fRTAC\u00a0x\u0259b\u0259r verir ki, h\u0259r iki \u00f6lk\u0259nin D\u00f6vl\u0259t bayraqlar\u0131n\u0131n dal\u011faland\u0131\u011f\u0131 Heyd\u0259r \u018fliyev Beyn\u0259lxalq Aeroportunda ali qona\u011f\u0131n \u015f\u0259r\u0259fin\u0259 f\u0259xri qarovul d\u0259st\u0259si d\u00fcz\u00fcl\u00fcb. Slovakiyan\u0131n Ba\u015f naziri Robert Fitsonu hava liman\u0131nda Az\u0259rbaycan Respublikas\u0131 Ba\u015f nazirinin m\u00fcavini \u018fli \u018fhm\u0259dov, xarici i\u015fl\u0259r nazirinin m\u00fcavini Fariz Rzayev v\u0259 dig\u0259r&hellip;","_links":{"self":[{"href":"https:\/\/arantv.az\/index.php?rest_route=\/wp\/v2\/posts\/719149"}],"collection":[{"href":"https:\/\/arantv.az\/index.php?rest_route=\/wp\/v2\/posts"}],"about":[{"href":"https:\/\/arantv.az\/index.php?rest_route=\/wp\/v2\/types\/post"}],"author":[{"embeddable":true,"href":"https:\/\/arantv.az\/index.php?rest_route=\/wp\/v2\/users\/2"}],"replies":[{"embeddable":true,"href":"https:\/\/arantv.az\/index.php?rest_route=%2Fwp%2Fv2%2Fcomments&post=719149"}],"version-history":[{"count":0,"href":"https:\/\/arantv.az\/index.php?rest_route=\/wp\/v2\/posts\/719149\/revisions"}],"wp:featuredmedia":[{"embeddable":true,"href":"https:\/\/arantv.az\/index.php?rest_route=\/wp\/v2\/media\/719150"}],"wp:attachment":[{"href":"https:\/\/arantv.az\/index.php?rest_route=%2Fwp%2Fv2%2Fmedia&parent=719149"}],"wp:term":[{"taxonomy":"category","embeddable":true,"href":"https:\/\/arantv.az\/index.php?rest_route=%2Fwp%2Fv2%2Fcategories&post=719149"},{"taxonomy":"post_tag","embeddable":true,"href":"https:\/\/arantv.az\/index.php?rest_route=%2Fwp%2Fv2%2Ftags&post=719149"}],"curies":[{"name":"wp","href":"https:\/\/api.w.org\/{rel}","templated":true}]}}