{"id":719552,"date":"2024-05-07T18:21:29","date_gmt":"2024-05-07T14:21:29","guid":{"rendered":"https:\/\/arantv.az\/?p=719552"},"modified":"2024-05-07T18:21:29","modified_gmt":"2024-05-07T14:21:29","slug":"bakida-27-yasli-g%c9%99nc-q%c9%99fil-v%c9%99fat-etdi-foto","status":"publish","type":"post","link":"https:\/\/arantv.az\/?p=719552","title":{"rendered":"Bak\u0131da 27 ya\u015fl\u0131 g\u0259nc q\u0259fil v\u0259fat etdi &#8211; FOTO"},"content":{"rendered":"<p>Bak\u0131n\u0131n Qarada\u011f rayon L\u00f6kbatan q\u0259s\u0259b\u0259sind\u0259 27 ya\u015fl\u0131 g\u0259nc d\u00fcnyas\u0131n\u0131 d\u0259yi\u015fib.<\/p>\n<p>\u201cUnikal\u201d\u0131n \u0259ld\u0259 etdiyi m\u0259lumata g\u00f6r\u0259, \u0130brahim Sahib o\u011flu \u018fliyev\u00a0\u00fcr\u0259k \u00e7at\u0131\u015fmazl\u0131\u011f\u0131ndan d\u00fcnyas\u0131n\u0131 d\u0259yi\u015fib.<\/p>\n<p>Bel\u0259 ki, g\u0259nc gec\u0259 saatlar\u0131nda \u00f6z\u00fcn\u00fc narahat hiss edib. \u0130lkin m\u00fcdaxil\u0259 olmas\u0131na baxmayaraq, \u0130brahim \u018fliyevin h\u0259yat\u0131n\u0131 xilas etm\u0259k m\u00fcmk\u00fcn olmay\u0131b.<\/p>\n<p>O, tan\u0131nm\u0131\u015f ilahiyyat\u00e7\u0131 \u015eahin H\u0259s\u0259nlinin davam\u00e7\u0131s\u0131 Ramil B\u0259d\u0259lovun t\u0259l\u0259b\u0259si olub.<\/p>\n<p>&nbsp;<\/p>\n<div class=\"gallery\">\n<div class=\"gallery-i\"><img src=\"https:\/\/cdn.oxu.az\/uploads\/W1siZiIsIjIwMjQvMDUvMDcvMTYvNTYvNDEvMDllY2ZlNWEtMzhkOC00MGNkLTkxYTQtZGRkMWM3MjFjNTA2LzE3MTUwODYyMTJfU2NyZWVuc2hvdCAyMDI0LTA1LTA3IDE2MzgxNi5wbmciXSxbInAiLCJlbmNvZGUiLCJqcGciLCItcXVhbGl0eSA4MCJdLFsicCIsInRodW1iIiwiNTkweDU5MFx1MDAzZSJdXQ?sha=d0324fd063d965ea\" alt=\"\" \/><\/div>\n<\/div>\n","protected":false},"excerpt":{"rendered":"<p>Bak\u0131n\u0131n Qarada\u011f rayon L\u00f6kbatan q\u0259s\u0259b\u0259sind\u0259 27 ya\u015fl\u0131 g\u0259nc d\u00fcnyas\u0131n\u0131 d\u0259yi\u015fib. \u201cUnikal\u201d\u0131n \u0259ld\u0259 etdiyi m\u0259lumata g\u00f6r\u0259, \u0130brahim Sahib o\u011flu \u018fliyev\u00a0\u00fcr\u0259k \u00e7at\u0131\u015fmazl\u0131\u011f\u0131ndan d\u00fcnyas\u0131n\u0131 d\u0259yi\u015fib. Bel\u0259 ki, g\u0259nc gec\u0259 saatlar\u0131nda \u00f6z\u00fcn\u00fc narahat hiss edib. \u0130lkin m\u00fcdaxil\u0259 olmas\u0131na baxmayaraq, \u0130brahim \u018fliyevin h\u0259yat\u0131n\u0131 xilas etm\u0259k m\u00fcmk\u00fcn olmay\u0131b. O, tan\u0131nm\u0131\u015f ilahiyyat\u00e7\u0131 \u015eahin H\u0259s\u0259nlinin davam\u00e7\u0131s\u0131 Ramil B\u0259d\u0259lovun t\u0259l\u0259b\u0259si olub. &nbsp;<\/p>\n","protected":false},"author":2,"featured_media":719553,"comment_status":"closed","ping_status":"closed","sticky":false,"template":"","format":"standard","meta":{"om_disable_all_campaigns":false,"_monsterinsights_skip_tracking":false,"_monsterinsights_sitenote_active":false,"_monsterinsights_sitenote_note":"","_monsterinsights_sitenote_category":0},"categories":[1],"tags":[],"aioseo_notices":[],"gutentor_comment":0,"rttpg_featured_image_url":{"full":["https:\/\/arantv.az\/wp-content\/uploads\/2024\/05\/1715086213_555.jpg",620,413,false],"landscape":["https:\/\/arantv.az\/wp-content\/uploads\/2024\/05\/1715086213_555.jpg",620,413,false],"portraits":["https:\/\/arantv.az\/wp-content\/uploads\/2024\/05\/1715086213_555.jpg",620,413,false],"thumbnail":["https:\/\/arantv.az\/wp-content\/uploads\/2024\/05\/1715086213_555-500x280.jpg",500,280,true],"medium":["https:\/\/arantv.az\/wp-content\/uploads\/2024\/05\/1715086213_555-548x365.jpg",548,365,true],"large":["https:\/\/arantv.az\/wp-content\/uploads\/2024\/05\/1715086213_555.jpg",620,413,false],"1536x1536":["https:\/\/arantv.az\/wp-content\/uploads\/2024\/05\/1715086213_555.jpg",620,413,false],"2048x2048":["https:\/\/arantv.az\/wp-content\/uploads\/2024\/05\/1715086213_555.jpg",620,413,false],"post-thumbnail":["https:\/\/arantv.az\/wp-content\/uploads\/2024\/05\/1715086213_555-240x172.jpg",240,172,true],"advps-thumb-one":["https:\/\/arantv.az\/wp-content\/uploads\/2024\/05\/1715086213_555.jpg",620,413,false]},"rttpg_author":{"display_name":"V\u00fcsal Rafiqo\u011flu","author_link":"https:\/\/arantv.az\/?author=2"},"rttpg_comment":0,"rttpg_category":"<a href=\"https:\/\/arantv.az\/?cat=1\" rel=\"category\">C\u0259miyy\u0259t<\/a>","rttpg_excerpt":"Bak\u0131n\u0131n Qarada\u011f rayon L\u00f6kbatan q\u0259s\u0259b\u0259sind\u0259 27 ya\u015fl\u0131 g\u0259nc d\u00fcnyas\u0131n\u0131 d\u0259yi\u015fib. \u201cUnikal\u201d\u0131n \u0259ld\u0259 etdiyi m\u0259lumata g\u00f6r\u0259, \u0130brahim Sahib o\u011flu \u018fliyev\u00a0\u00fcr\u0259k \u00e7at\u0131\u015fmazl\u0131\u011f\u0131ndan d\u00fcnyas\u0131n\u0131 d\u0259yi\u015fib. Bel\u0259 ki, g\u0259nc gec\u0259 saatlar\u0131nda \u00f6z\u00fcn\u00fc narahat hiss edib. \u0130lkin m\u00fcdaxil\u0259 olmas\u0131na baxmayaraq, \u0130brahim \u018fliyevin h\u0259yat\u0131n\u0131 xilas etm\u0259k m\u00fcmk\u00fcn olmay\u0131b. O, tan\u0131nm\u0131\u015f ilahiyyat\u00e7\u0131 \u015eahin H\u0259s\u0259nlinin davam\u00e7\u0131s\u0131 Ramil B\u0259d\u0259lovun t\u0259l\u0259b\u0259si olub. &nbsp;","_links":{"self":[{"href":"https:\/\/arantv.az\/index.php?rest_route=\/wp\/v2\/posts\/719552"}],"collection":[{"href":"https:\/\/arantv.az\/index.php?rest_route=\/wp\/v2\/posts"}],"about":[{"href":"https:\/\/arantv.az\/index.php?rest_route=\/wp\/v2\/types\/post"}],"author":[{"embeddable":true,"href":"https:\/\/arantv.az\/index.php?rest_route=\/wp\/v2\/users\/2"}],"replies":[{"embeddable":true,"href":"https:\/\/arantv.az\/index.php?rest_route=%2Fwp%2Fv2%2Fcomments&post=719552"}],"version-history":[{"count":0,"href":"https:\/\/arantv.az\/index.php?rest_route=\/wp\/v2\/posts\/719552\/revisions"}],"wp:featuredmedia":[{"embeddable":true,"href":"https:\/\/arantv.az\/index.php?rest_route=\/wp\/v2\/media\/719553"}],"wp:attachment":[{"href":"https:\/\/arantv.az\/index.php?rest_route=%2Fwp%2Fv2%2Fmedia&parent=719552"}],"wp:term":[{"taxonomy":"category","embeddable":true,"href":"https:\/\/arantv.az\/index.php?rest_route=%2Fwp%2Fv2%2Fcategories&post=719552"},{"taxonomy":"post_tag","embeddable":true,"href":"https:\/\/arantv.az\/index.php?rest_route=%2Fwp%2Fv2%2Ftags&post=719552"}],"curies":[{"name":"wp","href":"https:\/\/api.w.org\/{rel}","templated":true}]}}