{"id":719555,"date":"2024-05-07T18:22:26","date_gmt":"2024-05-07T14:22:26","guid":{"rendered":"https:\/\/arantv.az\/?p=719555"},"modified":"2024-05-07T18:22:26","modified_gmt":"2024-05-07T14:22:26","slug":"dagistanli-m%c9%99sqcinin-v%c9%99hsic%c9%99sin%c9%99-doyduyu-azyasli-az%c9%99rbaycan-idmancisidir-r%c9%99smi-aciqlama-video","status":"publish","type":"post","link":"https:\/\/arantv.az\/?p=719555","title":{"rendered":"Da\u011f\u0131stanl\u0131 m\u0259\u015fq\u00e7inin v\u0259h\u015fic\u0259sin\u0259 d\u00f6yd\u00fcy\u00fc azya\u015fl\u0131 Az\u0259rbaycan idman\u00e7\u0131s\u0131d\u0131r? &#8211; R\u018fSM\u0130 A\u00c7IQLAMA + V\u0130DEO"},"content":{"rendered":"<p>Da\u011f\u0131stan Respublikas\u0131ndan olan g\u00fcl\u0259\u015f \u00fczr\u0259 m\u0259\u015fq\u00e7i Orenburq vilay\u0259tind\u0259 ke\u00e7iril\u0259n \u00fcmumrusiya yar\u0131\u015f\u0131nda uduzdu\u011fu \u00fc\u00e7\u00fcn azya\u015fl\u0131 \u015fagirdini d\u00f6y\u00fcb.<\/p>\n<p>Da\u011f\u0131stan Respublikas\u0131n\u0131n b\u0259d\u0259n t\u0259rbiy\u0259si v\u0259 idman naziri Sajid Sajidov hadis\u0259nin ba\u015f verdiyini t\u0259sdiql\u0259yib:<\/p>\n<p>\u201cO, Karabudaxk\u0259nd rayonunun Karabudaxk\u0259nd k\u0259ndind\u0259n olan Alaudin Atayevdir, amma m\u0259n ona m\u0259\u015fq\u00e7i d\u0259 dey\u0259 bilm\u0259r\u0259m. \u00dcst\u0259lik, onun m\u0259\u015fq\u00e7i olmad\u0131\u011f\u0131 da m\u0259lum olub. O, d\u00f6vl\u0259t idman m\u00fc\u0259ssis\u0259l\u0259rind\u0259 i\u015fl\u0259mir v\u0259 m\u0259\u015fq\u00e7ilik f\u0259aliyy\u0259ti il\u0259 m\u0259\u015f\u011ful olmaq \u00fc\u00e7\u00fcn m\u00fcvafiq t\u0259hsili yoxdur. \u00d6z\u00fcn\u00fc m\u0259\u015fq\u00e7i kimi s\u0131namaq q\u0259rar\u0131na g\u0259l\u0259n f\u0259rdi sahibkard\u0131r v\u0259 t\u0259l\u0259b\u0259l\u0259ri \u0259sas\u0259n qohumlar\u0131n\u0131n v\u0259 dostlar\u0131n\u0131n \u00f6vladlar\u0131d\u0131r. Onu da \u00f6yr\u0259ndim ki, o, \u0259vv\u0259ll\u0259r d\u0259 m\u0259\u015fq v\u0259 yar\u0131\u015f prosesind\u0259 u\u015faqlara qar\u015f\u0131 ox\u015far zorak\u0131l\u0131q h\u0259r\u0259k\u0259tl\u0259ri edib\u201d.<\/p>\n<p>Qeyd ed\u0259k ki, yay\u0131lan kadrlarda \u201cm\u0259\u015fq\u00e7i\u201dnin zorak\u0131l\u0131q etdiyi azya\u015fl\u0131n\u0131n idman geyimind\u0259 Az\u0259rbaycan millisinin r\u0259mzi say\u0131lan\u00a0\u201cAZE\u201d ifad\u0259si diqq\u0259t \u00e7\u0259kib. S\u00f6z\u00fcged\u0259n fakt\u00a0hadis\u0259nin Az\u0259rbaycanda ba\u015f verm\u0259si v\u0259 ya azya\u015fl\u0131n\u0131n az\u0259rbaycanl\u0131 olmas\u0131 fikrini ortaya \u00e7\u0131xar\u0131b.<\/p>\n<p>M\u0259s\u0259l\u0259 il\u0259 ba\u011fl\u0131 Az\u0259rbaycan G\u00fcl\u0259\u015f Federasiyas\u0131n\u0131n m\u0259tbuat Katibi S\u0259rxan Musayev\u00a0<strong>Oxu.Az<\/strong>-a\u00a0a\u00e7\u0131qlama verib.<\/p>\n<p>\u201cM\u0259s\u0259l\u0259nin Az\u0259rbaycan G\u00fcl\u0259\u015f Federasiyas\u0131 il\u0259 he\u00e7 bir \u0259laq\u0259si yoxdur. N\u0259 g\u00fcl\u0259\u015f\u00e7i, n\u0259 d\u0259 m\u0259\u015fq\u00e7ini tan\u0131y\u0131r\u0131q. G\u00fcl\u0259\u015f\u00e7inin \u00fcz\u0259rind\u0259ki trikoda \u201cAZE\u201d yaz\u0131lmas\u0131 normal hald\u0131r. \u00c7\u00fcnki\u00a0h\u0259r m\u0259\u015fq zal\u0131n\u0131n qar\u015f\u0131s\u0131nda v\u0259 ya idman mallar\u0131 ma\u011fazas\u0131nda bu t\u0259rzli trikolar \u0259ld\u0259 etm\u0259k m\u00fcmk\u00fcnd\u00fcr\u201d.<\/p>\n<div><iframe loading=\"lazy\" id=\"telegram-post-oxuaze-91251\" src=\"https:\/\/t.me\/oxuaze\/91251?embed=1\" width=\"100%\" height=\"\" frameborder=\"0\" scrolling=\"no\" data-mce-fragment=\"1\"><\/iframe><\/div>\n<p>&nbsp;<\/p>\n","protected":false},"excerpt":{"rendered":"<p>Da\u011f\u0131stan Respublikas\u0131ndan olan g\u00fcl\u0259\u015f \u00fczr\u0259 m\u0259\u015fq\u00e7i Orenburq vilay\u0259tind\u0259 ke\u00e7iril\u0259n \u00fcmumrusiya yar\u0131\u015f\u0131nda uduzdu\u011fu \u00fc\u00e7\u00fcn azya\u015fl\u0131 \u015fagirdini d\u00f6y\u00fcb. Da\u011f\u0131stan Respublikas\u0131n\u0131n b\u0259d\u0259n t\u0259rbiy\u0259si v\u0259 idman naziri Sajid Sajidov hadis\u0259nin ba\u015f verdiyini t\u0259sdiql\u0259yib: \u201cO, Karabudaxk\u0259nd rayonunun Karabudaxk\u0259nd k\u0259ndind\u0259n olan Alaudin Atayevdir, amma m\u0259n ona m\u0259\u015fq\u00e7i d\u0259 dey\u0259 bilm\u0259r\u0259m. \u00dcst\u0259lik, onun m\u0259\u015fq\u00e7i olmad\u0131\u011f\u0131 da m\u0259lum olub. O, d\u00f6vl\u0259t idman m\u00fc\u0259ssis\u0259l\u0259rind\u0259 i\u015fl\u0259mir v\u0259 m\u0259\u015fq\u00e7ilik f\u0259aliyy\u0259ti il\u0259 m\u0259\u015f\u011ful olmaq \u00fc\u00e7\u00fcn m\u00fcvafiq t\u0259hsili yoxdur. \u00d6z\u00fcn\u00fc m\u0259\u015fq\u00e7i kimi s\u0131namaq q\u0259rar\u0131na g\u0259l\u0259n f\u0259rdi sahibkard\u0131r v\u0259 t\u0259l\u0259b\u0259l\u0259ri \u0259sas\u0259n qohumlar\u0131n\u0131n v\u0259 dostlar\u0131n\u0131n \u00f6vladlar\u0131d\u0131r. Onu da \u00f6yr\u0259ndim ki, o, \u0259vv\u0259ll\u0259r d\u0259 m\u0259\u015fq v\u0259&hellip;<\/p>\n","protected":false},"author":2,"featured_media":719556,"comment_status":"closed","ping_status":"closed","sticky":false,"template":"","format":"standard","meta":{"om_disable_all_campaigns":false,"_monsterinsights_skip_tracking":false,"_monsterinsights_sitenote_active":false,"_monsterinsights_sitenote_note":"","_monsterinsights_sitenote_category":0},"categories":[5],"tags":[],"aioseo_notices":[],"gutentor_comment":0,"rttpg_featured_image_url":{"full":["https:\/\/arantv.az\/wp-content\/uploads\/2024\/05\/FotoJet-60.jpg",620,413,false],"landscape":["https:\/\/arantv.az\/wp-content\/uploads\/2024\/05\/FotoJet-60.jpg",620,413,false],"portraits":["https:\/\/arantv.az\/wp-content\/uploads\/2024\/05\/FotoJet-60.jpg",620,413,false],"thumbnail":["https:\/\/arantv.az\/wp-content\/uploads\/2024\/05\/FotoJet-60-500x280.jpg",500,280,true],"medium":["https:\/\/arantv.az\/wp-content\/uploads\/2024\/05\/FotoJet-60-548x365.jpg",548,365,true],"large":["https:\/\/arantv.az\/wp-content\/uploads\/2024\/05\/FotoJet-60.jpg",620,413,false],"1536x1536":["https:\/\/arantv.az\/wp-content\/uploads\/2024\/05\/FotoJet-60.jpg",620,413,false],"2048x2048":["https:\/\/arantv.az\/wp-content\/uploads\/2024\/05\/FotoJet-60.jpg",620,413,false],"post-thumbnail":["https:\/\/arantv.az\/wp-content\/uploads\/2024\/05\/FotoJet-60-240x172.jpg",240,172,true],"advps-thumb-one":["https:\/\/arantv.az\/wp-content\/uploads\/2024\/05\/FotoJet-60.jpg",620,413,false]},"rttpg_author":{"display_name":"V\u00fcsal Rafiqo\u011flu","author_link":"https:\/\/arantv.az\/?author=2"},"rttpg_comment":0,"rttpg_category":"<a href=\"https:\/\/arantv.az\/?cat=5\" rel=\"category\">Hadis\u0259<\/a>","rttpg_excerpt":"Da\u011f\u0131stan Respublikas\u0131ndan olan g\u00fcl\u0259\u015f \u00fczr\u0259 m\u0259\u015fq\u00e7i Orenburq vilay\u0259tind\u0259 ke\u00e7iril\u0259n \u00fcmumrusiya yar\u0131\u015f\u0131nda uduzdu\u011fu \u00fc\u00e7\u00fcn azya\u015fl\u0131 \u015fagirdini d\u00f6y\u00fcb. Da\u011f\u0131stan Respublikas\u0131n\u0131n b\u0259d\u0259n t\u0259rbiy\u0259si v\u0259 idman naziri Sajid Sajidov hadis\u0259nin ba\u015f verdiyini t\u0259sdiql\u0259yib: \u201cO, Karabudaxk\u0259nd rayonunun Karabudaxk\u0259nd k\u0259ndind\u0259n olan Alaudin Atayevdir, amma m\u0259n ona m\u0259\u015fq\u00e7i d\u0259 dey\u0259 bilm\u0259r\u0259m. \u00dcst\u0259lik, onun m\u0259\u015fq\u00e7i olmad\u0131\u011f\u0131 da m\u0259lum olub. O, d\u00f6vl\u0259t idman m\u00fc\u0259ssis\u0259l\u0259rind\u0259&hellip;","_links":{"self":[{"href":"https:\/\/arantv.az\/index.php?rest_route=\/wp\/v2\/posts\/719555"}],"collection":[{"href":"https:\/\/arantv.az\/index.php?rest_route=\/wp\/v2\/posts"}],"about":[{"href":"https:\/\/arantv.az\/index.php?rest_route=\/wp\/v2\/types\/post"}],"author":[{"embeddable":true,"href":"https:\/\/arantv.az\/index.php?rest_route=\/wp\/v2\/users\/2"}],"replies":[{"embeddable":true,"href":"https:\/\/arantv.az\/index.php?rest_route=%2Fwp%2Fv2%2Fcomments&post=719555"}],"version-history":[{"count":0,"href":"https:\/\/arantv.az\/index.php?rest_route=\/wp\/v2\/posts\/719555\/revisions"}],"wp:featuredmedia":[{"embeddable":true,"href":"https:\/\/arantv.az\/index.php?rest_route=\/wp\/v2\/media\/719556"}],"wp:attachment":[{"href":"https:\/\/arantv.az\/index.php?rest_route=%2Fwp%2Fv2%2Fmedia&parent=719555"}],"wp:term":[{"taxonomy":"category","embeddable":true,"href":"https:\/\/arantv.az\/index.php?rest_route=%2Fwp%2Fv2%2Fcategories&post=719555"},{"taxonomy":"post_tag","embeddable":true,"href":"https:\/\/arantv.az\/index.php?rest_route=%2Fwp%2Fv2%2Ftags&post=719555"}],"curies":[{"name":"wp","href":"https:\/\/api.w.org\/{rel}","templated":true}]}}