{"id":719565,"date":"2024-05-07T18:25:42","date_gmt":"2024-05-07T14:25:42","guid":{"rendered":"https:\/\/arantv.az\/?p=719565"},"modified":"2024-05-07T18:25:42","modified_gmt":"2024-05-07T14:25:42","slug":"qorxdunmu-makron","status":"publish","type":"post","link":"https:\/\/arantv.az\/?p=719565","title":{"rendered":"Qorxdunmu, Makron?"},"content":{"rendered":"<h3><strong>Medvedevin n\u00fcv\u0259 h\u0259d\u0259sind\u0259n d\u0259rhal sonra \u201cFransa n\u0259 Rusiya il\u0259, n\u0259 d\u0259 rus xalq\u0131 il\u0259 m\u00fcharib\u0259d\u0259 deyil\u201d b\u0259yanat\u0131 qorxunun t\u0259sdiqi oldu<\/strong><\/h3>\n<p>Ukraynaya qo\u015fun g\u00f6nd\u0259r\u0259n ist\u0259nil\u0259n \u00f6lk\u0259l\u0259rin \u0259razisin\u0259 n\u00fcv\u0259 z\u0259rb\u0259si endiril\u0259c\u0259k. Bunu Rusiya T\u0259hl\u00fck\u0259sizlik \u015euras\u0131n\u0131n s\u0259dr m\u00fcavini Dmitri Medvedyev deyib. O bildirib ki, bel\u0259 olan halda \u00f6lk\u0259sinin h\u0259d\u0259find\u0259 Va\u015finqton, London v\u0259 Paris \u015f\u0259h\u0259rl\u0259ri olacaq. Medvedyevin q\u0259na\u0259tin\u0259 g\u00f6r\u0259, bu halda ba\u015f ver\u0259c\u0259k b\u00f6y\u00fck f\u0259lak\u0259t\u0259 g\u00f6r\u0259 Avropa cavabdeh olacaq.<\/p>\n<p>Rusiyan\u0131n M\u00fcdafi\u0259 Nazirliyi yax\u0131n vaxtlarda n\u00fcv\u0259 silah\u0131n\u0131n da s\u0131naqdan ke\u00e7irilm\u0259sinin n\u0259z\u0259rd\u0259 tutan t\u0259liml\u0259rin ba\u015flayaca\u011f\u0131n\u0131 a\u00e7\u0131qlay\u0131b.<\/p>\n<p>Rusiyan\u0131n n\u00fcv\u0259 il\u0259 h\u0259d\u0259l\u0259m\u0259si Fransan\u0131 qorxuya sal\u0131b. Dmitri Mevedyevin h\u0259d\u0259sind\u0259n bir ne\u00e7\u0259 saat sonra Fransa prezidenti Emmanuel Makron \u201cBizim Moskvada rejimin d\u0259yi\u015fm\u0259sin\u0259 h\u0259v\u0259simiz yoxdur. Fransa n\u0259 Rusiya il\u0259, n\u0259 d\u0259 rus xalq\u0131 il\u0259 m\u00fcharib\u0259d\u0259 deyil\u201d b\u0259yanat\u0131n\u0131 verdi.<\/p>\n<p><img src=\"https:\/\/ssl.moderator.az\/file\/articles\/2024\/04\/21\/1713707746_maxres-1.jpg\" alt=\"Erm\u0259nil\u0259rin yeni qorxusu: \u201cRusiya gedir, T\u00fcrkiy\u0259 g\u00fccl\u0259n\u0259c\u0259k...\u201d\" width=\"700\" \/><\/p>\n<p><strong>Siyasi \u015f\u0259rh\u00e7i \u018fli Orucov hesab edir ki,<\/strong>\u00a0Makronun d\u0259rhal bel\u0259 bir a\u00e7\u0131qlama verm\u0259si onun Rusiyadan n\u0259 d\u0259r\u0259c\u0259d\u0259 qorxdu\u011funun s\u00fcbutudur: \u201cMakronun Rusiyadan qorxmas\u0131 birinci d\u0259f\u0259 deyil. H\u0259l\u0259 2022-ci ilin aprelind\u0259 Ukrayna m\u00fcharib\u0259si yeni ba\u015flayandan Fransa prezidentinin Britaniyadan f\u0259rqli olaraq Rusiyaya qar\u015f\u0131 m\u00fclayim b\u0259yanatlar verdiyi b\u0259llidir. Y\u0259ni h\u0259l\u0259 ilk d\u00f6vrd\u0259n Makron qorxaql\u0131\u011f\u0131n\u0131, qorxdu\u011funu gizl\u0259tmirdi. Fransa Prezidenti Emmanuel Makron Rusiya ordusunun Ukraynada m\u00fclki \u015f\u0259xsl\u0259ri q\u0259tl\u0259 yetirm\u0259sini \u201csoyq\u0131r\u0131m\u201d adland\u0131rmaqdan imtina etmi\u015fdi. O, bunu bel\u0259 izah etmi\u015fdi ki, soyq\u0131r\u0131m\u0131 siyas\u0259t\u00e7il\u0259r deyil, h\u00fcquq\u015f\u00fcnaslar m\u00fc\u0259yy\u0259n edir. Halbu ki, erm\u0259nil\u0259rin uydurdu\u011fu \u201cerm\u0259ni soyq\u0131r\u0131m\u0131\u201dn\u0131 Makronun \u00f6z\u00fc \u00e7\u0131x\u0131\u015flar\u0131nda tan\u0131d\u0131\u011f\u0131n\u0131 b\u0259yan edib, Fransa parlamenti qondarama \u201cerm\u0259ni soyq\u0131r\u0131m\u0131\u201dn\u0131 tan\u0131yan s\u0259n\u0259d q\u0259bul edib. Bu fakt Makronun h\u0259m d\u0259 iki\u00fczl\u00fcl\u00fcy\u00fcn\u00fc g\u00f6st\u0259rir. \u018fsas\u0259n d\u0259 Makronun Rusiyadan v\u0259 konkret olaraq Putind\u0259n n\u0259 q\u0259d\u0259r \u00e7\u0259kinm\u0259sinin, Fransa siyas\u0259tini maraqlar\u0131n\u0131n \u0259siri etm\u0259sinin v\u0259 frans\u0131z liderinin \u00f6z-\u00f6z\u00fcn\u00fc if\u015fas\u0131n\u0131n bariz n\u00fcmun\u0259sidir\u201d.<\/p>\n<p><strong>\u018f.Orucov vur\u011fulad\u0131 ki,<\/strong>\u00a0T\u00fcrkiy\u0259 \u201csoyq\u0131r\u0131m\u201d m\u0259s\u0259l\u0259sin\u0259 qiym\u0259t verm\u0259yin siyas\u0259t\u00e7il\u0259rin i\u015fi olmad\u0131\u011f\u0131n\u0131 dey\u0259nd\u0259 buna \u0259h\u0259miyy\u0259t verm\u0259y\u0259n Fransa kimi \u00f6lk\u0259l\u0259r \u201cerm\u0259ni soyq\u0131r\u0131m\u0131\u201d yalanlar\u0131n\u0131 parlamentl\u0259rind\u0259 Ankaraya t\u0259zyiq v\u0259 erm\u0259nil\u0259r\u0259 d\u0259st\u0259k \u00fc\u00e7\u00fcn q\u0259bul edirdil\u0259r v\u0259 edirl\u0259r. Bu riyakar siyas\u0259tin ba\u015f\u0131nda dayananlardan biri is\u0259 m\u0259hz Makrondur: \u201c2019-cu ild\u0259 Makron 24 apreli qondarma \u201cerm\u0259ni soyq\u0131r\u0131m\u0131\u201dn\u0131 anma g\u00fcn\u00fc elan etmi\u015fdi.<\/p>\n<p>Fransan\u0131n \u00f6z i\u015fin\u0259 yarayanda Makron az qala Rusiyaya, rus xalq\u0131na qarda\u015f deyir, h\u0259v\u0259sl\u0259 yalan\u00e7\u0131 iddialara \u201csoyq\u0131r\u0131m\u201d deyir v\u0259 soyq\u0131r\u0131m m\u0259s\u0259l\u0259sinin siyas\u0259t\u00e7il\u0259rin i\u015fi olmad\u0131\u011f\u0131 haqda T\u00fcrkiy\u0259nin \u00e7a\u011f\u0131r\u0131\u015f\u0131 \u00f6n\u00fcnd\u0259 susur, ancaq Rusiyan\u0131n q\u0259tliamlar\u0131na qiym\u0259t verm\u0259k laz\u0131m g\u0259l\u0259nd\u0259 qorxusundan ya susur, ya da \u201cBizim Moskvada rejimin d\u0259yi\u015fm\u0259sin\u0259 h\u0259v\u0259simiz yoxdur, Fransa n\u0259 Rusiya il\u0259, n\u0259 d\u0259 rus xalq\u0131 il\u0259 m\u00fcharib\u0259d\u0259 deyil. Soyq\u0131r\u0131m\u0131 siyas\u0259t\u00e7il\u0259r deyil, h\u00fcquq\u015f\u00fcnaslar m\u00fc\u0259yy\u0259n edir\u201d deyir.<\/p>\n<p><strong>Ekspert xat\u0131rlatd\u0131 ki,<\/strong>\u00a0Makronun Rusiyadan qorxdu\u011funu Ukraynan\u0131n prezidenti Vladimir Zelenski d\u0259 bir ne\u00e7\u0259 d\u0259 a\u00e7\u0131q b\u0259yan edib: \u201cUkrayna Prezidenti Vladimir Zelenski \u0130ngilt\u0259r\u0259nin \u201cThe Economist\u201d n\u0259\u015frin\u0259 m\u00fcsahib\u0259sind\u0259 Rusiyan\u0131n \u00f6lk\u0259sin\u0259 i\u015f\u011fal\u00e7\u0131 h\u00fccumu il\u0259 ba\u011fl\u0131 suallar\u0131 cavabland\u0131rark\u0259n bildirmi\u015fdi ki, Fransa kimi bir s\u0131ra \u00f6lk\u0259l\u0259r Rusiyan\u0131n qorxusundan Ukraynaya yard\u0131m etmirl\u0259r.<\/p>\n","protected":false},"excerpt":{"rendered":"<p>Medvedevin n\u00fcv\u0259 h\u0259d\u0259sind\u0259n d\u0259rhal sonra \u201cFransa n\u0259 Rusiya il\u0259, n\u0259 d\u0259 rus xalq\u0131 il\u0259 m\u00fcharib\u0259d\u0259 deyil\u201d b\u0259yanat\u0131 qorxunun t\u0259sdiqi oldu Ukraynaya qo\u015fun g\u00f6nd\u0259r\u0259n ist\u0259nil\u0259n \u00f6lk\u0259l\u0259rin \u0259razisin\u0259 n\u00fcv\u0259 z\u0259rb\u0259si endiril\u0259c\u0259k. Bunu Rusiya T\u0259hl\u00fck\u0259sizlik \u015euras\u0131n\u0131n s\u0259dr m\u00fcavini Dmitri Medvedyev deyib. O bildirib ki, bel\u0259 olan halda \u00f6lk\u0259sinin h\u0259d\u0259find\u0259 Va\u015finqton, London v\u0259 Paris \u015f\u0259h\u0259rl\u0259ri olacaq. Medvedyevin q\u0259na\u0259tin\u0259 g\u00f6r\u0259, bu halda ba\u015f ver\u0259c\u0259k b\u00f6y\u00fck f\u0259lak\u0259t\u0259 g\u00f6r\u0259 Avropa cavabdeh olacaq. Rusiyan\u0131n M\u00fcdafi\u0259 Nazirliyi yax\u0131n vaxtlarda n\u00fcv\u0259 silah\u0131n\u0131n da s\u0131naqdan ke\u00e7irilm\u0259sinin n\u0259z\u0259rd\u0259 tutan t\u0259liml\u0259rin ba\u015flayaca\u011f\u0131n\u0131 a\u00e7\u0131qlay\u0131b. Rusiyan\u0131n n\u00fcv\u0259 il\u0259 h\u0259d\u0259l\u0259m\u0259si Fransan\u0131 qorxuya sal\u0131b. Dmitri Mevedyevin h\u0259d\u0259sind\u0259n&hellip;<\/p>\n","protected":false},"author":2,"featured_media":719566,"comment_status":"closed","ping_status":"closed","sticky":false,"template":"","format":"standard","meta":{"om_disable_all_campaigns":false,"_monsterinsights_skip_tracking":false,"_monsterinsights_sitenote_active":false,"_monsterinsights_sitenote_note":"","_monsterinsights_sitenote_category":0},"categories":[7],"tags":[],"aioseo_notices":[],"gutentor_comment":0,"rttpg_featured_image_url":{"full":["https:\/\/arantv.az\/wp-content\/uploads\/2024\/05\/e06d63ae90d5d500b3a94b05860a1e8a.jpg",850,500,false],"landscape":["https:\/\/arantv.az\/wp-content\/uploads\/2024\/05\/e06d63ae90d5d500b3a94b05860a1e8a.jpg",850,500,false],"portraits":["https:\/\/arantv.az\/wp-content\/uploads\/2024\/05\/e06d63ae90d5d500b3a94b05860a1e8a.jpg",850,500,false],"thumbnail":["https:\/\/arantv.az\/wp-content\/uploads\/2024\/05\/e06d63ae90d5d500b3a94b05860a1e8a-500x280.jpg",500,280,true],"medium":["https:\/\/arantv.az\/wp-content\/uploads\/2024\/05\/e06d63ae90d5d500b3a94b05860a1e8a-621x365.jpg",621,365,true],"large":["https:\/\/arantv.az\/wp-content\/uploads\/2024\/05\/e06d63ae90d5d500b3a94b05860a1e8a-840x494.jpg",640,376,true],"1536x1536":["https:\/\/arantv.az\/wp-content\/uploads\/2024\/05\/e06d63ae90d5d500b3a94b05860a1e8a.jpg",850,500,false],"2048x2048":["https:\/\/arantv.az\/wp-content\/uploads\/2024\/05\/e06d63ae90d5d500b3a94b05860a1e8a.jpg",850,500,false],"post-thumbnail":["https:\/\/arantv.az\/wp-content\/uploads\/2024\/05\/e06d63ae90d5d500b3a94b05860a1e8a-240x172.jpg",240,172,true],"advps-thumb-one":["https:\/\/arantv.az\/wp-content\/uploads\/2024\/05\/e06d63ae90d5d500b3a94b05860a1e8a.jpg",850,500,false]},"rttpg_author":{"display_name":"V\u00fcsal Rafiqo\u011flu","author_link":"https:\/\/arantv.az\/?author=2"},"rttpg_comment":0,"rttpg_category":"<a href=\"https:\/\/arantv.az\/?cat=7\" rel=\"category\">D\u00fcnya<\/a>","rttpg_excerpt":"Medvedevin n\u00fcv\u0259 h\u0259d\u0259sind\u0259n d\u0259rhal sonra \u201cFransa n\u0259 Rusiya il\u0259, n\u0259 d\u0259 rus xalq\u0131 il\u0259 m\u00fcharib\u0259d\u0259 deyil\u201d b\u0259yanat\u0131 qorxunun t\u0259sdiqi oldu Ukraynaya qo\u015fun g\u00f6nd\u0259r\u0259n ist\u0259nil\u0259n \u00f6lk\u0259l\u0259rin \u0259razisin\u0259 n\u00fcv\u0259 z\u0259rb\u0259si endiril\u0259c\u0259k. Bunu Rusiya T\u0259hl\u00fck\u0259sizlik \u015euras\u0131n\u0131n s\u0259dr m\u00fcavini Dmitri Medvedyev deyib. O bildirib ki, bel\u0259 olan halda \u00f6lk\u0259sinin h\u0259d\u0259find\u0259 Va\u015finqton, London v\u0259 Paris \u015f\u0259h\u0259rl\u0259ri olacaq. Medvedyevin q\u0259na\u0259tin\u0259 g\u00f6r\u0259,&hellip;","_links":{"self":[{"href":"https:\/\/arantv.az\/index.php?rest_route=\/wp\/v2\/posts\/719565"}],"collection":[{"href":"https:\/\/arantv.az\/index.php?rest_route=\/wp\/v2\/posts"}],"about":[{"href":"https:\/\/arantv.az\/index.php?rest_route=\/wp\/v2\/types\/post"}],"author":[{"embeddable":true,"href":"https:\/\/arantv.az\/index.php?rest_route=\/wp\/v2\/users\/2"}],"replies":[{"embeddable":true,"href":"https:\/\/arantv.az\/index.php?rest_route=%2Fwp%2Fv2%2Fcomments&post=719565"}],"version-history":[{"count":0,"href":"https:\/\/arantv.az\/index.php?rest_route=\/wp\/v2\/posts\/719565\/revisions"}],"wp:featuredmedia":[{"embeddable":true,"href":"https:\/\/arantv.az\/index.php?rest_route=\/wp\/v2\/media\/719566"}],"wp:attachment":[{"href":"https:\/\/arantv.az\/index.php?rest_route=%2Fwp%2Fv2%2Fmedia&parent=719565"}],"wp:term":[{"taxonomy":"category","embeddable":true,"href":"https:\/\/arantv.az\/index.php?rest_route=%2Fwp%2Fv2%2Fcategories&post=719565"},{"taxonomy":"post_tag","embeddable":true,"href":"https:\/\/arantv.az\/index.php?rest_route=%2Fwp%2Fv2%2Ftags&post=719565"}],"curies":[{"name":"wp","href":"https:\/\/api.w.org\/{rel}","templated":true}]}}