{"id":719584,"date":"2024-05-07T18:57:16","date_gmt":"2024-05-07T14:57:16","guid":{"rendered":"https:\/\/arantv.az\/?p=719584"},"modified":"2024-05-07T18:57:16","modified_gmt":"2024-05-07T14:57:16","slug":"abs-s%c9%99firinin-susaya-s%c9%99f%c9%99ri-demaqogiyaya-qoyulan-noqt%c9%99-t%c9%99hlil-foto","status":"publish","type":"post","link":"https:\/\/arantv.az\/?p=719584","title":{"rendered":"AB\u015e s\u0259firinin \u015eu\u015faya s\u0259f\u0259ri: Demaqogiyaya qoyulan n\u00f6qt\u0259 &#8211; T\u018fHL\u0130L + FOTO"},"content":{"rendered":"<p>\u0130\u015f\u011fal alt\u0131nda olan b\u00f6lg\u0259y\u0259 Erm\u0259nistandan s\u0259f\u0259rl\u0259rl\u0259 Az\u0259rbaycan\u0131n \u0259razi b\u00fct\u00f6vl\u00fcy\u00fc v\u0259 suveren h\u00fcquqlar\u0131 pozulurdu. Bu normalar\u0131 pozanlara qar\u015f\u0131 uy\u011fun sanksiyalar t\u0259tbiq olunurdu.<\/p>\n<p>\u0130ndi Az\u0259rbaycan beyn\u0259lxalq ictimaiyy\u0259t t\u0259r\u0259find\u0259n tan\u0131nan \u0259razil\u0259rinin b\u00fct\u00f6vl\u00fcy\u00fcn\u00fc v\u0259 suveren h\u00fcquqlar\u0131n\u0131 b\u0259rpa edib. Regiona b\u00fct\u00fcn s\u0259f\u0259rl\u0259r s\u0259rb\u0259stdir. D\u00fczd\u00fcr, mina t\u0259hl\u00fck\u0259sizliyi bax\u0131m\u0131ndan m\u00fc\u0259yy\u0259n probleml\u0259r qald\u0131\u011f\u0131 \u00fc\u00e7\u00fcn h\u0259l\u0259lik\u00a0ziyar\u0259t n\u0259zar\u0259t alt\u0131nda realla\u015f\u0131r.<\/p>\n<p>Ancaq F\u00fczuliy\u0259, A\u011fdama, \u015eu\u015faya, La\u00e7\u0131na, Z\u0259ngilana, Qubadl\u0131ya, K\u0259lb\u0259c\u0259r\u0259 s\u0259f\u0259rl\u0259 G\u0259nc\u0259, Quba, \u015e\u0259ki, L\u0259nk\u0259ran, Yevlax, B\u0259rd\u0259y\u0259 s\u0259yah\u0259t aras\u0131nda he\u00e7 bir f\u0259rq yoxdur. \u00c7\u00fcnki ham\u0131s\u0131 Az\u0259rbaycan torpa\u011f\u0131d\u0131r. \u00d6lk\u0259nin b\u00fct\u00fcn b\u00f6lg\u0259l\u0259rind\u0259 d\u00f6vl\u0259t qurumlar\u0131 f\u0259aliyy\u0259t g\u00f6st\u0259rir v\u0259 Az\u0259rbaycan hakimiyy\u0259tinin n\u0259zar\u0259ti alt\u0131ndad\u0131r.<\/p>\n<p>Bu yax\u0131nlarda AB\u015e-nin Az\u0259rbaycandak\u0131 s\u0259firi Mark Libbi v\u0259 xan\u0131m\u0131 Danusya Libbi Qubaya s\u0259f\u0259r edibl\u0259r. Onlar Q\u0131rm\u0131z\u0131 Q\u0259s\u0259b\u0259d\u0259 olublar. Qonaqlar y\u0259hudil\u0259rin Pesax bayram\u0131n\u0131 qeyd etm\u0259k \u00fc\u00e7\u00fcn Da\u011f y\u0259hudil\u0259ri icmas\u0131n\u0131n n\u00fcmay\u0259nd\u0259l\u0259ri il\u0259 g\u00f6r\u00fc\u015f\u00fcbl\u0259r. El\u0259c\u0259 d\u0259 sinaqoqlara, muzeyl\u0259r\u0259 v\u0259 Ta\u011fl\u0131 K\u00f6rp\u00fcy\u0259 ba\u015f \u00e7\u0259kibl\u0259r.<\/p>\n<p>Ancaq t\u0259\u0259ss\u00fcf ki, s\u0259fir Mark Libbi bir ne\u00e7\u0259 g\u00fcn \u0259vv\u0259l \u015eu\u015faya s\u0259f\u0259r etm\u0259m\u0259si il\u0259 ba\u011fl\u0131 \u00f6zf\u0259aliyy\u0259t\u0259 yol vermi\u015fdi. O\u00a0bunun s\u0259b\u0259bini bel\u0259 a\u00e7\u0131qlam\u0131\u015fd\u0131:<\/p>\n<p>\u201cAz\u0259rbaycan \u0259razisind\u0259 s\u0259f\u0259rl\u0259ri s\u0259firlik planla\u015fd\u0131r\u0131r\u201d.<\/p>\n<p>S\u0259fir bildirmi\u015fdi ki, bu \u0259razil\u0259r\u0259 s\u0259f\u0259rl\u0259r bir az f\u0259rqli v\u0259 bir az daha \u00e7ox koordinasiya t\u0259l\u0259b edir:<\/p>\n<p>\u201cAncaq m\u0259n harasa kimins\u0259 \u015fousunun i\u015ftirak\u00e7\u0131s\u0131 olmaq \u00fc\u00e7\u00fcn getm\u0259k ist\u0259mir\u0259m. Odur ki, bunu etm\u0259yin vaxt\u0131 g\u0259l\u0259nd\u0259, m\u0259n bunu ed\u0259c\u0259y\u0259m\u201d.<\/p>\n<p><img src=\"https:\/\/cdn.oxu.az\/uploads\/W1siZiIsIjIwMjQvMDUvMDcvMTYvMTIvNDkvZDExNWEzNTEtNTlkZS00OTgyLThkNDktMzNiOTAwZDQ0ZmY3L2JmODljNGJhLWIwYWMtMzQ4Yy05MThlLWM2ZDRmMDM1N2UwMS5qcGciXSxbInAiLCJlbmNvZGUiLCJqcGciLCItcXVhbGl0eSA4MCJdLFsicCIsInRodW1iIiwiNTkweDU5MFx1MDAzZSJdXQ?sha=1600ab82f0c8197c\" alt=\"\" \/><\/p>\n<p>Qaydalara \u0259sas\u0259n, \u00f6lk\u0259d\u0259 f\u0259aliyy\u0259t g\u00f6st\u0259r\u0259n s\u0259firl\u0259r d\u00f6vl\u0259t t\u0259dbirl\u0259rin\u0259 d\u0259v\u0259t edilirl\u0259r. Bununla bel\u0259 h\u0259min m\u0259rasiml\u0259rd\u0259 i\u015ftirak edib, etm\u0259m\u0259k s\u0259firin m\u00fcst\u0259sna h\u00fcququdur. O\u00a0bu bar\u0259d\u0259 m\u00fctl\u0259q \u00f6z \u00f6lk\u0259sinin Xarici \u0130\u015fl\u0259r Nazirliyin\u0259 m\u0259lumat verir. Bundan ba\u015fqa s\u0259fir \u00f6z d\u00f6vl\u0259ti il\u0259 f\u0259aliyy\u0259t g\u00f6st\u0259rdiyi \u00f6lk\u0259 aras\u0131nda m\u00fcnasib\u0259tl\u0259rin normalla\u015fmas\u0131 istiqam\u0259tind\u0259 \u00e7al\u0131\u015fmal\u0131d\u0131r. Onun xidm\u0259t etdiyi d\u00f6vl\u0259t\u0259 yana\u015fmas\u0131 f\u0259rdi say\u0131la bilm\u0259z. Az\u0259rbaycanla AB\u015e aras\u0131nda m\u00fcnasib\u0259t normald\u0131r. Bu bax\u0131mdan s\u0259firin \u201c\u015fou\u201d il\u0259 ba\u011fl\u0131 a\u00e7\u0131qlamas\u0131n\u0131n \u00f6lk\u0259l\u0259raras\u0131 m\u00fcnasib\u0259t\u0259 t\u0259sir etm\u0259si m\u00fcmk\u00fcn olmasa da, \u201cd\u0259yirmana su t\u00f6km\u0259y\u0259\u201d ox\u015fay\u0131r.<\/p>\n<p>Ancaq 2022-ci ilin yay\u0131nda B\u00f6y\u00fck Britaniyan\u0131n Az\u0259rbaycandak\u0131 s\u0259firi Ceyms \u015earp Bak\u0131 Enerji Forumu \u00e7\u0259r\u00e7iv\u0259sind\u0259 \u015eu\u015fa \u015f\u0259h\u0259rind\u0259 t\u0259\u015fkil olunan x\u00fcsusi sessiyaya qat\u0131lm\u0131\u015fd\u0131. Onun bu add\u0131m\u0131 \u00f6lk\u0259 ictimaiyy\u0259ti t\u0259r\u0259find\u0259n xo\u015f qar\u015f\u0131lanm\u0131\u015fd\u0131. Bu add\u0131m h\u0259m d\u0259 Az\u0259rbaycan\u0131n \u0259razi b\u00fct\u00f6vl\u00fcy\u00fcn\u0259 h\u00f6rm\u0259t say\u0131l\u0131r.<\/p>\n<p><img src=\"https:\/\/cdn.oxu.az\/uploads\/W1siZiIsIjIwMjQvMDUvMDcvMTYvMTMvMzEvZDRkNjc4OTUtMzMwOS00YzU4LTgwZTEtYjMxNDNjY2JjODk1L3BwbGpqamhnZmZmLnBuZyJdLFsicCIsImVuY29kZSIsImpwZyIsIi1xdWFsaXR5IDgwIl0sWyJwIiwidGh1bWIiLCI1OTB4NTkwXHUwMDNlIl1d?sha=68457e6bf44ce2dd\" alt=\"\" \/><\/p>\n<p>S\u0259fir Mark Libbi d\u0259 b\u0259hs etdiyimiz a\u00e7\u0131qlamas\u0131ndan bir h\u0259ft\u0259 sonra \u015eu\u015faya s\u0259f\u0259r etm\u0259kl\u0259 Az\u0259rbaycan-AB\u015e m\u00fcnasib\u0259tl\u0259ri il\u0259 ba\u011fl\u0131 yay\u0131lan dedi-qodulara bir z\u0259rb\u0259 vurub. Onun \u201c\u015eu\u015fada oldu\u011fuma g\u00f6r\u0259 xo\u015fb\u0259xt\u0259m\u201d a\u00e7\u0131qlamas\u0131 \u00f6lk\u0259l\u0259raras\u0131 \u0259laq\u0259l\u0259r\u0259 xo\u015fm\u0259raml\u0131 ismar\u0131\u015f da say\u0131la bil\u0259r. Bu s\u0259f\u0259r\u0259 iki ayd\u0131r haz\u0131rla\u015fd\u0131qlar\u0131n\u0131, qonaqsev\u0259rliy\u0259 g\u00f6r\u0259 t\u0259\u015f\u0259kk\u00fcr\u00fcn\u00fc \u00f6z\u00fcn\u0259m\u0259xsus \u00fczrxahl\u0131q kimi d\u0259 qiym\u0259tl\u0259ndirm\u0259k olar. Mark Libbinin sosial \u015f\u0259b\u0259k\u0259d\u0259 \u201cAz\u0259rbaycan\u0131n b\u00fct\u00fcn b\u00f6lg\u0259l\u0259rin\u0259 s\u0259f\u0259rl\u0259rimi davam etdirm\u0259yi s\u0259birsizlikl\u0259 g\u00f6zl\u0259yir\u0259m&#8221; payla\u015f\u0131m\u0131 indiki m\u0259qam \u00fc\u00e7\u00fcn yerin\u0259 d\u00fc\u015f\u00fcr.<\/p>\n<p>B\u00fct\u00fcn hallarda s\u0259fir 30 il \u0259rzind\u0259 Erm\u0259nistan\u0131n v\u0259 havadarlar\u0131n\u0131n i\u015f\u011fal alt\u0131nda t\u00f6r\u0259tdikl\u0259ri v\u0259h\u015filikl\u0259rin izl\u0259rini \u0259yani olaraq g\u00f6r\u00fcb. O, regionda davam ed\u0259n b\u0259rpa v\u0259 yenid\u0259nqurma i\u015fl\u0259rin\u0259 d\u0259 \u015fahid olub.<\/p>\n<p>Bu, \u0259slind\u0259 AB\u015e s\u0259firinin \u015eu\u015faya gecikmi\u015f s\u0259f\u0259ridir. \u00c7\u00fcnki \u015etatlar vaxt\u0131 il\u0259 Az\u0259rbaycan torpaqlar\u0131n\u0131n i\u015f\u011fal alt\u0131nda oldu\u011funu q\u0259bul etmi\u015fdi v\u0259 BMT T\u0259hl\u00fck\u0259sizlik \u015euras\u0131n\u0131n d\u00f6rd\u00a0q\u0259tnam\u0259sin\u0259 s\u0259s vermi\u015fdi. H\u0259tta\u00a0Erm\u0259nistan\u0131n i\u015f\u011fal\u0131 alt\u0131nda olan s\u0259kkiz\u00a0k\u0259ndd\u0259n d\u00f6rd\u00fcn\u00fcn Az\u0259rbaycana qaytar\u0131lmas\u0131n\u0131, iki \u00f6lk\u0259 aras\u0131nda s\u0259rh\u0259dl\u0259rin delimitasiya v\u0259 demarkasiyas\u0131n\u0131 m\u00fcsb\u0259t qar\u015f\u0131lam\u0131\u015fd\u0131.<\/p>\n<p><img src=\"https:\/\/cdn.oxu.az\/uploads\/W1siZiIsIjIwMjQvMDUvMDcvMTYvMTIvMjkvNGI3MjYxNGUtYWZkMi00ZDg0LWJhODYtNzczYjRlNWQ2YTQzL2M0YjA1MDZhLTljYzAtMzg1NC1iOTYxLThkMzRhODQyOGEyMy5qcGVnIl0sWyJwIiwiZW5jb2RlIiwianBnIiwiLXF1YWxpdHkgODAiXSxbInAiLCJ0aHVtYiIsIjU5MHg1OTBcdTAwM2UiXV0?sha=c2d2473068f86d75\" alt=\"\" \/><\/p>\n<p>Bu m\u0259ntiql\u0259 torpaqlar azad edildikd\u0259n sonra h\u0259min \u0259raziy\u0259 s\u0259f\u0259r etm\u0259m\u0259k, buna siyasi, beyn\u0259lxalq \u0259h\u0259miyy\u0259tli don geyindirm\u0259k m\u0259ntiqli deyil.<\/p>\n<p>Dig\u0259r t\u0259r\u0259fd\u0259n AB\u015e Prezidenti Cozef Bayden Prezident\u00a0<strong>\u0130lham \u018fliyev\u0259<\/strong>\u00a0d\u0259f\u0259l\u0259rl\u0259 m\u0259ktub \u00fcnvanlayaraq C\u0259nubi Qafqazda Az\u0259rbaycanla \u0259m\u0259kda\u015fl\u0131q ed\u0259c\u0259kl\u0259rini vur\u011fulay\u0131b. M\u0259s\u0259l\u0259n, \u00f6t\u0259n ilin may\u0131nda g\u00f6nd\u0259rdiyi m\u0259ktubda o vur\u011fulam\u0131\u015fd\u0131:<\/p>\n<p>\u201c30 ild\u0259n art\u0131q bir d\u00f6vrd\u0259 Az\u0259rbaycan v\u0259 Amerika Birl\u0259\u015fmi\u015f \u015etatlar\u0131 transmilli t\u0259hl\u00fck\u0259l\u0259rl\u0259 m\u00fcbariz\u0259d\u0259n inkl\u00fcziv iqtisadi inki\u015fafa q\u0259d\u0259r m\u00f6hk\u0259m t\u0259r\u0259fda\u015fl\u0131q yarad\u0131b. Az\u0259rbaycan t\u0259hl\u00fck\u0259siz enerji t\u0259chizat\u0131na olan t\u0259l\u0259bat\u0131n \u00f6d\u0259nilm\u0259sin\u0259 yard\u0131m etm\u0259kd\u0259dir &#8211; bura C\u0259nub Qaz D\u0259hlizi daxil olmaqla, Orta D\u0259hlizin inki\u015faf\u0131 v\u0259 enerji \u00e7evikliyini g\u00fccl\u0259ndir\u0259n enerjinin \u015fax\u0259l\u0259ndirilm\u0259sinin art\u0131r\u0131lmas\u0131 daxildir\u201d.<\/p>\n<p>Prezident \u0130lham \u018fliyevl\u0259 AB\u015e d\u00f6vl\u0259t katibi Antoni Blinken aras\u0131nda bu ilin ilk d\u00f6rd ay\u0131nda bir ne\u00e7\u0259 t\u0259mas olub. Fevral\u0131n 17-d\u0259 M\u00fcnxend\u0259 d\u00f6vl\u0259t ba\u015f\u00e7\u0131s\u0131 il\u0259 d\u00f6vl\u0259t katibi aras\u0131nda g\u00f6r\u00fc\u015f ke\u00e7irilib. G\u00f6r\u00fc\u015fd\u0259 t\u0259r\u0259fl\u0259ri maraqland\u0131ran m\u0259s\u0259l\u0259l\u0259r m\u00fczakir\u0259 olunub. O, Az\u0259rbaycan\u0131n COP29 r\u0259hb\u0259rliyini \u00f6z \u00fcz\u0259rin\u0259 g\u00f6t\u00fcrm\u0259sini vacib sayaraq, buna ciddi d\u0259st\u0259k ver\u0259c\u0259kl\u0259rini bildirib. N\u00f6vb\u0259ti t\u0259mas is\u0259 aprelin 3-d\u0259 realla\u015f\u0131b. Antoni Blinken Prezident \u0130lham \u018fliyev\u0259 z\u0259ng ed\u0259r\u0259k aprelin 5-d\u0259 AB\u015e, Avropa \u0130ttifaq\u0131 v\u0259 Erm\u0259nistan aras\u0131nda ke\u00e7iril\u0259c\u0259k \u00fc\u00e7t\u0259r\u0259fli g\u00f6r\u00fc\u015f bar\u0259d\u0259 m\u0259lumatland\u0131r\u0131b.<\/p>\n<p><img src=\"https:\/\/cdn.oxu.az\/uploads\/W1siZiIsIjIwMjQvMDUvMDcvMTYvMTIvMjEvMWEyM2JlODEtNGJhZS00ZWQ4LThhOTItMzJlYTk1NjllYjMyLzE3YWJkNjEyLWZlNzMtMzBhZi05YTViLTMzYzAyYjljMGQ4ZS5qcGciXSxbInAiLCJlbmNvZGUiLCJqcGciLCItcXVhbGl0eSA4MCJdLFsicCIsInRodW1iIiwiNTkweDU5MFx1MDAzZSJdXQ?sha=a20b826d874e02c2\" alt=\"\" \/><\/p>\n<p>Bu kimi t\u0259maslardan g\u00f6r\u00fcnd\u00fcy\u00fc kimi Az\u0259rbaycanla AB\u015e yaranm\u0131\u015f probleml\u0259ri v\u0259 ya ziddiyy\u0259tli m\u0259s\u0259l\u0259l\u0259ri m\u00fczakir\u0259 yolu il\u0259 h\u0259ll ed\u0259 bilir.<\/p>\n<p>S\u0259fir Mark Libbinin \u015eu\u015faya s\u0259f\u0259ri D\u00f6vl\u0259t Departamentind\u0259 d\u0259 m\u0259nfi qar\u015f\u0131lanmay\u0131b. Qurumun r\u0259smi n\u00fcmay\u0259nd\u0259si Metyu Miller s\u0259firin \u015eu\u015faya s\u0259f\u0259ri il\u0259 ba\u011fl\u0131 \u00fcnvanlanan suala cavab\u0131nda deyib:<\/p>\n<p>\u201cHe\u00e7 bir \u015f\u0259rhim, yaxud g\u00f6zl\u0259ntim yoxdur\u201d.<\/p>\n<p>Bu, s\u0259firin \u015eu\u015fa s\u0259f\u0259rin\u0259, onunla ba\u011fl\u0131 yay\u0131lan m\u00fcxt\u0259lif m\u0259zmunlu fikirl\u0259r\u0259, demaqogiyaya n\u00f6qt\u0259 qoyulmas\u0131 kimi d\u0259 d\u0259y\u0259rl\u0259ndiril\u0259 bil\u0259r. Mark Libbiy\u0259 Az\u0259rbaycan\u0131n ba\u015fqa b\u00f6lg\u0259l\u0259ri d\u0259 \u201cXo\u015f g\u0259lmisiniz\u201d dey\u0259r, lap \u015eu\u015fadak\u0131 kimi o da \u00f6z\u00fcn\u00fc xo\u015fb\u0259xt hiss ed\u0259r. Odur ki, s\u0259firin Az\u0259rbaycan\u0131n n\u00f6vb\u0259ti b\u00f6lg\u0259sin\u0259 ziyar\u0259ti x\u0259b\u0259rini g\u00f6zl\u0259y\u0259k.<\/p>\n<p><strong>\u201cReport\u201d \u0130nformasiya Agentliyi<\/strong><\/p>\n","protected":false},"excerpt":{"rendered":"<p>\u0130\u015f\u011fal alt\u0131nda olan b\u00f6lg\u0259y\u0259 Erm\u0259nistandan s\u0259f\u0259rl\u0259rl\u0259 Az\u0259rbaycan\u0131n \u0259razi b\u00fct\u00f6vl\u00fcy\u00fc v\u0259 suveren h\u00fcquqlar\u0131 pozulurdu. Bu normalar\u0131 pozanlara qar\u015f\u0131 uy\u011fun sanksiyalar t\u0259tbiq olunurdu. \u0130ndi Az\u0259rbaycan beyn\u0259lxalq ictimaiyy\u0259t t\u0259r\u0259find\u0259n tan\u0131nan \u0259razil\u0259rinin b\u00fct\u00f6vl\u00fcy\u00fcn\u00fc v\u0259 suveren h\u00fcquqlar\u0131n\u0131 b\u0259rpa edib. Regiona b\u00fct\u00fcn s\u0259f\u0259rl\u0259r s\u0259rb\u0259stdir. D\u00fczd\u00fcr, mina t\u0259hl\u00fck\u0259sizliyi bax\u0131m\u0131ndan m\u00fc\u0259yy\u0259n probleml\u0259r qald\u0131\u011f\u0131 \u00fc\u00e7\u00fcn h\u0259l\u0259lik\u00a0ziyar\u0259t n\u0259zar\u0259t alt\u0131nda realla\u015f\u0131r. Ancaq F\u00fczuliy\u0259, A\u011fdama, \u015eu\u015faya, La\u00e7\u0131na, Z\u0259ngilana, Qubadl\u0131ya, K\u0259lb\u0259c\u0259r\u0259 s\u0259f\u0259rl\u0259 G\u0259nc\u0259, Quba, \u015e\u0259ki, L\u0259nk\u0259ran, Yevlax, B\u0259rd\u0259y\u0259 s\u0259yah\u0259t aras\u0131nda he\u00e7 bir f\u0259rq yoxdur. \u00c7\u00fcnki ham\u0131s\u0131 Az\u0259rbaycan torpa\u011f\u0131d\u0131r. \u00d6lk\u0259nin b\u00fct\u00fcn b\u00f6lg\u0259l\u0259rind\u0259 d\u00f6vl\u0259t qurumlar\u0131 f\u0259aliyy\u0259t g\u00f6st\u0259rir v\u0259 Az\u0259rbaycan hakimiyy\u0259tinin n\u0259zar\u0259ti alt\u0131ndad\u0131r. Bu yax\u0131nlarda AB\u015e-nin&hellip;<\/p>\n","protected":false},"author":2,"featured_media":719585,"comment_status":"closed","ping_status":"closed","sticky":false,"template":"","format":"standard","meta":{"om_disable_all_campaigns":false,"_monsterinsights_skip_tracking":false,"_monsterinsights_sitenote_active":false,"_monsterinsights_sitenote_note":"","_monsterinsights_sitenote_category":0},"categories":[4],"tags":[],"aioseo_notices":[],"gutentor_comment":0,"rttpg_featured_image_url":{"full":["https:\/\/arantv.az\/wp-content\/uploads\/2024\/05\/8d297489-8b9e-3e80-b97d-cea87a501754_850.jpg",620,413,false],"landscape":["https:\/\/arantv.az\/wp-content\/uploads\/2024\/05\/8d297489-8b9e-3e80-b97d-cea87a501754_850.jpg",620,413,false],"portraits":["https:\/\/arantv.az\/wp-content\/uploads\/2024\/05\/8d297489-8b9e-3e80-b97d-cea87a501754_850.jpg",620,413,false],"thumbnail":["https:\/\/arantv.az\/wp-content\/uploads\/2024\/05\/8d297489-8b9e-3e80-b97d-cea87a501754_850-500x280.jpg",500,280,true],"medium":["https:\/\/arantv.az\/wp-content\/uploads\/2024\/05\/8d297489-8b9e-3e80-b97d-cea87a501754_850-548x365.jpg",548,365,true],"large":["https:\/\/arantv.az\/wp-content\/uploads\/2024\/05\/8d297489-8b9e-3e80-b97d-cea87a501754_850.jpg",620,413,false],"1536x1536":["https:\/\/arantv.az\/wp-content\/uploads\/2024\/05\/8d297489-8b9e-3e80-b97d-cea87a501754_850.jpg",620,413,false],"2048x2048":["https:\/\/arantv.az\/wp-content\/uploads\/2024\/05\/8d297489-8b9e-3e80-b97d-cea87a501754_850.jpg",620,413,false],"post-thumbnail":["https:\/\/arantv.az\/wp-content\/uploads\/2024\/05\/8d297489-8b9e-3e80-b97d-cea87a501754_850-240x172.jpg",240,172,true],"advps-thumb-one":["https:\/\/arantv.az\/wp-content\/uploads\/2024\/05\/8d297489-8b9e-3e80-b97d-cea87a501754_850.jpg",620,413,false]},"rttpg_author":{"display_name":"V\u00fcsal Rafiqo\u011flu","author_link":"https:\/\/arantv.az\/?author=2"},"rttpg_comment":0,"rttpg_category":"<a href=\"https:\/\/arantv.az\/?cat=4\" rel=\"category\">Siyas\u0259t<\/a>","rttpg_excerpt":"\u0130\u015f\u011fal alt\u0131nda olan b\u00f6lg\u0259y\u0259 Erm\u0259nistandan s\u0259f\u0259rl\u0259rl\u0259 Az\u0259rbaycan\u0131n \u0259razi b\u00fct\u00f6vl\u00fcy\u00fc v\u0259 suveren h\u00fcquqlar\u0131 pozulurdu. Bu normalar\u0131 pozanlara qar\u015f\u0131 uy\u011fun sanksiyalar t\u0259tbiq olunurdu. \u0130ndi Az\u0259rbaycan beyn\u0259lxalq ictimaiyy\u0259t t\u0259r\u0259find\u0259n tan\u0131nan \u0259razil\u0259rinin b\u00fct\u00f6vl\u00fcy\u00fcn\u00fc v\u0259 suveren h\u00fcquqlar\u0131n\u0131 b\u0259rpa edib. Regiona b\u00fct\u00fcn s\u0259f\u0259rl\u0259r s\u0259rb\u0259stdir. D\u00fczd\u00fcr, mina t\u0259hl\u00fck\u0259sizliyi bax\u0131m\u0131ndan m\u00fc\u0259yy\u0259n probleml\u0259r qald\u0131\u011f\u0131 \u00fc\u00e7\u00fcn h\u0259l\u0259lik\u00a0ziyar\u0259t n\u0259zar\u0259t alt\u0131nda realla\u015f\u0131r. Ancaq F\u00fczuliy\u0259, A\u011fdama, \u015eu\u015faya, La\u00e7\u0131na,&hellip;","_links":{"self":[{"href":"https:\/\/arantv.az\/index.php?rest_route=\/wp\/v2\/posts\/719584"}],"collection":[{"href":"https:\/\/arantv.az\/index.php?rest_route=\/wp\/v2\/posts"}],"about":[{"href":"https:\/\/arantv.az\/index.php?rest_route=\/wp\/v2\/types\/post"}],"author":[{"embeddable":true,"href":"https:\/\/arantv.az\/index.php?rest_route=\/wp\/v2\/users\/2"}],"replies":[{"embeddable":true,"href":"https:\/\/arantv.az\/index.php?rest_route=%2Fwp%2Fv2%2Fcomments&post=719584"}],"version-history":[{"count":0,"href":"https:\/\/arantv.az\/index.php?rest_route=\/wp\/v2\/posts\/719584\/revisions"}],"wp:featuredmedia":[{"embeddable":true,"href":"https:\/\/arantv.az\/index.php?rest_route=\/wp\/v2\/media\/719585"}],"wp:attachment":[{"href":"https:\/\/arantv.az\/index.php?rest_route=%2Fwp%2Fv2%2Fmedia&parent=719584"}],"wp:term":[{"taxonomy":"category","embeddable":true,"href":"https:\/\/arantv.az\/index.php?rest_route=%2Fwp%2Fv2%2Fcategories&post=719584"},{"taxonomy":"post_tag","embeddable":true,"href":"https:\/\/arantv.az\/index.php?rest_route=%2Fwp%2Fv2%2Ftags&post=719584"}],"curies":[{"name":"wp","href":"https:\/\/api.w.org\/{rel}","templated":true}]}}