{"id":719600,"date":"2024-05-07T19:45:43","date_gmt":"2024-05-07T15:45:43","guid":{"rendered":"https:\/\/arantv.az\/?p=719600"},"modified":"2024-05-07T19:45:43","modified_gmt":"2024-05-07T15:45:43","slug":"az%c9%99rbaycanda-faci%c9%99li-s%c9%99kild%c9%99-ol%c9%99n-prokurorun-fotosu-yenil%c9%99nib","status":"publish","type":"post","link":"https:\/\/arantv.az\/?p=719600","title":{"rendered":"Az\u0259rbaycanda faci\u0259li \u015f\u0259kild\u0259 \u00f6l\u0259n prokurorun FOTOSU &#8211; YEN\u0130L\u018fN\u0130B"},"content":{"rendered":"<p>Bak\u0131-Quba yolunda ba\u015f ver\u0259n yol-n\u0259qliyyat hadis\u0259si zaman\u0131 h\u0259lak olan 1983-c\u00fc il t\u0259v\u0259ll\u00fcdl\u00fc prokuror M\u00fc\u015ffiq Abdullayev do\u011fuldu\u011fu G\u0259nc\u0259 \u015f\u0259h\u0259rind\u0259 d\u0259fn edil\u0259c\u0259k.<\/p>\n<p>Bu bar\u0259d\u0259 Azpolitika.info m\u0259lumat yay\u0131b.<\/p>\n<p>Qeyd edilib ki, M.Abdullayev daha \u0259vv\u0259l N\u0259simi Rayon Prokurorlu\u011funda m\u00fcst\u0259ntiq v\u0259 b\u00f6y\u00fck m\u00fcst\u0259ntiq v\u0259zif\u0259l\u0259rind\u0259 d\u0259 \u00e7al\u0131\u015f\u0131b.<\/p>\n<p>M\u0259lumat \u00fc\u00e7\u00fcn bildir\u0259k ki, M.Abdullayev A\u011fstafan\u0131n sabiq polis r\u0259isi Elsev\u0259r Aslanovun v\u0259 k\u0259nd t\u0259s\u0259rr\u00fcfat\u0131 nazirinin sabiq m\u00fcavini Aslan Aslanovun bac\u0131s\u0131 o\u011fludur.<\/p>\n<p>Hadis\u0259 il\u0259 ba\u011fl\u0131 ara\u015fd\u0131rma apar\u0131l\u0131r.<\/p>\n<p>&nbsp;<\/p>\n<div class=\"gallery\">\n<div class=\"gallery-i\"><img src=\"https:\/\/cdn.oxu.az\/uploads\/W1siZiIsIjIwMjQvMDUvMDcvMTkvMTYvNDAvZjg0OWNmOTctZmNmMy00NGRhLWI0ZGEtYTJiZDcyMDU3YWNhL1doYXRzQXBwIEltYWdlIDIwMjQtMDUtMDcgYXQgMTkuMDkuMDQgKDEpLmpwZWciXSxbInAiLCJlbmNvZGUiLCJqcGciLCItcXVhbGl0eSA4MCJdLFsicCIsInRodW1iIiwiNTkweDU5MFx1MDAzZSJdXQ?sha=6474f9dfc8ba0040\" alt=\"\" \/><\/p>\n<div class=\"gallery-i-caption\"><\/div>\n<\/div>\n<\/div>\n<p><em><strong>Fotoda\u00a0Aslan Aslanov<\/strong><\/em><\/p>\n<p><strong>12:24<\/strong><\/p>\n<p>Bak\u0131-Quba yolunda \u00f6l\u00fcml\u0259 n\u0259tic\u0259l\u0259n\u0259n yol-n\u0259qliyyat hadis\u0259si ba\u015f verib.<\/p>\n<p><strong>Oxu.Az<\/strong>-\u0131n \u0259ld\u0259 etdiyi m\u0259lumata g\u00f6r\u0259, q\u0259za n\u0259tic\u0259sind\u0259 M\u00fc\u015ffiq Abdullayev d\u00fcnyas\u0131n\u0131 d\u0259yi\u015fib.<\/p>\n<p>O, Bak\u0131 \u015e\u0259h\u0259r Prokurorlu\u011funun \u015f\u00f6b\u0259 prokuroru olub.<\/p>\n<p>Qeyd ed\u0259k ki, M.Abdullayev \u015e\u0259mkir rayonunun sabiq, m\u0259rhum icra ba\u015f\u00e7\u0131s\u0131 Aslan Aslanovun bac\u0131s\u0131 o\u011fludur.<\/p>\n","protected":false},"excerpt":{"rendered":"<p>Bak\u0131-Quba yolunda ba\u015f ver\u0259n yol-n\u0259qliyyat hadis\u0259si zaman\u0131 h\u0259lak olan 1983-c\u00fc il t\u0259v\u0259ll\u00fcdl\u00fc prokuror M\u00fc\u015ffiq Abdullayev do\u011fuldu\u011fu G\u0259nc\u0259 \u015f\u0259h\u0259rind\u0259 d\u0259fn edil\u0259c\u0259k. Bu bar\u0259d\u0259 Azpolitika.info m\u0259lumat yay\u0131b. Qeyd edilib ki, M.Abdullayev daha \u0259vv\u0259l N\u0259simi Rayon Prokurorlu\u011funda m\u00fcst\u0259ntiq v\u0259 b\u00f6y\u00fck m\u00fcst\u0259ntiq v\u0259zif\u0259l\u0259rind\u0259 d\u0259 \u00e7al\u0131\u015f\u0131b. M\u0259lumat \u00fc\u00e7\u00fcn bildir\u0259k ki, M.Abdullayev A\u011fstafan\u0131n sabiq polis r\u0259isi Elsev\u0259r Aslanovun v\u0259 k\u0259nd t\u0259s\u0259rr\u00fcfat\u0131 nazirinin sabiq m\u00fcavini Aslan Aslanovun bac\u0131s\u0131 o\u011fludur. Hadis\u0259 il\u0259 ba\u011fl\u0131 ara\u015fd\u0131rma apar\u0131l\u0131r. &nbsp; Fotoda\u00a0Aslan Aslanov 12:24 Bak\u0131-Quba yolunda \u00f6l\u00fcml\u0259 n\u0259tic\u0259l\u0259n\u0259n yol-n\u0259qliyyat hadis\u0259si ba\u015f verib. Oxu.Az-\u0131n \u0259ld\u0259 etdiyi m\u0259lumata g\u00f6r\u0259, q\u0259za n\u0259tic\u0259sind\u0259 M\u00fc\u015ffiq Abdullayev d\u00fcnyas\u0131n\u0131 d\u0259yi\u015fib.&hellip;<\/p>\n","protected":false},"author":2,"featured_media":719601,"comment_status":"closed","ping_status":"closed","sticky":false,"template":"","format":"standard","meta":{"om_disable_all_campaigns":false,"_monsterinsights_skip_tracking":false,"_monsterinsights_sitenote_active":false,"_monsterinsights_sitenote_note":"","_monsterinsights_sitenote_category":0},"categories":[1],"tags":[],"aioseo_notices":[],"gutentor_comment":0,"rttpg_featured_image_url":{"full":["https:\/\/arantv.az\/wp-content\/uploads\/2024\/05\/5c8d9771-f2f2-4672-a051-07053658c9da-1.jpg",620,413,false],"landscape":["https:\/\/arantv.az\/wp-content\/uploads\/2024\/05\/5c8d9771-f2f2-4672-a051-07053658c9da-1.jpg",620,413,false],"portraits":["https:\/\/arantv.az\/wp-content\/uploads\/2024\/05\/5c8d9771-f2f2-4672-a051-07053658c9da-1.jpg",620,413,false],"thumbnail":["https:\/\/arantv.az\/wp-content\/uploads\/2024\/05\/5c8d9771-f2f2-4672-a051-07053658c9da-1-500x280.jpg",500,280,true],"medium":["https:\/\/arantv.az\/wp-content\/uploads\/2024\/05\/5c8d9771-f2f2-4672-a051-07053658c9da-1-548x365.jpg",548,365,true],"large":["https:\/\/arantv.az\/wp-content\/uploads\/2024\/05\/5c8d9771-f2f2-4672-a051-07053658c9da-1.jpg",620,413,false],"1536x1536":["https:\/\/arantv.az\/wp-content\/uploads\/2024\/05\/5c8d9771-f2f2-4672-a051-07053658c9da-1.jpg",620,413,false],"2048x2048":["https:\/\/arantv.az\/wp-content\/uploads\/2024\/05\/5c8d9771-f2f2-4672-a051-07053658c9da-1.jpg",620,413,false],"post-thumbnail":["https:\/\/arantv.az\/wp-content\/uploads\/2024\/05\/5c8d9771-f2f2-4672-a051-07053658c9da-1-240x172.jpg",240,172,true],"advps-thumb-one":["https:\/\/arantv.az\/wp-content\/uploads\/2024\/05\/5c8d9771-f2f2-4672-a051-07053658c9da-1.jpg",620,413,false]},"rttpg_author":{"display_name":"V\u00fcsal Rafiqo\u011flu","author_link":"https:\/\/arantv.az\/?author=2"},"rttpg_comment":0,"rttpg_category":"<a href=\"https:\/\/arantv.az\/?cat=1\" rel=\"category\">C\u0259miyy\u0259t<\/a>","rttpg_excerpt":"Bak\u0131-Quba yolunda ba\u015f ver\u0259n yol-n\u0259qliyyat hadis\u0259si zaman\u0131 h\u0259lak olan 1983-c\u00fc il t\u0259v\u0259ll\u00fcdl\u00fc prokuror M\u00fc\u015ffiq Abdullayev do\u011fuldu\u011fu G\u0259nc\u0259 \u015f\u0259h\u0259rind\u0259 d\u0259fn edil\u0259c\u0259k. Bu bar\u0259d\u0259 Azpolitika.info m\u0259lumat yay\u0131b. Qeyd edilib ki, M.Abdullayev daha \u0259vv\u0259l N\u0259simi Rayon Prokurorlu\u011funda m\u00fcst\u0259ntiq v\u0259 b\u00f6y\u00fck m\u00fcst\u0259ntiq v\u0259zif\u0259l\u0259rind\u0259 d\u0259 \u00e7al\u0131\u015f\u0131b. M\u0259lumat \u00fc\u00e7\u00fcn bildir\u0259k ki, M.Abdullayev A\u011fstafan\u0131n sabiq polis r\u0259isi Elsev\u0259r Aslanovun v\u0259 k\u0259nd t\u0259s\u0259rr\u00fcfat\u0131&hellip;","_links":{"self":[{"href":"https:\/\/arantv.az\/index.php?rest_route=\/wp\/v2\/posts\/719600"}],"collection":[{"href":"https:\/\/arantv.az\/index.php?rest_route=\/wp\/v2\/posts"}],"about":[{"href":"https:\/\/arantv.az\/index.php?rest_route=\/wp\/v2\/types\/post"}],"author":[{"embeddable":true,"href":"https:\/\/arantv.az\/index.php?rest_route=\/wp\/v2\/users\/2"}],"replies":[{"embeddable":true,"href":"https:\/\/arantv.az\/index.php?rest_route=%2Fwp%2Fv2%2Fcomments&post=719600"}],"version-history":[{"count":0,"href":"https:\/\/arantv.az\/index.php?rest_route=\/wp\/v2\/posts\/719600\/revisions"}],"wp:featuredmedia":[{"embeddable":true,"href":"https:\/\/arantv.az\/index.php?rest_route=\/wp\/v2\/media\/719601"}],"wp:attachment":[{"href":"https:\/\/arantv.az\/index.php?rest_route=%2Fwp%2Fv2%2Fmedia&parent=719600"}],"wp:term":[{"taxonomy":"category","embeddable":true,"href":"https:\/\/arantv.az\/index.php?rest_route=%2Fwp%2Fv2%2Fcategories&post=719600"},{"taxonomy":"post_tag","embeddable":true,"href":"https:\/\/arantv.az\/index.php?rest_route=%2Fwp%2Fv2%2Ftags&post=719600"}],"curies":[{"name":"wp","href":"https:\/\/api.w.org\/{rel}","templated":true}]}}