{"id":719610,"date":"2024-05-07T19:47:56","date_gmt":"2024-05-07T15:47:56","guid":{"rendered":"https:\/\/arantv.az\/?p=719610"},"modified":"2024-05-07T19:47:56","modified_gmt":"2024-05-07T15:47:56","slug":"h%c9%99rbi-prokurorluqda-heyd%c9%99r-%c9%99liyevl%c9%99-bagli-t%c9%99dbir-kecirildi-fotolar","status":"publish","type":"post","link":"https:\/\/arantv.az\/?p=719610","title":{"rendered":"H\u0259rbi Prokurorluqda Heyd\u0259r \u018fliyevl\u0259 ba\u011fl\u0131 t\u0259dbir ke\u00e7irildi- Fotolar"},"content":{"rendered":"<p><strong>May\u0131n 7-d\u0259 H\u0259rbi Prokurorluqda m\u00fcasir Az\u0259rbaycan d\u00f6vl\u0259tinin memar\u0131 v\u0259 qurucusu, xalq\u0131m\u0131z\u0131n \u00dcmummilli Lideri Heyd\u0259r \u018fliyevin anadan olmas\u0131n\u0131n 101-ci ild\u00f6n\u00fcm\u00fc m\u00fcnasib\u0259til\u0259 t\u0259dbir ke\u00e7irilib.<\/strong><\/p>\n<p>Bu bar\u0259d\u0259\u00a0<strong>Musavat.com<\/strong>-a H\u0259rbi Prokurorlu\u011fun m\u0259tbuat xidm\u0259tind\u0259n m\u0259lumat verilib.<\/p>\n<p>Bildirilib ki, \u0259vv\u0259lc\u0259 H\u0259rbi Prokurorlu\u011fun inzibati binas\u0131ndak\u0131 \u201cHeyd\u0259r \u018fliyev gu\u015f\u0259si\u201dnd\u0259 Ulu \u00d6nd\u0259r Heyd\u0259r \u018fliyevin b\u00fcst\u00fc \u00f6n\u00fcn\u0259 g\u00fcl d\u0259st\u0259l\u0259ri d\u00fcz\u00fcl\u0259r\u0259k, dahi \u015f\u0259xsiyy\u0259tin parlaq xatir\u0259sin\u0259 d\u0259rin ehtiram ifad\u0259 olunub.<\/p>\n<p>M\u0259rasim i\u015ftirak\u00e7\u0131lar\u0131 d\u00fcnya \u015f\u00f6hr\u0259tli siyas\u0259t\u00e7inin v\u0259 \u015f\u0259hidl\u0259rimizin \u0259ziz v\u0259 unudulmaz xatir\u0259sini bir d\u0259qiq\u0259lik s\u00fckutla yad edib, qazil\u0259r\u0259 \u015f\u0259fa dil\u0259yibl\u0259r.<\/p>\n<p>T\u0259dbird\u0259 Ba\u015f prokurorun m\u00fcavini \u2013 respublikan\u0131n h\u0259rbi prokuroru, \u0259dliyy\u0259 general-leytenant\u0131 Xanlar V\u0259liyev \u00e7\u0131x\u0131\u015f ed\u0259r\u0259k q\u0259lbi daim V\u0259t\u0259n e\u015fqi il\u0259 d\u00f6y\u00fcn\u0259n, b\u00fct\u00fcn varl\u0131\u011f\u0131 il\u0259 xalq\u0131na ba\u011fl\u0131 olan, istiqlal yolumuzu v\u0259 istiqbal\u0131m\u0131z\u0131 nurland\u0131ran, mill\u0259tini zaman\u0131n s\u0259rt s\u0131naqlar\u0131ndan y\u00fcks\u0259k m\u0259har\u0259tl\u0259 \u00e7\u0131xararaq, h\u0259r bir \u00e7\u0259tin v\u0259ziyy\u0259td\u0259n \u0259n d\u00fczg\u00fcn \u00e7\u0131x\u0131\u015f yolu tapan Ulu \u00d6nd\u0259r Heyd\u0259r \u018fliyevin Az\u0259rbaycan tarixind\u0259ki v\u0259 beyn\u0259lxalq arenadak\u0131 rolundan, o c\u00fcml\u0259d\u0259n demokratik, h\u00fcquqi d\u00f6vl\u0259t quruculu\u011funda, \u00f6lk\u0259mizin q\u00fcdr\u0259tl\u0259nm\u0259sind\u0259, xalq\u0131n rifah\u0131n\u0131n y\u00fcks\u0259ldilm\u0259sind\u0259 misilsiz xidm\u0259tl\u0259rind\u0259n v\u0259 d\u00fcnya siyas\u0259tin\u0259 verdiyi t\u00f6hf\u0259l\u0259rd\u0259n dan\u0131\u015f\u0131b.<\/p>\n<p>Xanlar V\u0259liyev Ulu \u00d6nd\u0259r Heyd\u0259r \u018fliyevin \u0259n b\u00f6y\u00fck xidm\u0259tinin Az\u0259rbaycan\u0131n taleyind\u0259 m\u00fcst\u0259sna rolu olan, V\u0259t\u0259ninin v\u0259 xalq\u0131n\u0131n maraqlar\u0131n\u0131 h\u0259r \u015feyd\u0259n uca tutan Prezident \u0130lham \u018fliyev kimi b\u00fct\u00fcn ali b\u0259\u015f\u0259ri keyfiyy\u0259tl\u0259r\u0259 malik b\u00f6y\u00fck \u015f\u0259xsiyy\u0259t v\u0259 m\u00fcdrik r\u0259hb\u0259r haz\u0131rlamas\u0131 oldu\u011funu x\u00fcsusi vur\u011fulay\u0131b. \u00dcmummilli Liderin mill\u0259timizin v\u0259 d\u00f6vl\u0259timizin parlaq g\u0259l\u0259c\u0259yin\u0259 hesablanm\u0131\u015f m\u00fck\u0259mm\u0259l siyas\u0259tini yeni m\u00fcst\u0259vid\u0259 d\u00f6vr\u00fcn t\u0259l\u0259bl\u0259rin\u0259 uy\u011fun \u015f\u0259kild\u0259 u\u011furla davam etdir\u0259n Prezident \u0130lham \u018fliyevin r\u0259hb\u0259rliyi il\u0259 son 20 il \u0259rzind\u0259 g\u00f6r\u00fclm\u00fc\u015f n\u0259h\u0259ng i\u015fl\u0259rd\u0259n, d\u00fc\u015fm\u0259n tapda\u011f\u0131nda olan d\u0259d\u0259-baba torpaqlar\u0131m\u0131z\u0131n h\u0259rbi v\u0259 siyasi-diplomatik yolla i\u015f\u011faldan azad edilm\u0259sind\u0259n, V\u0259t\u0259n m\u00fcharib\u0259sind\u0259 Ali Ba\u015f Komandan\u0131n r\u0259hb\u0259rliyi il\u0259 h\u0259rb\u00e7il\u0259rimizin \u015fanl\u0131 tarix yazmas\u0131ndan, lokal xarakterli antiterror t\u0259dbirl\u0259rind\u0259n, el\u0259c\u0259 d\u0259 \u00f6lk\u0259mizd\u0259 h\u0259yata ke\u00e7irilmi\u015f h\u0259rt\u0259r\u0259fli k\u00f6kl\u00fc islahatlardan, b\u00fct\u00fcn sah\u0259l\u0259rd\u0259 \u0259ld\u0259 olunmu\u015f misli g\u00f6r\u00fcnm\u0259mi\u015f u\u011furlardan, iqtisadiyyat\u0131m\u0131z\u0131n g\u00fccl\u0259nm\u0259sind\u0259n b\u0259hs ed\u0259n h\u0259rbi prokuror b\u00fct\u00fcn bunlar\u0131n Prezidentin iti z\u0259kas\u0131, y\u00fcks\u0259k erudisiyas\u0131, m\u00fck\u0259mm\u0259l r\u0259hb\u0259rliyi, q\u0259tiyy\u0259ti, yorulmaz f\u0259aliyy\u0259ti, xalq\u0131n m\u00fcdrikliyi v\u0259 \u0259zmkarl\u0131\u011f\u0131 say\u0259sind\u0259, el\u0259c\u0259 d\u0259 hakimiyy\u0259tl\u0259 xalq aras\u0131nda olan s\u0131x ba\u011fl\u0131l\u0131\u011f\u0131n n\u0259tic\u0259sind\u0259 m\u00fcmk\u00fcn oldu\u011funu vur\u011fulay\u0131b.<\/p>\n<p>T\u0259dbird\u0259 Milli M\u0259clisin deputatlar\u0131 Sabir R\u00fcst\u0259mxanl\u0131, Nizami C\u0259f\u0259rov, Cavid Osmanov, Kamil\u0259 \u018fliyeva, Fatma Y\u0131ld\u0131r\u0131m v\u0259 dig\u0259rl\u0259ri \u00e7\u0131x\u0131\u015f ed\u0259r\u0259k d\u00fcnya\u015f\u00f6hr\u0259tli siyas\u0259t\u00e7inin tarixd\u0259ki rolu, el\u0259c\u0259 d\u0259 V\u0259t\u0259ni v\u0259 xalq\u0131 qar\u015f\u0131s\u0131ndak\u0131 misilsiz xidm\u0259tl\u0259ri bar\u0259d\u0259 dan\u0131\u015f\u0131blar.<\/p>\n<p>Sonda H\u0259rbi prokuror Xanlar V\u0259liyev qeyd edib ki, d\u0259y\u0259rli v\u0259 m\u0259nal\u0131 \u00f6mr\u00fcn\u00fc V\u0259t\u0259nin\u0259 h\u0259sr ed\u0259r\u0259k, mill\u0259ti qar\u015f\u0131s\u0131nda m\u00fcst\u0259sna xidm\u0259tl\u0259r g\u00f6st\u0259rm\u0259kl\u0259 xalq\u0131m\u0131z\u0131n \u00dcmummilli Lideri ad\u0131n\u0131 qazanm\u0131\u015f d\u00fcnya siyas\u0259tinin parlaq simas\u0131 Ulu \u00d6nd\u0259r Heyd\u0259r \u018fliyev tarixd\u0259 v\u0259 hafiz\u0259l\u0259rd\u0259 \u0259b\u0259di olaraq qalacaq, n\u0259h\u0259ng tarixi \u015f\u0259xsiyy\u0259tin \u0259ziz v\u0259 unudulmaz xatir\u0259si h\u0259r zaman b\u00f6y\u00fck ehtiramla yad edil\u0259c\u0259k.<\/p>\n<p>T\u0259dbir \u00dcmummilli Lider Heyd\u0259r \u018fliyevin h\u0259yat v\u0259 f\u0259aliyy\u0259tind\u0259n b\u0259hs ed\u0259n filmin n\u00fcmayi\u015fi il\u0259 ba\u015fa \u00e7at\u0131b.<\/p>\n<div><img class=\"img-responsive\" title=\"\" src=\"https:\/\/qafqazinfo.az\/uploads\/1715094417\/1715093545524062972_1200x630.jpg\" alt=\"\" \/><br \/>\n<img class=\"img-responsive\" title=\"\" src=\"https:\/\/qafqazinfo.az\/uploads\/1715094417\/1715093545494791401_1200x630.jpg\" alt=\"\" \/><br \/>\n<img class=\"img-responsive\" title=\"\" src=\"https:\/\/qafqazinfo.az\/uploads\/1715094417\/17150935454291863208_1200x630.jpg\" alt=\"\" \/><br \/>\n<img class=\"img-responsive\" title=\"\" src=\"https:\/\/qafqazinfo.az\/uploads\/1715094417\/1715093545614762832_1200x630.jpg\" alt=\"\" \/><br \/>\n<img class=\"img-responsive\" title=\"\" src=\"https:\/\/qafqazinfo.az\/uploads\/1715094417\/17150935454466734465_1200x630.jpg\" alt=\"\" \/><\/div>\n","protected":false},"excerpt":{"rendered":"<p>May\u0131n 7-d\u0259 H\u0259rbi Prokurorluqda m\u00fcasir Az\u0259rbaycan d\u00f6vl\u0259tinin memar\u0131 v\u0259 qurucusu, xalq\u0131m\u0131z\u0131n \u00dcmummilli Lideri Heyd\u0259r \u018fliyevin anadan olmas\u0131n\u0131n 101-ci ild\u00f6n\u00fcm\u00fc m\u00fcnasib\u0259til\u0259 t\u0259dbir ke\u00e7irilib. Bu bar\u0259d\u0259\u00a0Musavat.com-a H\u0259rbi Prokurorlu\u011fun m\u0259tbuat xidm\u0259tind\u0259n m\u0259lumat verilib. Bildirilib ki, \u0259vv\u0259lc\u0259 H\u0259rbi Prokurorlu\u011fun inzibati binas\u0131ndak\u0131 \u201cHeyd\u0259r \u018fliyev gu\u015f\u0259si\u201dnd\u0259 Ulu \u00d6nd\u0259r Heyd\u0259r \u018fliyevin b\u00fcst\u00fc \u00f6n\u00fcn\u0259 g\u00fcl d\u0259st\u0259l\u0259ri d\u00fcz\u00fcl\u0259r\u0259k, dahi \u015f\u0259xsiyy\u0259tin parlaq xatir\u0259sin\u0259 d\u0259rin ehtiram ifad\u0259 olunub. M\u0259rasim i\u015ftirak\u00e7\u0131lar\u0131 d\u00fcnya \u015f\u00f6hr\u0259tli siyas\u0259t\u00e7inin v\u0259 \u015f\u0259hidl\u0259rimizin \u0259ziz v\u0259 unudulmaz xatir\u0259sini bir d\u0259qiq\u0259lik s\u00fckutla yad edib, qazil\u0259r\u0259 \u015f\u0259fa dil\u0259yibl\u0259r. T\u0259dbird\u0259 Ba\u015f prokurorun m\u00fcavini \u2013 respublikan\u0131n h\u0259rbi prokuroru, \u0259dliyy\u0259 general-leytenant\u0131 Xanlar V\u0259liyev \u00e7\u0131x\u0131\u015f ed\u0259r\u0259k&hellip;<\/p>\n","protected":false},"author":2,"featured_media":719611,"comment_status":"closed","ping_status":"closed","sticky":false,"template":"","format":"standard","meta":{"om_disable_all_campaigns":false,"_monsterinsights_skip_tracking":false,"_monsterinsights_sitenote_active":false,"_monsterinsights_sitenote_note":"","_monsterinsights_sitenote_category":0},"categories":[1],"tags":[],"aioseo_notices":[],"gutentor_comment":0,"rttpg_featured_image_url":{"full":["https:\/\/arantv.az\/wp-content\/uploads\/2024\/05\/4bee026c1b393e2a65664fc32619a78f.jpg",637,400,false],"landscape":["https:\/\/arantv.az\/wp-content\/uploads\/2024\/05\/4bee026c1b393e2a65664fc32619a78f.jpg",637,400,false],"portraits":["https:\/\/arantv.az\/wp-content\/uploads\/2024\/05\/4bee026c1b393e2a65664fc32619a78f.jpg",637,400,false],"thumbnail":["https:\/\/arantv.az\/wp-content\/uploads\/2024\/05\/4bee026c1b393e2a65664fc32619a78f-500x280.jpg",500,280,true],"medium":["https:\/\/arantv.az\/wp-content\/uploads\/2024\/05\/4bee026c1b393e2a65664fc32619a78f-581x365.jpg",581,365,true],"large":["https:\/\/arantv.az\/wp-content\/uploads\/2024\/05\/4bee026c1b393e2a65664fc32619a78f.jpg",637,400,false],"1536x1536":["https:\/\/arantv.az\/wp-content\/uploads\/2024\/05\/4bee026c1b393e2a65664fc32619a78f.jpg",637,400,false],"2048x2048":["https:\/\/arantv.az\/wp-content\/uploads\/2024\/05\/4bee026c1b393e2a65664fc32619a78f.jpg",637,400,false],"post-thumbnail":["https:\/\/arantv.az\/wp-content\/uploads\/2024\/05\/4bee026c1b393e2a65664fc32619a78f-240x172.jpg",240,172,true],"advps-thumb-one":["https:\/\/arantv.az\/wp-content\/uploads\/2024\/05\/4bee026c1b393e2a65664fc32619a78f.jpg",637,400,false]},"rttpg_author":{"display_name":"V\u00fcsal Rafiqo\u011flu","author_link":"https:\/\/arantv.az\/?author=2"},"rttpg_comment":0,"rttpg_category":"<a href=\"https:\/\/arantv.az\/?cat=1\" rel=\"category\">C\u0259miyy\u0259t<\/a>","rttpg_excerpt":"May\u0131n 7-d\u0259 H\u0259rbi Prokurorluqda m\u00fcasir Az\u0259rbaycan d\u00f6vl\u0259tinin memar\u0131 v\u0259 qurucusu, xalq\u0131m\u0131z\u0131n \u00dcmummilli Lideri Heyd\u0259r \u018fliyevin anadan olmas\u0131n\u0131n 101-ci ild\u00f6n\u00fcm\u00fc m\u00fcnasib\u0259til\u0259 t\u0259dbir ke\u00e7irilib. Bu bar\u0259d\u0259\u00a0Musavat.com-a H\u0259rbi Prokurorlu\u011fun m\u0259tbuat xidm\u0259tind\u0259n m\u0259lumat verilib. Bildirilib ki, \u0259vv\u0259lc\u0259 H\u0259rbi Prokurorlu\u011fun inzibati binas\u0131ndak\u0131 \u201cHeyd\u0259r \u018fliyev gu\u015f\u0259si\u201dnd\u0259 Ulu \u00d6nd\u0259r Heyd\u0259r \u018fliyevin b\u00fcst\u00fc \u00f6n\u00fcn\u0259 g\u00fcl d\u0259st\u0259l\u0259ri d\u00fcz\u00fcl\u0259r\u0259k, dahi \u015f\u0259xsiyy\u0259tin parlaq xatir\u0259sin\u0259 d\u0259rin ehtiram&hellip;","_links":{"self":[{"href":"https:\/\/arantv.az\/index.php?rest_route=\/wp\/v2\/posts\/719610"}],"collection":[{"href":"https:\/\/arantv.az\/index.php?rest_route=\/wp\/v2\/posts"}],"about":[{"href":"https:\/\/arantv.az\/index.php?rest_route=\/wp\/v2\/types\/post"}],"author":[{"embeddable":true,"href":"https:\/\/arantv.az\/index.php?rest_route=\/wp\/v2\/users\/2"}],"replies":[{"embeddable":true,"href":"https:\/\/arantv.az\/index.php?rest_route=%2Fwp%2Fv2%2Fcomments&post=719610"}],"version-history":[{"count":0,"href":"https:\/\/arantv.az\/index.php?rest_route=\/wp\/v2\/posts\/719610\/revisions"}],"wp:featuredmedia":[{"embeddable":true,"href":"https:\/\/arantv.az\/index.php?rest_route=\/wp\/v2\/media\/719611"}],"wp:attachment":[{"href":"https:\/\/arantv.az\/index.php?rest_route=%2Fwp%2Fv2%2Fmedia&parent=719610"}],"wp:term":[{"taxonomy":"category","embeddable":true,"href":"https:\/\/arantv.az\/index.php?rest_route=%2Fwp%2Fv2%2Fcategories&post=719610"},{"taxonomy":"post_tag","embeddable":true,"href":"https:\/\/arantv.az\/index.php?rest_route=%2Fwp%2Fv2%2Ftags&post=719610"}],"curies":[{"name":"wp","href":"https:\/\/api.w.org\/{rel}","templated":true}]}}