{"id":719613,"date":"2024-05-07T19:48:35","date_gmt":"2024-05-07T15:48:35","guid":{"rendered":"https:\/\/arantv.az\/?p=719613"},"modified":"2024-05-07T19:48:35","modified_gmt":"2024-05-07T15:48:35","slug":"mayda-qis-havasi-biz%c9%99-n%c9%99-v%c9%99d-edir-ekspert-aciqladi","status":"publish","type":"post","link":"https:\/\/arantv.az\/?p=719613","title":{"rendered":"Mayda q\u0131\u015f havas\u0131 biz\u0259 n\u0259 v\u0259d edir? &#8211; Ekspert a\u00e7\u0131qlad\u0131"},"content":{"rendered":"<p><strong>Haz\u0131rda Az\u0259rbaycanda qeyri-sabit hava \u015f\u0259raiti h\u00f6km s\u00fcr\u00fcr. Milli Hidrometeorologiya Xidm\u0259tinin m\u0259lumat\u0131na g\u00f6r\u0259, G\u0259d\u0259b\u0259y, Quba, \u015e\u0259ki, Qax, \u0130mi\u015fli, Bil\u0259suvar, Neft\u00e7ala, Sabirabad, C\u0259f\u0259rxan, Astara, Yard\u0131ml\u0131, Lerik, L\u0259nk\u0259randa ya\u011f\u0131\u015f, \u015eahda\u011fda qar ya\u011f\u0131b. May ay\u0131nda bu c\u00fcr hava \u015f\u0259raitinin olmas\u0131 insanlar\u0131n narahatl\u0131\u011f\u0131na s\u0259b\u0259b olub.<\/strong><\/p>\n<p>Ekoloq Qorxmaz \u0130brahimli\u00a0Publika.az-a qlobal iqlim d\u0259yi\u015fikliyinin qeyri-sabit hava \u015f\u0259raitind\u0259ki rolunu izah edib:<\/p>\n<p>\u201c\u0130ll\u0259rin f\u0259sill\u0259ri h\u0259r zaman oldu\u011fu kimi t\u0259krarlanm\u0131r. \u00d6t\u0259n il v\u0259 ya ondan \u0259vv\u0259lki il eyni d\u00f6vrd\u0259 olan orta ayl\u0131q h\u0259rar\u0259t, ya\u011f\u0131nt\u0131 bu il daha f\u0259rqli ola bil\u0259r. Bu, normal \u0259lam\u0259tdir. Lakin indi x\u00fcsus\u0259n iqlim d\u0259yi\u015fiklikl\u0259ri il\u0259 ba\u011fl\u0131 insanlar\u0131n beynind\u0259 yarad\u0131lan qorxu fonunda daha da narahat olma\u011fa ba\u015flay\u0131r\u0131q. \u0130qlim d\u0259yi\u015fikliyinin yava\u015flamas\u0131 v\u0259 ya \u0259n az\u0131ndan m\u00fc\u0259yy\u0259n arealda normalla\u015fmas\u0131 \u00fc\u00e7\u00fcn h\u0259r\u0259k\u0259t\u0259 ke\u00e7m\u0259k \u0259v\u0259zin\u0259 h\u0259y\u0259canlanmaq biz\u0259 bir fayda verm\u0259z\u201d.<\/p>\n<p><img loading=\"lazy\" src=\"https:\/\/publika.az\/storage\/2024\/05\/07\/96d8a900-2295-4ae5-bc1d-83122eac7ac1.jpg\" alt=\"\" width=\"550\" height=\"310\" \/><\/p>\n<p>Ekoloq qeyd edib ki, haz\u0131rda ba\u015f ver\u0259n t\u0259bi\u0259t hadis\u0259l\u0259ri \u0259slind\u0259 g\u00f6zl\u0259nil\u0259ndir:<\/p>\n<p>\u201cAprel ay\u0131n\u0131n h\u0259dd\u0259n \u00e7ox isti ke\u00e7m\u0259si bu c\u00fcr ya\u011fmurlu, anomal hava \u015f\u0259raitinin yaranaca\u011f\u0131ndan x\u0259b\u0259r verirdi. B\u0259zi \u0259razil\u0259rimizd\u0259 dolu ya\u011fmas\u0131 da Aprel ay\u0131n\u0131n anomal istisinin sonucudur. Eyni zamanda, Avropa v\u0259 Aral\u0131q d\u0259nizi h\u00f6vz\u0259sin\u0259 daxil olmu\u015f soyuq v\u0259 ya\u011f\u0131nt\u0131l\u0131 hava k\u00fctl\u0259l\u0259ri d\u0259 \u00f6lk\u0259miz\u0259 g\u0259lib \u00e7at\u0131b. Yerl\u0259\u015fdiyimiz m\u00fclayim subtropik qur\u015faqda \u00e7ox da ciddi bir t\u0259bii f\u0259lak\u0259t hal\u0131 ba\u015f vermir. \u018flb\u0259tt\u0259, ba\u015f ver\u0259n t\u0259bi\u0259t hadis\u0259l\u0259rind\u0259 qlobal iqlim d\u0259yi\u015fiklikl\u0259rinin d\u0259 pay\u0131 var. Bu, x\u00fcsusil\u0259 f\u0259sill\u0259rin ba\u015flan\u011f\u0131c\u0131nda v\u0259 sonunda \u00f6z\u00fcn\u00fc g\u00f6st\u0259rir\u201d.<\/p>\n<p>Qorxmaz \u0130brahimli t\u00f6vsiy\u0259 edir ki, panikaya qap\u0131lmamaq, m\u00f6vcud hava \u015f\u0259raitin\u0259 uy\u011fun geyinm\u0259k v\u0259 qidalanmaq, nikbin ruhda ya\u015famaq laz\u0131md\u0131r. Ekspert yax\u0131nda havalar\u0131n yenid\u0259n isin\u0259c\u0259yini bildirib.<\/p>\n<p>Qeyd ed\u0259k ki, Milli Hidrometeorologiya Xidm\u0259tinin m\u0259lumat\u0131na \u0259sas\u0259n, haz\u0131rda \u00f6lk\u0259 \u0259razisind\u0259 m\u00fc\u015fahid\u0259 olunan k\u00fcl\u0259kli, ya\u011f\u0131\u015fl\u0131 hava \u015f\u0259raiti may\u0131n 9-d\u0259k davam ed\u0259c\u0259k.<\/p>\n","protected":false},"excerpt":{"rendered":"<p>Haz\u0131rda Az\u0259rbaycanda qeyri-sabit hava \u015f\u0259raiti h\u00f6km s\u00fcr\u00fcr. Milli Hidrometeorologiya Xidm\u0259tinin m\u0259lumat\u0131na g\u00f6r\u0259, G\u0259d\u0259b\u0259y, Quba, \u015e\u0259ki, Qax, \u0130mi\u015fli, Bil\u0259suvar, Neft\u00e7ala, Sabirabad, C\u0259f\u0259rxan, Astara, Yard\u0131ml\u0131, Lerik, L\u0259nk\u0259randa ya\u011f\u0131\u015f, \u015eahda\u011fda qar ya\u011f\u0131b. May ay\u0131nda bu c\u00fcr hava \u015f\u0259raitinin olmas\u0131 insanlar\u0131n narahatl\u0131\u011f\u0131na s\u0259b\u0259b olub. Ekoloq Qorxmaz \u0130brahimli\u00a0Publika.az-a qlobal iqlim d\u0259yi\u015fikliyinin qeyri-sabit hava \u015f\u0259raitind\u0259ki rolunu izah edib: \u201c\u0130ll\u0259rin f\u0259sill\u0259ri h\u0259r zaman oldu\u011fu kimi t\u0259krarlanm\u0131r. \u00d6t\u0259n il v\u0259 ya ondan \u0259vv\u0259lki il eyni d\u00f6vrd\u0259 olan orta ayl\u0131q h\u0259rar\u0259t, ya\u011f\u0131nt\u0131 bu il daha f\u0259rqli ola bil\u0259r. Bu, normal \u0259lam\u0259tdir. Lakin indi x\u00fcsus\u0259n iqlim d\u0259yi\u015fiklikl\u0259ri il\u0259 ba\u011fl\u0131 insanlar\u0131n&hellip;<\/p>\n","protected":false},"author":2,"featured_media":719614,"comment_status":"closed","ping_status":"closed","sticky":false,"template":"","format":"standard","meta":{"om_disable_all_campaigns":false,"_monsterinsights_skip_tracking":false,"_monsterinsights_sitenote_active":false,"_monsterinsights_sitenote_note":"","_monsterinsights_sitenote_category":0},"categories":[1],"tags":[],"aioseo_notices":[],"gutentor_comment":0,"rttpg_featured_image_url":{"full":["https:\/\/arantv.az\/wp-content\/uploads\/2024\/05\/c2a55c3ed92653c0a214f67b9ab92a6f.jpg",870,500,false],"landscape":["https:\/\/arantv.az\/wp-content\/uploads\/2024\/05\/c2a55c3ed92653c0a214f67b9ab92a6f.jpg",870,500,false],"portraits":["https:\/\/arantv.az\/wp-content\/uploads\/2024\/05\/c2a55c3ed92653c0a214f67b9ab92a6f.jpg",870,500,false],"thumbnail":["https:\/\/arantv.az\/wp-content\/uploads\/2024\/05\/c2a55c3ed92653c0a214f67b9ab92a6f-500x280.jpg",500,280,true],"medium":["https:\/\/arantv.az\/wp-content\/uploads\/2024\/05\/c2a55c3ed92653c0a214f67b9ab92a6f-635x365.jpg",635,365,true],"large":["https:\/\/arantv.az\/wp-content\/uploads\/2024\/05\/c2a55c3ed92653c0a214f67b9ab92a6f-840x483.jpg",640,368,true],"1536x1536":["https:\/\/arantv.az\/wp-content\/uploads\/2024\/05\/c2a55c3ed92653c0a214f67b9ab92a6f.jpg",870,500,false],"2048x2048":["https:\/\/arantv.az\/wp-content\/uploads\/2024\/05\/c2a55c3ed92653c0a214f67b9ab92a6f.jpg",870,500,false],"post-thumbnail":["https:\/\/arantv.az\/wp-content\/uploads\/2024\/05\/c2a55c3ed92653c0a214f67b9ab92a6f-240x172.jpg",240,172,true],"advps-thumb-one":["https:\/\/arantv.az\/wp-content\/uploads\/2024\/05\/c2a55c3ed92653c0a214f67b9ab92a6f.jpg",870,500,false]},"rttpg_author":{"display_name":"V\u00fcsal Rafiqo\u011flu","author_link":"https:\/\/arantv.az\/?author=2"},"rttpg_comment":0,"rttpg_category":"<a href=\"https:\/\/arantv.az\/?cat=1\" rel=\"category\">C\u0259miyy\u0259t<\/a>","rttpg_excerpt":"Haz\u0131rda Az\u0259rbaycanda qeyri-sabit hava \u015f\u0259raiti h\u00f6km s\u00fcr\u00fcr. Milli Hidrometeorologiya Xidm\u0259tinin m\u0259lumat\u0131na g\u00f6r\u0259, G\u0259d\u0259b\u0259y, Quba, \u015e\u0259ki, Qax, \u0130mi\u015fli, Bil\u0259suvar, Neft\u00e7ala, Sabirabad, C\u0259f\u0259rxan, Astara, Yard\u0131ml\u0131, Lerik, L\u0259nk\u0259randa ya\u011f\u0131\u015f, \u015eahda\u011fda qar ya\u011f\u0131b. May ay\u0131nda bu c\u00fcr hava \u015f\u0259raitinin olmas\u0131 insanlar\u0131n narahatl\u0131\u011f\u0131na s\u0259b\u0259b olub. Ekoloq Qorxmaz \u0130brahimli\u00a0Publika.az-a qlobal iqlim d\u0259yi\u015fikliyinin qeyri-sabit hava \u015f\u0259raitind\u0259ki rolunu izah edib: \u201c\u0130ll\u0259rin f\u0259sill\u0259ri h\u0259r&hellip;","_links":{"self":[{"href":"https:\/\/arantv.az\/index.php?rest_route=\/wp\/v2\/posts\/719613"}],"collection":[{"href":"https:\/\/arantv.az\/index.php?rest_route=\/wp\/v2\/posts"}],"about":[{"href":"https:\/\/arantv.az\/index.php?rest_route=\/wp\/v2\/types\/post"}],"author":[{"embeddable":true,"href":"https:\/\/arantv.az\/index.php?rest_route=\/wp\/v2\/users\/2"}],"replies":[{"embeddable":true,"href":"https:\/\/arantv.az\/index.php?rest_route=%2Fwp%2Fv2%2Fcomments&post=719613"}],"version-history":[{"count":0,"href":"https:\/\/arantv.az\/index.php?rest_route=\/wp\/v2\/posts\/719613\/revisions"}],"wp:featuredmedia":[{"embeddable":true,"href":"https:\/\/arantv.az\/index.php?rest_route=\/wp\/v2\/media\/719614"}],"wp:attachment":[{"href":"https:\/\/arantv.az\/index.php?rest_route=%2Fwp%2Fv2%2Fmedia&parent=719613"}],"wp:term":[{"taxonomy":"category","embeddable":true,"href":"https:\/\/arantv.az\/index.php?rest_route=%2Fwp%2Fv2%2Fcategories&post=719613"},{"taxonomy":"post_tag","embeddable":true,"href":"https:\/\/arantv.az\/index.php?rest_route=%2Fwp%2Fv2%2Ftags&post=719613"}],"curies":[{"name":"wp","href":"https:\/\/api.w.org\/{rel}","templated":true}]}}